{"id":21033,"date":"2016-10-26T10:12:37","date_gmt":"2016-10-26T09:12:37","guid":{"rendered":"http:\/\/karin.stampis.com\/blog\/?p=21033"},"modified":"2016-10-26T10:12:37","modified_gmt":"2016-10-26T09:12:37","slug":"4-arsdagen","status":"publish","type":"post","link":"http:\/\/karin.stampis.com\/blog\/?p=21033","title":{"rendered":"4-\u00e5rsdagen"},"content":{"rendered":"<p>Denna g\u00e5ngen fyllde Alfred \u00e5r p\u00e5 en s\u00f6ndag, s\u00e5 vi hade m\u00f6jlighet att ha b\u00e5de en lugn morgon med present\u00f6ppninng och fest samma dag \ud83d\ude42 .<\/p>\n<p>H\u00e4r \u00e4r det f\u00f6rsta kortet som togs p\u00e5 4-\u00e5ringen. Han f\u00f6ddes ju redan kl 00:20 s\u00e5 han blir 4 \u00e5r tidigt p\u00e5 sin\u00a0f\u00f6delsedag (till skillnad fr\u00e5n brorsan som f\u00f6ddes kl 23.10 &#8211; inte helt otippat att de \u00e4r nattugglor!). T\u00e4nkte dock inte s\u00e5 mycket p\u00e5 att han fyllt 4 d\u00e5 jag tog fotot, t\u00e4nkte snarare p\u00e5 hans lustiga sovst\u00e4llning.<\/p>\n<p><a href=\"http:\/\/karin.stampis.com\/blog\/wp-content\/uploads\/2016\/10\/DSC_0930-1.jpg\"><img loading=\"lazy\" decoding=\"async\" class=\"aligncenter size-full wp-image-21037\" src=\"http:\/\/karin.stampis.com\/blog\/wp-content\/uploads\/2016\/10\/DSC_0930-1.jpg\" alt=\"dsc_0930\" width=\"600\" height=\"273\" srcset=\"http:\/\/karin.stampis.com\/blog\/wp-content\/uploads\/2016\/10\/DSC_0930-1.jpg 600w, http:\/\/karin.stampis.com\/blog\/wp-content\/uploads\/2016\/10\/DSC_0930-1-360x164.jpg 360w\" sizes=\"auto, (max-width: 600px) 100vw, 600px\" \/><\/a><\/p>\n<p>P\u00e5 morgonen vaknade han tidigare \u00e4n vad vi gjorde, trots att vi st\u00e4llt klockan. Ganska typiskt d\u00e5 han varit super-morgonseg under veckan&#8230; S\u00e5 vi fick f\u00f6sa in honom i s\u00e4ngen igen. Sen\u00a0kom vi sjungande in i hans rum med paket och tekaka med ett ljus p\u00e5. Han l\u00e5tsades sova d\u00e5 vi kom in, \u00a0eller s\u00e5 f\u00f6rs\u00f6ker han skydda sig fr\u00e5n oljudet \ud83d\ude09<\/p>\n<p><a href=\"http:\/\/karin.stampis.com\/blog\/wp-content\/uploads\/2016\/10\/DSC04658.jpg\"><img loading=\"lazy\" decoding=\"async\" class=\"aligncenter size-full wp-image-21041\" src=\"http:\/\/karin.stampis.com\/blog\/wp-content\/uploads\/2016\/10\/DSC04658.jpg\" alt=\"dsc04658\" width=\"600\" height=\"407\" srcset=\"http:\/\/karin.stampis.com\/blog\/wp-content\/uploads\/2016\/10\/DSC04658.jpg 600w, http:\/\/karin.stampis.com\/blog\/wp-content\/uploads\/2016\/10\/DSC04658-360x244.jpg 360w\" sizes=\"auto, (max-width: 600px) 100vw, 600px\" \/><\/a><\/p>\n<p><a href=\"http:\/\/karin.stampis.com\/blog\/wp-content\/uploads\/2016\/10\/DSC_0932.jpg\"><img loading=\"lazy\" decoding=\"async\" class=\"aligncenter size-large wp-image-21038\" src=\"http:\/\/karin.stampis.com\/blog\/wp-content\/uploads\/2016\/10\/DSC_0932.jpg\" alt=\"dsc_0932\" width=\"600\" height=\"452\" srcset=\"http:\/\/karin.stampis.com\/blog\/wp-content\/uploads\/2016\/10\/DSC_0932.jpg 600w, http:\/\/karin.stampis.com\/blog\/wp-content\/uploads\/2016\/10\/DSC_0932-360x271.jpg 360w\" sizes=\"auto, (max-width: 600px) 100vw, 600px\" \/><\/a><\/p>\n<p>Sen blev det paket\u00f6ppning. Viktor\u00a0och Herr Nilsson \u00e4r ocks\u00e5 med. Herr Nilsson \u00e4r en apa som bor p\u00e5 f\u00f6rskolan, men p\u00e5 helgerna k\u00e4nner han sig ensam, s\u00e5 han f\u00f6ljer med ett barn hem varje helg. Bra timing att han fick vara med p\u00e5 Alfreds f\u00f6delsedag! H\u00e4r visar Alfred hur\u00a0mycket han fyller idag.<\/p>\n<p><a href=\"http:\/\/karin.stampis.com\/blog\/wp-content\/uploads\/2016\/10\/DSC_0971.jpg\"><img loading=\"lazy\" decoding=\"async\" class=\"aligncenter size-large wp-image-21039\" src=\"http:\/\/karin.stampis.com\/blog\/wp-content\/uploads\/2016\/10\/DSC_0971.jpg\" alt=\"dsc_0971\" width=\"600\" height=\"366\" srcset=\"http:\/\/karin.stampis.com\/blog\/wp-content\/uploads\/2016\/10\/DSC_0971.jpg 600w, http:\/\/karin.stampis.com\/blog\/wp-content\/uploads\/2016\/10\/DSC_0971-360x220.jpg 360w\" sizes=\"auto, (max-width: 600px) 100vw, 600px\" \/><\/a><\/p>\n<p>Alfred blev glad \u00f6ver alla presenter och sa &#8220;Precis vad jag ville ha!&#8221; om allt. Morgonens popul\u00e4raste paket var\u00a0b\u00e5ten han fick fr\u00e5n farfar och Torni.<\/p>\n<p><a href=\"http:\/\/karin.stampis.com\/blog\/wp-content\/uploads\/2016\/10\/DSC_0976.jpg\"><img loading=\"lazy\" decoding=\"async\" class=\"aligncenter size-large wp-image-21040\" src=\"http:\/\/karin.stampis.com\/blog\/wp-content\/uploads\/2016\/10\/DSC_0976.jpg\" alt=\"dsc_0976\" width=\"600\" height=\"546\" srcset=\"http:\/\/karin.stampis.com\/blog\/wp-content\/uploads\/2016\/10\/DSC_0976.jpg 600w, http:\/\/karin.stampis.com\/blog\/wp-content\/uploads\/2016\/10\/DSC_0976-360x328.jpg 360w\" sizes=\"auto, (max-width: 600px) 100vw, 600px\" \/><\/a><\/p>\n<p>Den ville han testa med en g\u00e5ng.<\/p>\n<p><a href=\"http:\/\/karin.stampis.com\/blog\/wp-content\/uploads\/2016\/10\/DSC_0983-1.jpg\"><img loading=\"lazy\" decoding=\"async\" class=\"aligncenter size-full wp-image-21042\" src=\"http:\/\/karin.stampis.com\/blog\/wp-content\/uploads\/2016\/10\/DSC_0983-1.jpg\" alt=\"dsc_0983\" width=\"600\" height=\"338\" srcset=\"http:\/\/karin.stampis.com\/blog\/wp-content\/uploads\/2016\/10\/DSC_0983-1.jpg 600w, http:\/\/karin.stampis.com\/blog\/wp-content\/uploads\/2016\/10\/DSC_0983-1-360x203.jpg 360w\" sizes=\"auto, (max-width: 600px) 100vw, 600px\" \/><\/a><\/p>\n<p>P\u00e5 eftermiddagen var det kalas f\u00f6r sl\u00e4ktingarna som bor i n\u00e4rheten. Alfred fick en massa fina presenter!<\/p>\n<p><a href=\"http:\/\/karin.stampis.com\/blog\/wp-content\/uploads\/2016\/10\/DSC04659.jpg\"><img loading=\"lazy\" decoding=\"async\" class=\"aligncenter size-full wp-image-21044\" src=\"http:\/\/karin.stampis.com\/blog\/wp-content\/uploads\/2016\/10\/DSC04659.jpg\" alt=\"dsc04659\" width=\"361\" height=\"600\" srcset=\"http:\/\/karin.stampis.com\/blog\/wp-content\/uploads\/2016\/10\/DSC04659.jpg 361w, http:\/\/karin.stampis.com\/blog\/wp-content\/uploads\/2016\/10\/DSC04659-217x360.jpg 217w\" sizes=\"auto, (max-width: 361px) 100vw, 361px\" \/><\/a><\/p>\n<p>T\u00e5rta!<\/p>\n<p><a href=\"http:\/\/karin.stampis.com\/blog\/wp-content\/uploads\/2016\/10\/DSC04665.jpg\"><img loading=\"lazy\" decoding=\"async\" class=\"aligncenter size-large wp-image-21045\" src=\"http:\/\/karin.stampis.com\/blog\/wp-content\/uploads\/2016\/10\/DSC04665.jpg\" alt=\"dsc04665\" width=\"600\" height=\"412\" srcset=\"http:\/\/karin.stampis.com\/blog\/wp-content\/uploads\/2016\/10\/DSC04665.jpg 600w, http:\/\/karin.stampis.com\/blog\/wp-content\/uploads\/2016\/10\/DSC04665-360x247.jpg 360w\" sizes=\"auto, (max-width: 600px) 100vw, 600px\" \/><\/a><\/p>\n<p><a href=\"http:\/\/karin.stampis.com\/blog\/wp-content\/uploads\/2016\/10\/DSC04668.jpg\"><img loading=\"lazy\" decoding=\"async\" class=\"aligncenter size-large wp-image-21046\" src=\"http:\/\/karin.stampis.com\/blog\/wp-content\/uploads\/2016\/10\/DSC04668.jpg\" alt=\"dsc04668\" width=\"571\" height=\"600\" srcset=\"http:\/\/karin.stampis.com\/blog\/wp-content\/uploads\/2016\/10\/DSC04668.jpg 571w, http:\/\/karin.stampis.com\/blog\/wp-content\/uploads\/2016\/10\/DSC04668-343x360.jpg 343w\" sizes=\"auto, (max-width: 571px) 100vw, 571px\" \/><\/a><\/p>\n<p>Alfred blev mycket besviken d\u00e5 jag sa att det inte skulle vara fiskedamm p\u00e5 denna festen, utan bara p\u00e5 barnkalaset som\u00a0\u00e4r n\u00e4sta helg. Men det visade sig att jag hade saker hemma till fiskedamm f\u00f6r tv\u00e5 barn, s\u00e5 det fick bli en spontan variant.<\/p>\n<p><a href=\"http:\/\/karin.stampis.com\/blog\/wp-content\/uploads\/2016\/10\/DSC04677.jpg\"><img loading=\"lazy\" decoding=\"async\" class=\"aligncenter size-large wp-image-21047\" src=\"http:\/\/karin.stampis.com\/blog\/wp-content\/uploads\/2016\/10\/DSC04677.jpg\" alt=\"dsc04677\" width=\"399\" height=\"600\" srcset=\"http:\/\/karin.stampis.com\/blog\/wp-content\/uploads\/2016\/10\/DSC04677.jpg 399w, http:\/\/karin.stampis.com\/blog\/wp-content\/uploads\/2016\/10\/DSC04677-239x360.jpg 239w\" sizes=\"auto, (max-width: 399px) 100vw, 399px\" \/><\/a><\/p>\n<p>&nbsp;<\/p>\n","protected":false},"excerpt":{"rendered":"<p>Denna g\u00e5ngen fyllde Alfred \u00e5r p\u00e5 en s\u00f6ndag, s\u00e5 vi hade m\u00f6jlighet att ha b\u00e5de en lugn morgon med present\u00f6ppninng och fest samma dag \ud83d\ude42 . H\u00e4r \u00e4r det f\u00f6rsta kortet som togs p\u00e5 4-\u00e5ringen. Han f\u00f6ddes ju redan kl &hellip; <a href=\"http:\/\/karin.stampis.com\/blog\/?p=21033\">Continue reading <span class=\"meta-nav\">&rarr;<\/span><\/a><\/p>\n","protected":false},"author":1,"featured_media":0,"comment_status":"open","ping_status":"open","sticky":false,"template":"","format":"standard","meta":{"footnotes":""},"categories":[389,322,353,412],"tags":[],"class_list":["post-21033","post","type-post","status-publish","format-standard","hentry","category-389","category-alfred","category-alfred-fyller-ar","category-oktober-2016"],"_links":{"self":[{"href":"http:\/\/karin.stampis.com\/blog\/index.php?rest_route=\/wp\/v2\/posts\/21033","targetHints":{"allow":["GET"]}}],"collection":[{"href":"http:\/\/karin.stampis.com\/blog\/index.php?rest_route=\/wp\/v2\/posts"}],"about":[{"href":"http:\/\/karin.stampis.com\/blog\/index.php?rest_route=\/wp\/v2\/types\/post"}],"author":[{"embeddable":true,"href":"http:\/\/karin.stampis.com\/blog\/index.php?rest_route=\/wp\/v2\/users\/1"}],"replies":[{"embeddable":true,"href":"http:\/\/karin.stampis.com\/blog\/index.php?rest_route=%2Fwp%2Fv2%2Fcomments&post=21033"}],"version-history":[{"count":4,"href":"http:\/\/karin.stampis.com\/blog\/index.php?rest_route=\/wp\/v2\/posts\/21033\/revisions"}],"predecessor-version":[{"id":21049,"href":"http:\/\/karin.stampis.com\/blog\/index.php?rest_route=\/wp\/v2\/posts\/21033\/revisions\/21049"}],"wp:attachment":[{"href":"http:\/\/karin.stampis.com\/blog\/index.php?rest_route=%2Fwp%2Fv2%2Fmedia&parent=21033"}],"wp:term":[{"taxonomy":"category","embeddable":true,"href":"http:\/\/karin.stampis.com\/blog\/index.php?rest_route=%2Fwp%2Fv2%2Fcategories&post=21033"},{"taxonomy":"post_tag","embeddable":true,"href":"http:\/\/karin.stampis.com\/blog\/index.php?rest_route=%2Fwp%2Fv2%2Ftags&post=21033"}],"curies":[{"name":"wp","href":"https:\/\/api.w.org\/{rel}","templated":true}]}}