{"id":21091,"date":"2016-11-04T10:45:37","date_gmt":"2016-11-04T09:45:37","guid":{"rendered":"http:\/\/karin.stampis.com\/blog\/?p=21091"},"modified":"2016-11-04T10:45:47","modified_gmt":"2016-11-04T09:45:47","slug":"kvallstur-i-skrylle","status":"publish","type":"post","link":"http:\/\/karin.stampis.com\/blog\/?p=21091","title":{"rendered":"Kv\u00e4llstur i Skrylle"},"content":{"rendered":"<p>En eftermiddag under veckan s\u00e5 passade jag p\u00e5 att \u00e5ka till Skrylle med grabbarna. Det var mysigt \ud83d\ude42 . Viktor sov och Alfred gick sn\u00e4llt och intresserat med mig\u00a0medans jag f\u00f6rs\u00f6kte l\u00e4ra honom lite biologi. Kv\u00e4llen fortl\u00f6pte mycket smidigare \u00e4n vanligt efter denna tur. Bra det d\u00e5 Jimmy var borta och jag var ensam nattningsansvarig.\u00a0J\u00e4ttebra att komma ut p\u00e5 lite utflykter efter f\u00f6rskoledagen \ud83d\ude42 .<\/p>\n<p><a href=\"http:\/\/karin.stampis.com\/blog\/wp-content\/uploads\/2016\/11\/DSC_1072.jpg\"><img loading=\"lazy\" decoding=\"async\" class=\"aligncenter size-full wp-image-21115\" src=\"http:\/\/karin.stampis.com\/blog\/wp-content\/uploads\/2016\/11\/DSC_1072.jpg\" alt=\"dsc_1072\" width=\"600\" height=\"338\" srcset=\"http:\/\/karin.stampis.com\/blog\/wp-content\/uploads\/2016\/11\/DSC_1072.jpg 600w, http:\/\/karin.stampis.com\/blog\/wp-content\/uploads\/2016\/11\/DSC_1072-360x203.jpg 360w\" sizes=\"auto, (max-width: 600px) 100vw, 600px\" \/><\/a><\/p>\n<p style=\"text-align: center;\"><em> Gillar att kolla p\u00e5 kartor<\/em><\/p>\n<p><a href=\"http:\/\/karin.stampis.com\/blog\/wp-content\/uploads\/2016\/11\/DSC_1073.jpg\"><img loading=\"lazy\" decoding=\"async\" class=\"aligncenter size-large wp-image-21116\" src=\"http:\/\/karin.stampis.com\/blog\/wp-content\/uploads\/2016\/11\/DSC_1073.jpg\" alt=\"dsc_1073\" width=\"600\" height=\"338\" srcset=\"http:\/\/karin.stampis.com\/blog\/wp-content\/uploads\/2016\/11\/DSC_1073.jpg 600w, http:\/\/karin.stampis.com\/blog\/wp-content\/uploads\/2016\/11\/DSC_1073-360x203.jpg 360w\" sizes=\"auto, (max-width: 600px) 100vw, 600px\" \/><\/a><\/p>\n<p style=\"text-align: center;\"><em> P\u00e5 tur<\/em><\/p>\n<p><a href=\"http:\/\/karin.stampis.com\/blog\/wp-content\/uploads\/2016\/11\/DSC_1074.jpg\"><img loading=\"lazy\" decoding=\"async\" class=\"aligncenter size-large wp-image-21117\" src=\"http:\/\/karin.stampis.com\/blog\/wp-content\/uploads\/2016\/11\/DSC_1074.jpg\" alt=\"dsc_1074\" width=\"330\" height=\"600\" srcset=\"http:\/\/karin.stampis.com\/blog\/wp-content\/uploads\/2016\/11\/DSC_1074.jpg 330w, http:\/\/karin.stampis.com\/blog\/wp-content\/uploads\/2016\/11\/DSC_1074-198x360.jpg 198w\" sizes=\"auto, (max-width: 330px) 100vw, 330px\" \/><\/a><\/p>\n<p style=\"text-align: center;\"><em>&#8220;Alfred, du kan v\u00e4l le d\u00e5 jag fotar dig?&#8221;<\/em><\/p>\n<p><a href=\"http:\/\/karin.stampis.com\/blog\/wp-content\/uploads\/2016\/11\/DSC_1076.jpg\"><img loading=\"lazy\" decoding=\"async\" class=\"aligncenter size-large wp-image-21118\" src=\"http:\/\/karin.stampis.com\/blog\/wp-content\/uploads\/2016\/11\/DSC_1076.jpg\" alt=\"dsc_1076\" width=\"600\" height=\"436\" srcset=\"http:\/\/karin.stampis.com\/blog\/wp-content\/uploads\/2016\/11\/DSC_1076.jpg 600w, http:\/\/karin.stampis.com\/blog\/wp-content\/uploads\/2016\/11\/DSC_1076-360x262.jpg 360w\" sizes=\"auto, (max-width: 600px) 100vw, 600px\" \/><\/a><\/p>\n<p style=\"text-align: center;\"><em> Viktor sov s\u00f6tt<\/em><\/p>\n<p><a href=\"http:\/\/karin.stampis.com\/blog\/wp-content\/uploads\/2016\/11\/DSC_1080.jpg\"><img loading=\"lazy\" decoding=\"async\" class=\"aligncenter size-large wp-image-21119\" src=\"http:\/\/karin.stampis.com\/blog\/wp-content\/uploads\/2016\/11\/DSC_1080.jpg\" alt=\"dsc_1080\" width=\"338\" height=\"600\" srcset=\"http:\/\/karin.stampis.com\/blog\/wp-content\/uploads\/2016\/11\/DSC_1080.jpg 338w, http:\/\/karin.stampis.com\/blog\/wp-content\/uploads\/2016\/11\/DSC_1080-203x360.jpg 203w\" sizes=\"auto, (max-width: 338px) 100vw, 338px\" \/><\/a><\/p>\n<p style=\"text-align: center;\"><em>Alfred tittar upp mot tr\u00e4den. Jag ber\u00e4ttade om l\u00f6vtr\u00e4d och barrtr\u00e4d (vilket b\u00e5da finns p\u00e5 olika delar av slingan i Skrylle). Jag tror han f\u00f6rst uppfattade det som att jag sa &#8220;varg-tr\u00e4d&#8221;, f\u00f6r han fr\u00e5gade sen om det fanns vargar d\u00e4r.<\/em><\/p>\n<p><a href=\"http:\/\/karin.stampis.com\/blog\/wp-content\/uploads\/2016\/11\/DSC_1081.jpg\"><img loading=\"lazy\" decoding=\"async\" class=\"aligncenter size-large wp-image-21120\" src=\"http:\/\/karin.stampis.com\/blog\/wp-content\/uploads\/2016\/11\/DSC_1081.jpg\" alt=\"dsc_1081\" width=\"600\" height=\"338\" srcset=\"http:\/\/karin.stampis.com\/blog\/wp-content\/uploads\/2016\/11\/DSC_1081.jpg 600w, http:\/\/karin.stampis.com\/blog\/wp-content\/uploads\/2016\/11\/DSC_1081-360x203.jpg 360w\" sizes=\"auto, (max-width: 600px) 100vw, 600px\" \/><\/a><\/p>\n<p style=\"text-align: center;\"><em>Det blir m\u00f6rkt snabbt nu d\u00e5 det \u00e4r vintertid! Bra att det finns ljus.<\/em><\/p>\n<p>&nbsp;<\/p>\n","protected":false},"excerpt":{"rendered":"<p>En eftermiddag under veckan s\u00e5 passade jag p\u00e5 att \u00e5ka till Skrylle med grabbarna. Det var mysigt \ud83d\ude42 . Viktor sov och Alfred gick sn\u00e4llt och intresserat med mig\u00a0medans jag f\u00f6rs\u00f6kte l\u00e4ra honom lite biologi. Kv\u00e4llen fortl\u00f6pte mycket smidigare \u00e4n &hellip; <a href=\"http:\/\/karin.stampis.com\/blog\/?p=21091\">Continue reading <span class=\"meta-nav\">&rarr;<\/span><\/a><\/p>\n","protected":false},"author":1,"featured_media":0,"comment_status":"open","ping_status":"open","sticky":false,"template":"","format":"standard","meta":{"footnotes":""},"categories":[389,322,415],"tags":[],"class_list":["post-21091","post","type-post","status-publish","format-standard","hentry","category-389","category-alfred","category-november-2016"],"_links":{"self":[{"href":"http:\/\/karin.stampis.com\/blog\/index.php?rest_route=\/wp\/v2\/posts\/21091","targetHints":{"allow":["GET"]}}],"collection":[{"href":"http:\/\/karin.stampis.com\/blog\/index.php?rest_route=\/wp\/v2\/posts"}],"about":[{"href":"http:\/\/karin.stampis.com\/blog\/index.php?rest_route=\/wp\/v2\/types\/post"}],"author":[{"embeddable":true,"href":"http:\/\/karin.stampis.com\/blog\/index.php?rest_route=\/wp\/v2\/users\/1"}],"replies":[{"embeddable":true,"href":"http:\/\/karin.stampis.com\/blog\/index.php?rest_route=%2Fwp%2Fv2%2Fcomments&post=21091"}],"version-history":[{"count":4,"href":"http:\/\/karin.stampis.com\/blog\/index.php?rest_route=\/wp\/v2\/posts\/21091\/revisions"}],"predecessor-version":[{"id":21122,"href":"http:\/\/karin.stampis.com\/blog\/index.php?rest_route=\/wp\/v2\/posts\/21091\/revisions\/21122"}],"wp:attachment":[{"href":"http:\/\/karin.stampis.com\/blog\/index.php?rest_route=%2Fwp%2Fv2%2Fmedia&parent=21091"}],"wp:term":[{"taxonomy":"category","embeddable":true,"href":"http:\/\/karin.stampis.com\/blog\/index.php?rest_route=%2Fwp%2Fv2%2Fcategories&post=21091"},{"taxonomy":"post_tag","embeddable":true,"href":"http:\/\/karin.stampis.com\/blog\/index.php?rest_route=%2Fwp%2Fv2%2Ftags&post=21091"}],"curies":[{"name":"wp","href":"https:\/\/api.w.org\/{rel}","templated":true}]}}