{"id":21353,"date":"2016-12-26T12:08:07","date_gmt":"2016-12-26T11:08:07","guid":{"rendered":"http:\/\/karin.stampis.com\/blog\/?p=21353"},"modified":"2016-12-25T12:09:58","modified_gmt":"2016-12-25T11:09:58","slug":"julfix","status":"publish","type":"post","link":"http:\/\/karin.stampis.com\/blog\/?p=21353","title":{"rendered":"Julfix"},"content":{"rendered":"<p>Hur man \u00e4n g\u00f6r, s\u00e5 \u00e4r det alltid f\u00f6r lite tid med julf\u00f6rberedelser innan jul. I \u00e5r fick vi upp granen innan jul, till skillnad fr\u00e5n f\u00f6rra \u00e5rets l\u00e5gvattenm\u00e4rke i julfix. Granen \u00e4r lite sned och dann, men det \u00e4r ju tanken som r\u00e4knas :p. Julgransljusen, som h\u00e4rstammar fr\u00e5n tiden runt Kristi f\u00f6delse (eller i alla fall fr\u00e5n tiden runt min f\u00f6delse), gick h\u00e4dan eftersom n\u00e5gra ljus gick s\u00f6nder och det b\u00f6rjade ryka och lukta konstigt :p. Detta \u00f6ppnade mitt kritiska \u00f6ga och jag ville \u00e4ven sl\u00e4nga gammalt luggslitet glitter och prydnader som inte passerar det estetiska n\u00e5l\u00f6gat. Dock motsade sig killarna detta, Alfred ville leka med glittret och Jimmy ville av n\u00e5gon sadistisk anledning ha kvar julprydnaderna som jag gjorde i l\u00e5gstadiet. Vi hade dock k\u00f6pt en ny sak att ha \u00a0i granen, och det var nya julgranskulor. Man fick sj\u00e4lv tr\u00e4 plastkrokar i dessa. Det tyckte Alfred var kul och gjorde l\u00e5nga kedjor av plastkrokarna. Alfred tyckte att de vinr\u00f6da kulorna var fula och skulle bort fr\u00e5n granen. Dagen efter s\u00e5 plockade jag bort de oestetiska julprydnaderna i smyg &#8211; Jimmy m\u00e4rker \u00e4nd\u00e5 aldrig s\u00e5nt. Tyv\u00e4rr hittade Alfred g\u00f6mman d\u00e4r jag lagt de oestetiska julprydnaderna och skvallrade f\u00f6r Jimmy s\u00e5 de \u00e5kte tillbaks igen :p .<\/p>\n<p><a href=\"http:\/\/karin.stampis.com\/blog\/wp-content\/uploads\/2016\/12\/DSC_1452.jpg\"><img loading=\"lazy\" decoding=\"async\" class=\"aligncenter size-full wp-image-21354\" src=\"http:\/\/karin.stampis.com\/blog\/wp-content\/uploads\/2016\/12\/DSC_1452.jpg\" alt=\"dsc_1452\" width=\"413\" height=\"600\" srcset=\"http:\/\/karin.stampis.com\/blog\/wp-content\/uploads\/2016\/12\/DSC_1452.jpg 413w, http:\/\/karin.stampis.com\/blog\/wp-content\/uploads\/2016\/12\/DSC_1452-248x360.jpg 248w\" sizes=\"auto, (max-width: 413px) 100vw, 413px\" \/><\/a><\/p>\n<p>&nbsp;<\/p>\n","protected":false},"excerpt":{"rendered":"<p>Hur man \u00e4n g\u00f6r, s\u00e5 \u00e4r det alltid f\u00f6r lite tid med julf\u00f6rberedelser innan jul. I \u00e5r fick vi upp granen innan jul, till skillnad fr\u00e5n f\u00f6rra \u00e5rets l\u00e5gvattenm\u00e4rke i julfix. Granen \u00e4r lite sned och dann, men det \u00e4r &hellip; <a href=\"http:\/\/karin.stampis.com\/blog\/?p=21353\">Continue reading <span class=\"meta-nav\">&rarr;<\/span><\/a><\/p>\n","protected":false},"author":1,"featured_media":0,"comment_status":"open","ping_status":"open","sticky":false,"template":"","format":"standard","meta":{"footnotes":""},"categories":[389,418],"tags":[99],"class_list":["post-21353","post","type-post","status-publish","format-standard","hentry","category-389","category-december-2016","tag-jul"],"_links":{"self":[{"href":"http:\/\/karin.stampis.com\/blog\/index.php?rest_route=\/wp\/v2\/posts\/21353","targetHints":{"allow":["GET"]}}],"collection":[{"href":"http:\/\/karin.stampis.com\/blog\/index.php?rest_route=\/wp\/v2\/posts"}],"about":[{"href":"http:\/\/karin.stampis.com\/blog\/index.php?rest_route=\/wp\/v2\/types\/post"}],"author":[{"embeddable":true,"href":"http:\/\/karin.stampis.com\/blog\/index.php?rest_route=\/wp\/v2\/users\/1"}],"replies":[{"embeddable":true,"href":"http:\/\/karin.stampis.com\/blog\/index.php?rest_route=%2Fwp%2Fv2%2Fcomments&post=21353"}],"version-history":[{"count":5,"href":"http:\/\/karin.stampis.com\/blog\/index.php?rest_route=\/wp\/v2\/posts\/21353\/revisions"}],"predecessor-version":[{"id":21365,"href":"http:\/\/karin.stampis.com\/blog\/index.php?rest_route=\/wp\/v2\/posts\/21353\/revisions\/21365"}],"wp:attachment":[{"href":"http:\/\/karin.stampis.com\/blog\/index.php?rest_route=%2Fwp%2Fv2%2Fmedia&parent=21353"}],"wp:term":[{"taxonomy":"category","embeddable":true,"href":"http:\/\/karin.stampis.com\/blog\/index.php?rest_route=%2Fwp%2Fv2%2Fcategories&post=21353"},{"taxonomy":"post_tag","embeddable":true,"href":"http:\/\/karin.stampis.com\/blog\/index.php?rest_route=%2Fwp%2Fv2%2Ftags&post=21353"}],"curies":[{"name":"wp","href":"https:\/\/api.w.org\/{rel}","templated":true}]}}