{"id":21357,"date":"2017-01-01T13:15:33","date_gmt":"2017-01-01T12:15:33","guid":{"rendered":"http:\/\/karin.stampis.com\/blog\/?p=21357"},"modified":"2017-01-01T13:15:33","modified_gmt":"2017-01-01T12:15:33","slug":"2016","status":"publish","type":"post","link":"http:\/\/karin.stampis.com\/blog\/?p=21357","title":{"rendered":"2016"},"content":{"rendered":"<p>\u00c4ven om 2016 har varit ett skr\u00e4p-\u00e5r f\u00f6r v\u00e4rlden, s\u00e5 har 2016 varit ett bra \u00e5r f\u00f6r oss :). H\u00f6jdpunkten under\u00a02016 var tillkomsten av ytterligare en familjemedlem, Viktor Erik Engstr\u00f6m som f\u00f6ddes p\u00e5 kv\u00e4llen den 13 Augusti. S\u00e5 mycket har kretsat kring detta under \u00e5ret, \u00e4ven om man inte var lika fokuserad under den andra graviditeten som under den f\u00f6rsta. Gravidrelatede inl\u00e4gg finns samlade i <a href=\"http:\/\/karin.stampis.com\/blog\/?cat=393\">denna kategori<\/a>. Sammanfattningsvis s\u00e5 var graviditeten bra, jag var lite illam\u00e5ende i b\u00f6rjan men sen s\u00e5 m\u00e5dde jag fint. \u00c4ven mentalt, d\u00e5 jag knappt oroade mig n\u00e5gonting. Jag hade inte heller n\u00e5gra problem med v\u00e4rmen s\u00e5 som jag hade befarat.<\/p>\n<p style=\"text-align: center;\"><a href=\"http:\/\/karin.stampis.com\/blog\/wp-content\/uploads\/2017\/01\/DSC_0528.jpg\"><img loading=\"lazy\" decoding=\"async\" class=\"aligncenter size-full wp-image-21393\" src=\"http:\/\/karin.stampis.com\/blog\/wp-content\/uploads\/2017\/01\/DSC_0528.jpg\" alt=\"dsc_0528\" width=\"600\" height=\"390\" srcset=\"http:\/\/karin.stampis.com\/blog\/wp-content\/uploads\/2017\/01\/DSC_0528.jpg 600w, http:\/\/karin.stampis.com\/blog\/wp-content\/uploads\/2017\/01\/DSC_0528-360x234.jpg 360w\" sizes=\"auto, (max-width: 600px) 100vw, 600px\" \/><\/a><em>Lunds stadspark den 2 Augusti, i v\u00e4ntan p\u00e5 Viktor som skulle dr\u00f6ja 11 dagar till.<\/em><\/p>\n<p>Jag hade dock inte trott att jag skulle g\u00e5 \u00f6ver tiden s\u00e5 mycket som jag gjorde! Efter ett <a href=\"http:\/\/karin.stampis.com\/blog\/?p=20538\">falskt alarm<\/a>\u00a0i slutet av juli s\u00e5 skickade vi Alfred till p\u00e4ronen eftersom vi trodde att f\u00f6rlossningen var n\u00e4rst\u00e5ende. D\u00e4r fick han vara i 2 veckor&#8230;<\/p>\n<p>Men 9 dagar efter BF s\u00e5 kom han tillslut \ud83d\ude42 . F\u00f6rlossningen gick b\u00e4ttre denna g\u00e5ngen och vi fick \u00e5ka till Familie BB ist\u00e4llet f\u00f6r en v\u00e5rdavdelning. Alfred fick tr\u00e4ffa Viktor p\u00e5 patienthotellet strax innan vi \u00e5kte hem. Han tittade med stora \u00f6gon, s\u00e5g lite blyg ut, och sa &#8220;Vad han \u00e4r liten&#8221;!<\/p>\n<p style=\"text-align: center;\"><a href=\"http:\/\/karin.stampis.com\/blog\/wp-content\/uploads\/2016\/12\/DSC_0532.jpg\"><img loading=\"lazy\" decoding=\"async\" class=\"aligncenter size-full wp-image-21360\" src=\"http:\/\/karin.stampis.com\/blog\/wp-content\/uploads\/2016\/12\/DSC_0532.jpg\" alt=\"dsc_0532\" width=\"549\" height=\"600\" srcset=\"http:\/\/karin.stampis.com\/blog\/wp-content\/uploads\/2016\/12\/DSC_0532.jpg 549w, http:\/\/karin.stampis.com\/blog\/wp-content\/uploads\/2016\/12\/DSC_0532-329x360.jpg 329w\" sizes=\"auto, (max-width: 549px) 100vw, 549px\" \/><\/a><em>F\u00f6rsta g\u00e5ngen som brorsorna tr\u00e4ffas<\/em><\/p>\n<p>Det \u00e4r v\u00e4ldigt mysigt (om \u00e4n hektiskt) med tv\u00e5 barn. Har \u00e4n s\u00e5 l\u00e4nge inte alls upplevt den beryktade tv\u00e5barnschocken &#8211; tycker tv\u00e4rtom att det blivit mycket b\u00e4ttre med tv\u00e5 barn \ud83d\ude42 . F\u00f6rsta tiden med Viktor var mycket b\u00e4ttre \u00e4n f\u00f6rv\u00e4ntat. Sen s\u00e5 blir ju \u00e4ven livet b\u00e4ttre utan jobbstress, s\u00e5 jag f\u00e5r v\u00e4l komma tillbaka till \u00e4mnet d\u00e5 man v\u00e4l jobbar :p . Jag tog ledigt fr.o.m b\u00f6rjan av juli s\u00e5 vi hann varva ner och vara lediga tillsammans ett tag. Det var mycket v\u00e4lbeh\u00f6vligt, d\u00e5 det tar tid att varva ner.<\/p>\n<p style=\"text-align: center;\"><a href=\"http:\/\/karin.stampis.com\/blog\/wp-content\/uploads\/2017\/01\/DSC_0427.jpg\"><img loading=\"lazy\" decoding=\"async\" class=\"aligncenter size-full wp-image-21394\" src=\"http:\/\/karin.stampis.com\/blog\/wp-content\/uploads\/2017\/01\/DSC_0427.jpg\" alt=\"dsc_0427\" width=\"600\" height=\"469\" srcset=\"http:\/\/karin.stampis.com\/blog\/wp-content\/uploads\/2017\/01\/DSC_0427.jpg 600w, http:\/\/karin.stampis.com\/blog\/wp-content\/uploads\/2017\/01\/DSC_0427-360x281.jpg 360w\" sizes=\"auto, (max-width: 600px) 100vw, 600px\" \/><\/a><em>Semester och bokl\u00e4sning p\u00e5 altanen<\/em><\/p>\n<p>\u00d6verhuvudtaget s\u00e5 m\u00e4rker jag nu hur mycket b\u00e4ttre jag\u00a0m\u00e5tt n\u00e4r jag\u00a0inte jobbat. Jobbet har varit en\u00a0del av livet som inte varit s\u00e5\u00a0positiv i \u00e5r (sett till trivsel och &#8220;mjukare&#8221; faktorer), \u00e4ven om jag nu slutligen faktiskt har f\u00e5tt en &#8220;fast&#8221; anst\u00e4llning efter 11 \u00e5r p\u00e5 jobbet (fast som min chef kommenterade &#8211; &#8220;det finns inga fasta anst\u00e4llningar, anst\u00e4llningarna \u00e4r bara f\u00f6r s\u00e5 l\u00e4nge det finns anslag&#8221;). Den fasta anst\u00e4llningen fick jag i april,\u00a0hos Lunds universitet, efter att ha jobbat ett halv\u00e5r p\u00e5 Karolinska (Stockholm), tack och lov mestadels p\u00e5 distans. D\u00e5 var jag i Stockholm lite d\u00e5 och d\u00e5 &#8211; det var trevligt att tr\u00e4ffa kompisar och byta milj\u00f6 ibland, men jag hade inte orkat \u00e5ka dit s\u00e5 mycket sen som gravid\/med tv\u00e5 barn. Jobbet har h\u00f6rt av sig med en del saker som &#8220;jag v\u00e4l kan g\u00f6ra&#8221;, men det finns varken tid eller ork till nu och jag vill inte vara jobb-splittrad i min f\u00f6r\u00e4ldraledighet (jobb \u00e4r en mindfulness-m\u00f6rdare). \u00d6verhuvudtaget s\u00e5 f\u00e5r jag g\u00f6ra en omstart d\u00e5 jag b\u00f6rjar jobba sen, f\u00f6r jag k\u00e4nner mig inte s\u00e5 n\u00f6jd med hur det \u00e4r nu p\u00e5 jobbet eller i vilken riktning jag \u00e4r p\u00e5v\u00e4g nu. Dock s\u00e5 har det g\u00e5tt r\u00e4tt bra om man m\u00e4ter det i intj\u00e4nade anslagspengar (vilket v\u00e4l \u00e4r s\u00e5 som saker m\u00e4ts p\u00e5 universitet) d\u00e5 jag nu har 5,8 miljoner i eget namn (observera att det bara \u00e4r en fraktion som faktiskt g\u00e5r till min l\u00f6n, det finns ingen korrelation mellan anslagspengar och l\u00f6n), men det \u00e4r ju inte allt. Vad som \u00e4r viktigast \u00e4r ju trivsel, personlig utveckling, jobbgl\u00e4dje och work-life balance. Man f\u00e5r andra prioriteringar d\u00e5 man har barn helt enkelt &#8211; tid och energi \u00e4r de viktigaste resurserna.<\/p>\n<p>Anyway, nog om jobbet. Prioriteringen i \u00e5r har varit Viktor och Alfred. Alfred tycker att det \u00e4r roligt att ha f\u00e5tt ett syskon och \u00e4r s\u00e5 glad \u00f6ver sin bror, \u00e4ven om han ju nog saknar att vara st\u00e4ndig mittpunkt. Han kramar om Viktor och \u00e4lskar att f\u00e5 honom att skratta. Och inget f\u00e5r Viktor att skratta som hans storebror!<\/p>\n<p><a href=\"http:\/\/karin.stampis.com\/blog\/wp-content\/uploads\/2017\/01\/DSC04023.jpg\"><img loading=\"lazy\" decoding=\"async\" class=\"aligncenter size-full wp-image-21396\" src=\"http:\/\/karin.stampis.com\/blog\/wp-content\/uploads\/2017\/01\/DSC04023.jpg\" alt=\"dsc04023\" width=\"600\" height=\"400\" srcset=\"http:\/\/karin.stampis.com\/blog\/wp-content\/uploads\/2017\/01\/DSC04023.jpg 600w, http:\/\/karin.stampis.com\/blog\/wp-content\/uploads\/2017\/01\/DSC04023-360x240.jpg 360w\" sizes=\"auto, (max-width: 600px) 100vw, 600px\" \/><\/a><\/p>\n<p><a href=\"http:\/\/karin.stampis.com\/blog\/wp-content\/uploads\/2017\/01\/DSC04180.jpg\"><img loading=\"lazy\" decoding=\"async\" class=\"aligncenter size-full wp-image-21397\" src=\"http:\/\/karin.stampis.com\/blog\/wp-content\/uploads\/2017\/01\/DSC04180.jpg\" alt=\"dsc04180\" width=\"374\" height=\"600\" srcset=\"http:\/\/karin.stampis.com\/blog\/wp-content\/uploads\/2017\/01\/DSC04180.jpg 374w, http:\/\/karin.stampis.com\/blog\/wp-content\/uploads\/2017\/01\/DSC04180-224x360.jpg 224w\" sizes=\"auto, (max-width: 374px) 100vw, 374px\" \/><\/a><\/p>\n<p><a href=\"http:\/\/karin.stampis.com\/blog\/wp-content\/uploads\/2017\/01\/DSC04192.jpg\"><img loading=\"lazy\" decoding=\"async\" class=\"aligncenter size-full wp-image-21398\" src=\"http:\/\/karin.stampis.com\/blog\/wp-content\/uploads\/2017\/01\/DSC04192.jpg\" alt=\"dsc04192\" width=\"600\" height=\"483\" srcset=\"http:\/\/karin.stampis.com\/blog\/wp-content\/uploads\/2017\/01\/DSC04192.jpg 600w, http:\/\/karin.stampis.com\/blog\/wp-content\/uploads\/2017\/01\/DSC04192-360x290.jpg 360w\" sizes=\"auto, (max-width: 600px) 100vw, 600px\" \/><\/a><\/p>\n<p style=\"text-align: center;\"><a href=\"http:\/\/karin.stampis.com\/blog\/wp-content\/uploads\/2017\/01\/DSC_1269.jpg\"><img loading=\"lazy\" decoding=\"async\" class=\"aligncenter size-full wp-image-21395\" src=\"http:\/\/karin.stampis.com\/blog\/wp-content\/uploads\/2017\/01\/DSC_1269.jpg\" alt=\"dsc_1269\" width=\"401\" height=\"600\" srcset=\"http:\/\/karin.stampis.com\/blog\/wp-content\/uploads\/2017\/01\/DSC_1269.jpg 401w, http:\/\/karin.stampis.com\/blog\/wp-content\/uploads\/2017\/01\/DSC_1269-241x360.jpg 241w\" sizes=\"auto, (max-width: 401px) 100vw, 401px\" \/><\/a><em>Brorsorna <\/em><\/p>\n<p>Det har h\u00e4nt mycket i Alfreds liv i \u00e5r &#8211; han har blivit storebror, b\u00f6rjat i storbarnsgrupp (vilket har varit lite tufft), b\u00f6rjat leka med kompisar hemma och borta, och han har \u00e4ven b\u00f6rjat t\u00e4nka p\u00e5 livets stora fr\u00e5gor, d\u00e5 han bl.a. insett att livet inte \u00e4r o\u00e4ndligt. Han har f\u00e5tt ett stort intresse f\u00f6r siffror, och han tycker att naturvetenskapliga experiment \u00e4r kul. Han har ett riktigt bra ordf\u00f6rr\u00e5d &#8211; man blir faschinerad av vilka ord han har i sitt vokabul\u00e4r. Han har skjutit i h\u00f6jden och blivit en l\u00e5ng och smal kille &#8211; bebisknubbet \u00e4r helt borta nu.<\/p>\n<p style=\"text-align: center;\"><a href=\"http:\/\/karin.stampis.com\/blog\/wp-content\/uploads\/2017\/01\/DSC_0635.jpg\"><img loading=\"lazy\" decoding=\"async\" class=\"aligncenter size-full wp-image-21399\" src=\"http:\/\/karin.stampis.com\/blog\/wp-content\/uploads\/2017\/01\/DSC_0635.jpg\" alt=\"dsc_0635\" width=\"600\" height=\"337\" srcset=\"http:\/\/karin.stampis.com\/blog\/wp-content\/uploads\/2017\/01\/DSC_0635.jpg 600w, http:\/\/karin.stampis.com\/blog\/wp-content\/uploads\/2017\/01\/DSC_0635-360x202.jpg 360w\" sizes=\"auto, (max-width: 600px) 100vw, 600px\" \/><\/a><em>Alfred ser p\u00e5 en snigel och filosoferar<\/em><\/p>\n<p>Han har b\u00f6rjat resa lite mer &#8211; han har \u00e5kt flyg f\u00f6r f\u00f6rsta g\u00e5ngen (<a href=\"http:\/\/karin.stampis.com\/blog\/?p=19962\">till Sundsvall<\/a>\u00a0i vinterskrud), \u00e5kt p\u00e5 minisemester till\u00a0<a href=\"http:\/\/karin.stampis.com\/blog\/?cat=405\">Stockholm<\/a>\u00a0i h\u00e4rligt v\u00e5rv\u00e4der och varit iv\u00e4g p\u00e5 sin f\u00f6rsta <a href=\"http:\/\/karin.stampis.com\/blog\/?cat=249\">lilla semester p\u00e5 hotell<\/a>\u00a0(i G\u00f6teborg).<\/p>\n<p><a href=\"http:\/\/karin.stampis.com\/blog\/wp-content\/uploads\/2017\/01\/DSC03515.jpg\"><img loading=\"lazy\" decoding=\"async\" class=\"aligncenter size-full wp-image-21390\" src=\"http:\/\/karin.stampis.com\/blog\/wp-content\/uploads\/2017\/01\/DSC03515.jpg\" alt=\"dsc03515\" width=\"500\" height=\"341\" srcset=\"http:\/\/karin.stampis.com\/blog\/wp-content\/uploads\/2017\/01\/DSC03515.jpg 500w, http:\/\/karin.stampis.com\/blog\/wp-content\/uploads\/2017\/01\/DSC03515-360x246.jpg 360w\" sizes=\"auto, (max-width: 500px) 100vw, 500px\" \/><\/a><\/p>\n<p style=\"text-align: center;\"><a href=\"http:\/\/karin.stampis.com\/blog\/wp-content\/uploads\/2017\/01\/DSC04582.jpg\"><img loading=\"lazy\" decoding=\"async\" class=\"aligncenter size-full wp-image-21391\" src=\"http:\/\/karin.stampis.com\/blog\/wp-content\/uploads\/2017\/01\/DSC04582.jpg\" alt=\"dsc04582\" width=\"413\" height=\"600\" srcset=\"http:\/\/karin.stampis.com\/blog\/wp-content\/uploads\/2017\/01\/DSC04582.jpg 413w, http:\/\/karin.stampis.com\/blog\/wp-content\/uploads\/2017\/01\/DSC04582-248x360.jpg 248w\" sizes=\"auto, (max-width: 413px) 100vw, 413px\" \/><\/a><em>Det blev b\u00e5de Gr\u00f6na Lund och Liseberg i \u00e5r!<\/em><\/p>\n<p>Jimmy och jag har kommit iv\u00e4g p\u00e5 lite egentidsutflykter, bl.a var vi p\u00e5 en weekend i <a href=\"http:\/\/karin.stampis.com\/blog\/?p=20354\">Tostarp<\/a>, och vi har \u00e4ven varit ute i Malm\u00f6 och B\u00e5stad d\u00e5 vi haft barnvakt f\u00f6r Alfred. Vi t\u00e4nkte att vi fick passa p\u00e5 att \u00e4ta ute innan Viktor kom, men det har \u00e4n s\u00e5 l\u00e4nge g\u00e5tt fint att g\u00e5 ut och \u00e4ta fast han \u00e4r med.<\/p>\n<p style=\"text-align: center;\"><a href=\"http:\/\/karin.stampis.com\/blog\/wp-content\/uploads\/2017\/01\/DSC_0236.jpg\"><img loading=\"lazy\" decoding=\"async\" class=\"aligncenter size-full wp-image-21400\" src=\"http:\/\/karin.stampis.com\/blog\/wp-content\/uploads\/2017\/01\/DSC_0236.jpg\" alt=\"dsc_0236\" width=\"600\" height=\"338\" srcset=\"http:\/\/karin.stampis.com\/blog\/wp-content\/uploads\/2017\/01\/DSC_0236.jpg 600w, http:\/\/karin.stampis.com\/blog\/wp-content\/uploads\/2017\/01\/DSC_0236-360x203.jpg 360w\" sizes=\"auto, (max-width: 600px) 100vw, 600px\" \/><\/a><em>Miniweekend i Tostarp. <\/em><em>Det regnade, men det gjorde absolut ingenting eftersom vi satt inne och cocoonade hela tiden.<\/em><\/p>\n<p style=\"text-align: center;\"><a href=\"http:\/\/karin.stampis.com\/blog\/wp-content\/uploads\/2016\/04\/DSC03305.jpg\"><img loading=\"lazy\" decoding=\"async\" class=\"aligncenter size-full wp-image-20152\" src=\"http:\/\/karin.stampis.com\/blog\/wp-content\/uploads\/2016\/04\/DSC03305.jpg\" alt=\"DSC03305\" width=\"500\" height=\"333\" srcset=\"http:\/\/karin.stampis.com\/blog\/wp-content\/uploads\/2016\/04\/DSC03305.jpg 500w, http:\/\/karin.stampis.com\/blog\/wp-content\/uploads\/2016\/04\/DSC03305-360x240.jpg 360w\" sizes=\"auto, (max-width: 500px) 100vw, 500px\" \/><\/a><em>Afternoon tea p\u00e5 Riviera i B\u00e5stad<\/em><\/p>\n<p style=\"text-align: center;\"><a href=\"http:\/\/karin.stampis.com\/blog\/wp-content\/uploads\/2016\/04\/6666.jpg\"><img loading=\"lazy\" decoding=\"async\" class=\"aligncenter size-full wp-image-20147\" src=\"http:\/\/karin.stampis.com\/blog\/wp-content\/uploads\/2016\/04\/6666.jpg\" alt=\"6666\" width=\"500\" height=\"375\" srcset=\"http:\/\/karin.stampis.com\/blog\/wp-content\/uploads\/2016\/04\/6666.jpg 500w, http:\/\/karin.stampis.com\/blog\/wp-content\/uploads\/2016\/04\/6666-360x270.jpg 360w\" sizes=\"auto, (max-width: 500px) 100vw, 500px\" \/><\/a><em>Det har blivit tradition att g\u00e5 en l\u00e5ngpromenad i B\u00e5stad l\u00e4ngs Malen\/Riviera.<\/em><\/p>\n<p style=\"text-align: center;\"><a href=\"http:\/\/karin.stampis.com\/blog\/wp-content\/uploads\/2016\/06\/DSC03799-1.jpg\"><img loading=\"lazy\" decoding=\"async\" class=\"aligncenter size-full wp-image-20404\" src=\"http:\/\/karin.stampis.com\/blog\/wp-content\/uploads\/2016\/06\/DSC03799-1.jpg\" alt=\"DSC03799\" width=\"500\" height=\"333\" srcset=\"http:\/\/karin.stampis.com\/blog\/wp-content\/uploads\/2016\/06\/DSC03799-1.jpg 500w, http:\/\/karin.stampis.com\/blog\/wp-content\/uploads\/2016\/06\/DSC03799-1-360x240.jpg 360w\" sizes=\"auto, (max-width: 500px) 100vw, 500px\" \/><\/a><em>Middag p\u00e5 Restaurang\u00a0Sand<\/em><\/p>\n<p><a href=\"http:\/\/karin.stampis.com\/blog\/wp-content\/uploads\/2016\/06\/DSC03816-1.jpg\"><img loading=\"lazy\" decoding=\"async\" class=\"aligncenter size-full wp-image-20402\" src=\"http:\/\/karin.stampis.com\/blog\/wp-content\/uploads\/2016\/06\/DSC03816-1.jpg\" alt=\"DSC03816\" width=\"500\" height=\"321\" srcset=\"http:\/\/karin.stampis.com\/blog\/wp-content\/uploads\/2016\/06\/DSC03816-1.jpg 500w, http:\/\/karin.stampis.com\/blog\/wp-content\/uploads\/2016\/06\/DSC03816-1-360x231.jpg 360w\" sizes=\"auto, (max-width: 500px) 100vw, 500px\" \/><\/a><\/p>\n<p style=\"text-align: center;\"><a href=\"http:\/\/karin.stampis.com\/blog\/wp-content\/uploads\/2016\/03\/DSC03105.jpg\"><img loading=\"lazy\" decoding=\"async\" class=\"aligncenter size-full wp-image-20082\" src=\"http:\/\/karin.stampis.com\/blog\/wp-content\/uploads\/2016\/03\/DSC03105.jpg\" alt=\"DSC03105\" width=\"500\" height=\"305\" srcset=\"http:\/\/karin.stampis.com\/blog\/wp-content\/uploads\/2016\/03\/DSC03105.jpg 500w, http:\/\/karin.stampis.com\/blog\/wp-content\/uploads\/2016\/03\/DSC03105-360x220.jpg 360w\" sizes=\"auto, (max-width: 500px) 100vw, 500px\" \/><\/a><em>Fast s\u00e5klart \u00e4r ju \u00e4ven Alfred med och fikar ibland!<\/em><\/p>\n<p>Vi hade en l\u00e5ng sommarledighet. Den blev lite l\u00e4ngre \u00e4n planerat d\u00e5 Viktor dr\u00f6jde lite :p. Sommaren var bra, och jag tyckte att det var sk\u00f6nt att det inte var f\u00f6r varmt. Under varma dagar s\u00e5 l\u00e5g jag som en strandad val i Alfreds lilla pool :p .Vi h\u00f6ll oss i Sk\u00e5ne\u00a0eftersom jag var i m\u00e5nad 8-9 eller hade en liten bebis under sommarm\u00e5naderna, men det blev utflykter till t.ex.\u00a0Ystads djurpark, Sk\u00e5nes djurpark, Tropikariet, brandstationen etc.<\/p>\n<p style=\"text-align: center;\"><a href=\"http:\/\/karin.stampis.com\/blog\/wp-content\/uploads\/2017\/01\/DSC_0507-1.jpg\"><img loading=\"lazy\" decoding=\"async\" class=\"aligncenter size-full wp-image-21402\" src=\"http:\/\/karin.stampis.com\/blog\/wp-content\/uploads\/2017\/01\/DSC_0507-1.jpg\" alt=\"dsc_0507\" width=\"600\" height=\"513\" srcset=\"http:\/\/karin.stampis.com\/blog\/wp-content\/uploads\/2017\/01\/DSC_0507-1.jpg 600w, http:\/\/karin.stampis.com\/blog\/wp-content\/uploads\/2017\/01\/DSC_0507-1-360x308.jpg 360w\" sizes=\"auto, (max-width: 600px) 100vw, 600px\" \/><\/a><em>Alfred ser p\u00e5 hajar i Tropikariet. Mycket prat om hajar i \u00e5r. Han fick \u00e4ven en stor leksakshaj d\u00e5 vi var i G\u00f6teborg!<\/em><\/p>\n<p>Det var en riktigt varm september, d\u00e4r jag gick m\u00e5nga l\u00e5nga barnvagnspromenader.\u00a0Jag \u00e4lskar barnvagnspromenader, det \u00e4r s\u00e5 meditativt.<\/p>\n<p><a href=\"http:\/\/karin.stampis.com\/blog\/wp-content\/uploads\/2016\/10\/DSC_0887.jpg\"><img loading=\"lazy\" decoding=\"async\" class=\"aligncenter size-full wp-image-20988\" src=\"http:\/\/karin.stampis.com\/blog\/wp-content\/uploads\/2016\/10\/DSC_0887.jpg\" alt=\"dsc_0887\" width=\"600\" height=\"328\" srcset=\"http:\/\/karin.stampis.com\/blog\/wp-content\/uploads\/2016\/10\/DSC_0887.jpg 600w, http:\/\/karin.stampis.com\/blog\/wp-content\/uploads\/2016\/10\/DSC_0887-360x197.jpg 360w\" sizes=\"auto, (max-width: 600px) 100vw, 600px\" \/><\/a><\/p>\n<p style=\"text-align: center;\"><a href=\"http:\/\/karin.stampis.com\/blog\/wp-content\/uploads\/2016\/11\/DSC04713.jpg\"><img loading=\"lazy\" decoding=\"async\" class=\"aligncenter size-full wp-image-21148\" src=\"http:\/\/karin.stampis.com\/blog\/wp-content\/uploads\/2016\/11\/DSC04713.jpg\" alt=\"dsc04713\" width=\"600\" height=\"398\" srcset=\"http:\/\/karin.stampis.com\/blog\/wp-content\/uploads\/2016\/11\/DSC04713.jpg 600w, http:\/\/karin.stampis.com\/blog\/wp-content\/uploads\/2016\/11\/DSC04713-360x239.jpg 360w\" sizes=\"auto, (max-width: 600px) 100vw, 600px\" \/><\/a><em>Foton fr\u00e5n barnvagnspromenader under olika \u00e5rstider<\/em><\/p>\n<p>\u00d6verhuvudtaget har 2016 varit ett \u00e5r med bra sj\u00e4lslig utveckling, och det vill jag g\u00e4rna ska forts\u00e4tta under 2017. Jag hoppas 2017 blir ett \u00e5r med fokus p\u00e5 saker som ligger ett steg h\u00f6gre upp p\u00e5 behovstrappan &#8211;\u00a0kreativitet, mindfulness, familjemys, livsgl\u00e4dje etc och att saker l\u00e4gre ner p\u00e5 behovstrappan, dvs mer praktiska \u00f6verlevnadssaker, \u00a0inte beh\u00f6ver ha s\u00e5 stort fokus (tex jobb, vardagslogistik, praktiska saker med huset etc). Jag inser det l\u00e5ter flummigt haha.<\/p>\n<p>&nbsp;<\/p>\n<p>&nbsp;<\/p>\n<p>&nbsp;<\/p>\n","protected":false},"excerpt":{"rendered":"<p>\u00c4ven om 2016 har varit ett skr\u00e4p-\u00e5r f\u00f6r v\u00e4rlden, s\u00e5 har 2016 varit ett bra \u00e5r f\u00f6r oss :). H\u00f6jdpunkten under\u00a02016 var tillkomsten av ytterligare en familjemedlem, Viktor Erik Engstr\u00f6m som f\u00f6ddes p\u00e5 kv\u00e4llen den 13 Augusti. S\u00e5 mycket har &hellip; <a href=\"http:\/\/karin.stampis.com\/blog\/?p=21357\">Continue reading <span class=\"meta-nav\">&rarr;<\/span><\/a><\/p>\n","protected":false},"author":1,"featured_media":0,"comment_status":"open","ping_status":"open","sticky":false,"template":"","format":"standard","meta":{"footnotes":""},"categories":[389,420,421],"tags":[],"class_list":["post-21357","post","type-post","status-publish","format-standard","hentry","category-389","category-420","category-januari-2017"],"_links":{"self":[{"href":"http:\/\/karin.stampis.com\/blog\/index.php?rest_route=\/wp\/v2\/posts\/21357","targetHints":{"allow":["GET"]}}],"collection":[{"href":"http:\/\/karin.stampis.com\/blog\/index.php?rest_route=\/wp\/v2\/posts"}],"about":[{"href":"http:\/\/karin.stampis.com\/blog\/index.php?rest_route=\/wp\/v2\/types\/post"}],"author":[{"embeddable":true,"href":"http:\/\/karin.stampis.com\/blog\/index.php?rest_route=\/wp\/v2\/users\/1"}],"replies":[{"embeddable":true,"href":"http:\/\/karin.stampis.com\/blog\/index.php?rest_route=%2Fwp%2Fv2%2Fcomments&post=21357"}],"version-history":[{"count":12,"href":"http:\/\/karin.stampis.com\/blog\/index.php?rest_route=\/wp\/v2\/posts\/21357\/revisions"}],"predecessor-version":[{"id":21405,"href":"http:\/\/karin.stampis.com\/blog\/index.php?rest_route=\/wp\/v2\/posts\/21357\/revisions\/21405"}],"wp:attachment":[{"href":"http:\/\/karin.stampis.com\/blog\/index.php?rest_route=%2Fwp%2Fv2%2Fmedia&parent=21357"}],"wp:term":[{"taxonomy":"category","embeddable":true,"href":"http:\/\/karin.stampis.com\/blog\/index.php?rest_route=%2Fwp%2Fv2%2Fcategories&post=21357"},{"taxonomy":"post_tag","embeddable":true,"href":"http:\/\/karin.stampis.com\/blog\/index.php?rest_route=%2Fwp%2Fv2%2Ftags&post=21357"}],"curies":[{"name":"wp","href":"https:\/\/api.w.org\/{rel}","templated":true}]}}