{"id":21366,"date":"2016-12-27T07:40:51","date_gmt":"2016-12-27T06:40:51","guid":{"rendered":"http:\/\/karin.stampis.com\/blog\/?p=21366"},"modified":"2016-12-25T20:41:34","modified_gmt":"2016-12-25T19:41:34","slug":"julen-3","status":"publish","type":"post","link":"http:\/\/karin.stampis.com\/blog\/?p=21366","title":{"rendered":"Julen"},"content":{"rendered":"<p>\u00c5rets julfirande var kul, men intensivt, s\u00e5 jag hann inte dokumentera s\u00e5 mycket. Alfred s\u00e5g lite p\u00e5 Kalle ihop med Amanda, men konceptet att kolla p\u00e5 ett TV-program som inte g\u00e5r att spola fram\/byta avsnitt p\u00e5 \u00e4r fr\u00e4mmande f\u00f6r honom :p . Sen blev det mycket r\u00f6j r\u00f6j. God mat serverades, som Alfred inte hade ro\u00a0att \u00e4ta, men han \u00e5t m\u00e4ngder choklad ist\u00e4llet :p . Kidsen sj\u00f6ng i v\u00e4ntan p\u00e5 tomten, och tillslut s\u00e5 d\u00f6k han upp!<\/p>\n<p><a href=\"http:\/\/karin.stampis.com\/blog\/wp-content\/uploads\/2016\/12\/DSC04834.jpg\"><img loading=\"lazy\" decoding=\"async\" class=\"aligncenter size-full wp-image-21370\" src=\"http:\/\/karin.stampis.com\/blog\/wp-content\/uploads\/2016\/12\/DSC04834.jpg\" alt=\"dsc04834\" width=\"463\" height=\"600\" srcset=\"http:\/\/karin.stampis.com\/blog\/wp-content\/uploads\/2016\/12\/DSC04834.jpg 463w, http:\/\/karin.stampis.com\/blog\/wp-content\/uploads\/2016\/12\/DSC04834-278x360.jpg 278w\" sizes=\"auto, (max-width: 463px) 100vw, 463px\" \/><\/a><\/p>\n<p>Alfred fick en massa paket, men han var missn\u00f6jd f\u00f6r han fick ingen sp\u00f6kfisk (han hade v\u00e4grat ber\u00e4tta vad han \u00f6nskade sig, s\u00e5 det var sv\u00e5rt att veta&#8230;).<\/p>\n<p>Efter Ris a la maltan s\u00e5 var det dags f\u00f6r julklappsspelet, med ett g\u00e4ng med mycket t\u00e4vlingsanda. I mitten av spelet hade Jimmy&amp;jag massor av saker, men i slut\u00e4ndan blev utfallet r\u00e4tt magert. Tong\u00e5ngarna var h\u00f6ga, men det hindrade inte Viktor fr\u00e5n att somna mitt i spelet. Ungef\u00e4r d\u00e5 han somnade s\u00e5 v\u00e4nde v\u00e5r tur :p .<\/p>\n<p><a href=\"http:\/\/karin.stampis.com\/blog\/wp-content\/uploads\/2016\/12\/DSC04836.jpg\"><img loading=\"lazy\" decoding=\"async\" class=\"aligncenter size-full wp-image-21371\" src=\"http:\/\/karin.stampis.com\/blog\/wp-content\/uploads\/2016\/12\/DSC04836.jpg\" alt=\"dsc04836\" width=\"400\" height=\"600\" srcset=\"http:\/\/karin.stampis.com\/blog\/wp-content\/uploads\/2016\/12\/DSC04836.jpg 400w, http:\/\/karin.stampis.com\/blog\/wp-content\/uploads\/2016\/12\/DSC04836-240x360.jpg 240w\" sizes=\"auto, (max-width: 400px) 100vw, 400px\" \/><\/a><\/p>\n<p>Dagen efter var det julbrunch. Kidsen var tr\u00f6tta s\u00e5 de fick sitta vid burken.<\/p>\n<p><a href=\"http:\/\/karin.stampis.com\/blog\/wp-content\/uploads\/2016\/12\/DSC_1490.jpg\"><img loading=\"lazy\" decoding=\"async\" class=\"aligncenter size-full wp-image-21369\" src=\"http:\/\/karin.stampis.com\/blog\/wp-content\/uploads\/2016\/12\/DSC_1490.jpg\" alt=\"dsc_1490\" width=\"600\" height=\"338\" srcset=\"http:\/\/karin.stampis.com\/blog\/wp-content\/uploads\/2016\/12\/DSC_1490.jpg 600w, http:\/\/karin.stampis.com\/blog\/wp-content\/uploads\/2016\/12\/DSC_1490-360x203.jpg 360w\" sizes=\"auto, (max-width: 600px) 100vw, 600px\" \/><\/a><\/p>\n<p>Viktor satt med vid\u00a0matbordet.<\/p>\n<p><a href=\"http:\/\/karin.stampis.com\/blog\/wp-content\/uploads\/2016\/12\/DSC_1287.jpg\"><img loading=\"lazy\" decoding=\"async\" class=\"aligncenter size-full wp-image-21368\" src=\"http:\/\/karin.stampis.com\/blog\/wp-content\/uploads\/2016\/12\/DSC_1287.jpg\" alt=\"dsc_1287\" width=\"600\" height=\"598\" srcset=\"http:\/\/karin.stampis.com\/blog\/wp-content\/uploads\/2016\/12\/DSC_1287.jpg 600w, http:\/\/karin.stampis.com\/blog\/wp-content\/uploads\/2016\/12\/DSC_1287-150x150.jpg 150w, http:\/\/karin.stampis.com\/blog\/wp-content\/uploads\/2016\/12\/DSC_1287-360x360.jpg 360w\" sizes=\"auto, (max-width: 600px) 100vw, 600px\" \/><\/a><\/p>\n<p>Glad kille som har f\u00e5tt helt fel dygnsrytm nu&#8230;.<\/p>\n<p><a href=\"http:\/\/karin.stampis.com\/blog\/wp-content\/uploads\/2016\/12\/DSC04846.jpg\"><img loading=\"lazy\" decoding=\"async\" class=\"aligncenter size-full wp-image-21372\" src=\"http:\/\/karin.stampis.com\/blog\/wp-content\/uploads\/2016\/12\/DSC04846.jpg\" alt=\"dsc04846\" width=\"600\" height=\"278\" srcset=\"http:\/\/karin.stampis.com\/blog\/wp-content\/uploads\/2016\/12\/DSC04846.jpg 600w, http:\/\/karin.stampis.com\/blog\/wp-content\/uploads\/2016\/12\/DSC04846-360x167.jpg 360w\" sizes=\"auto, (max-width: 600px) 100vw, 600px\" \/><\/a><\/p>\n","protected":false},"excerpt":{"rendered":"<p>\u00c5rets julfirande var kul, men intensivt, s\u00e5 jag hann inte dokumentera s\u00e5 mycket. Alfred s\u00e5g lite p\u00e5 Kalle ihop med Amanda, men konceptet att kolla p\u00e5 ett TV-program som inte g\u00e5r att spola fram\/byta avsnitt p\u00e5 \u00e4r fr\u00e4mmande f\u00f6r honom &hellip; <a href=\"http:\/\/karin.stampis.com\/blog\/?p=21366\">Continue reading <span class=\"meta-nav\">&rarr;<\/span><\/a><\/p>\n","protected":false},"author":1,"featured_media":0,"comment_status":"open","ping_status":"open","sticky":false,"template":"","format":"standard","meta":{"footnotes":""},"categories":[389,418],"tags":[99],"class_list":["post-21366","post","type-post","status-publish","format-standard","hentry","category-389","category-december-2016","tag-jul"],"_links":{"self":[{"href":"http:\/\/karin.stampis.com\/blog\/index.php?rest_route=\/wp\/v2\/posts\/21366","targetHints":{"allow":["GET"]}}],"collection":[{"href":"http:\/\/karin.stampis.com\/blog\/index.php?rest_route=\/wp\/v2\/posts"}],"about":[{"href":"http:\/\/karin.stampis.com\/blog\/index.php?rest_route=\/wp\/v2\/types\/post"}],"author":[{"embeddable":true,"href":"http:\/\/karin.stampis.com\/blog\/index.php?rest_route=\/wp\/v2\/users\/1"}],"replies":[{"embeddable":true,"href":"http:\/\/karin.stampis.com\/blog\/index.php?rest_route=%2Fwp%2Fv2%2Fcomments&post=21366"}],"version-history":[{"count":4,"href":"http:\/\/karin.stampis.com\/blog\/index.php?rest_route=\/wp\/v2\/posts\/21366\/revisions"}],"predecessor-version":[{"id":21375,"href":"http:\/\/karin.stampis.com\/blog\/index.php?rest_route=\/wp\/v2\/posts\/21366\/revisions\/21375"}],"wp:attachment":[{"href":"http:\/\/karin.stampis.com\/blog\/index.php?rest_route=%2Fwp%2Fv2%2Fmedia&parent=21366"}],"wp:term":[{"taxonomy":"category","embeddable":true,"href":"http:\/\/karin.stampis.com\/blog\/index.php?rest_route=%2Fwp%2Fv2%2Fcategories&post=21366"},{"taxonomy":"post_tag","embeddable":true,"href":"http:\/\/karin.stampis.com\/blog\/index.php?rest_route=%2Fwp%2Fv2%2Ftags&post=21366"}],"curies":[{"name":"wp","href":"https:\/\/api.w.org\/{rel}","templated":true}]}}