{"id":21930,"date":"2017-05-30T07:18:09","date_gmt":"2017-05-30T06:18:09","guid":{"rendered":"http:\/\/karin.stampis.com\/blog\/?p=21930"},"modified":"2017-05-29T11:18:44","modified_gmt":"2017-05-29T10:18:44","slug":"mors-dag","status":"publish","type":"post","link":"http:\/\/karin.stampis.com\/blog\/?p=21930","title":{"rendered":"Mors dag"},"content":{"rendered":"<p>P\u00e5 mors dag fick jag blommor fr\u00e5n mina k\u00e4ra killar \ud83d\ude42 . Jag fick \u00e4ven en present &#8211; en solstol (helt r\u00e4tt t\u00e4nkt, chillande ska uppmuntras). P\u00e5 kv\u00e4llen s\u00e5 delade maken och jag en flaska ros\u00e9-bubbel och s\u00e5g p\u00e5 foto och lyssnade p\u00e5 musik. Trevligt p\u00e5fund det d\u00e4r med mors dag \ud83d\ude09 .<\/p>\n<p><a href=\"http:\/\/karin.stampis.com\/blog\/wp-content\/uploads\/2017\/05\/DSC05700.jpg\"><img loading=\"lazy\" decoding=\"async\" class=\"aligncenter size-full wp-image-21933\" src=\"http:\/\/karin.stampis.com\/blog\/wp-content\/uploads\/2017\/05\/DSC05700.jpg\" alt=\"\" width=\"400\" height=\"600\" srcset=\"http:\/\/karin.stampis.com\/blog\/wp-content\/uploads\/2017\/05\/DSC05700.jpg 400w, http:\/\/karin.stampis.com\/blog\/wp-content\/uploads\/2017\/05\/DSC05700-240x360.jpg 240w\" sizes=\"auto, (max-width: 400px) 100vw, 400px\" \/><\/a><\/p>\n<p><a href=\"http:\/\/karin.stampis.com\/blog\/wp-content\/uploads\/2017\/05\/DSC05703.jpg\"><img loading=\"lazy\" decoding=\"async\" class=\"aligncenter size-full wp-image-21934\" src=\"http:\/\/karin.stampis.com\/blog\/wp-content\/uploads\/2017\/05\/DSC05703.jpg\" alt=\"\" width=\"400\" height=\"600\" srcset=\"http:\/\/karin.stampis.com\/blog\/wp-content\/uploads\/2017\/05\/DSC05703.jpg 400w, http:\/\/karin.stampis.com\/blog\/wp-content\/uploads\/2017\/05\/DSC05703-240x360.jpg 240w\" sizes=\"auto, (max-width: 400px) 100vw, 400px\" \/><\/a><\/p>\n","protected":false},"excerpt":{"rendered":"<p>P\u00e5 mors dag fick jag blommor fr\u00e5n mina k\u00e4ra killar \ud83d\ude42 . Jag fick \u00e4ven en present &#8211; en solstol (helt r\u00e4tt t\u00e4nkt, chillande ska uppmuntras). P\u00e5 kv\u00e4llen s\u00e5 delade maken och jag en flaska ros\u00e9-bubbel och s\u00e5g p\u00e5 foto &hellip; <a href=\"http:\/\/karin.stampis.com\/blog\/?p=21930\">Continue reading <span class=\"meta-nav\">&rarr;<\/span><\/a><\/p>\n","protected":false},"author":1,"featured_media":0,"comment_status":"open","ping_status":"open","sticky":false,"template":"","format":"standard","meta":{"footnotes":""},"categories":[420,426],"tags":[79],"class_list":["post-21930","post","type-post","status-publish","format-standard","hentry","category-420","category-maj-2017","tag-blommor"],"_links":{"self":[{"href":"http:\/\/karin.stampis.com\/blog\/index.php?rest_route=\/wp\/v2\/posts\/21930","targetHints":{"allow":["GET"]}}],"collection":[{"href":"http:\/\/karin.stampis.com\/blog\/index.php?rest_route=\/wp\/v2\/posts"}],"about":[{"href":"http:\/\/karin.stampis.com\/blog\/index.php?rest_route=\/wp\/v2\/types\/post"}],"author":[{"embeddable":true,"href":"http:\/\/karin.stampis.com\/blog\/index.php?rest_route=\/wp\/v2\/users\/1"}],"replies":[{"embeddable":true,"href":"http:\/\/karin.stampis.com\/blog\/index.php?rest_route=%2Fwp%2Fv2%2Fcomments&post=21930"}],"version-history":[{"count":2,"href":"http:\/\/karin.stampis.com\/blog\/index.php?rest_route=\/wp\/v2\/posts\/21930\/revisions"}],"predecessor-version":[{"id":21935,"href":"http:\/\/karin.stampis.com\/blog\/index.php?rest_route=\/wp\/v2\/posts\/21930\/revisions\/21935"}],"wp:attachment":[{"href":"http:\/\/karin.stampis.com\/blog\/index.php?rest_route=%2Fwp%2Fv2%2Fmedia&parent=21930"}],"wp:term":[{"taxonomy":"category","embeddable":true,"href":"http:\/\/karin.stampis.com\/blog\/index.php?rest_route=%2Fwp%2Fv2%2Fcategories&post=21930"},{"taxonomy":"post_tag","embeddable":true,"href":"http:\/\/karin.stampis.com\/blog\/index.php?rest_route=%2Fwp%2Fv2%2Ftags&post=21930"}],"curies":[{"name":"wp","href":"https:\/\/api.w.org\/{rel}","templated":true}]}}