{"id":21941,"date":"2017-06-01T07:42:07","date_gmt":"2017-06-01T06:42:07","guid":{"rendered":"http:\/\/karin.stampis.com\/blog\/?p=21941"},"modified":"2017-05-29T11:42:19","modified_gmt":"2017-05-29T10:42:19","slug":"on-the-road-again-2","status":"publish","type":"post","link":"http:\/\/karin.stampis.com\/blog\/?p=21941","title":{"rendered":"On the road again"},"content":{"rendered":"<p>H\u00e4romkv\u00e4llen fick jag en stark inspiration att ta mig ut och springa. Jag har varit sugen p\u00e5 att springa under en l\u00e5ng tid nu, men har inte v\u00e5gat med tanke p\u00e5 att kroppen\u00a0\u00e4nd\u00e5 har varit igenom en graviditet och f\u00f6rlossning f\u00f6r inte s\u00e5 l\u00e4nge sedan. Men nu d\u00e5 Viktor inte \u00e4r s\u00e5 sugen p\u00e5 att \u00e5ka barnvagn, s\u00e5 m\u00e5ste jag hitta andra motionsformer. S\u00e5 nu var det dags! Efter att Alfred f\u00f6ddes s\u00e5 tog det j\u00e4ttel\u00e5ng tid tills jag kunde springa igen &#8211; jag fick konstant h\u00e5ll och ont i magen d\u00e5 jag f\u00f6rs\u00f6kte. Men nu gick det finfint &#8211; jag fick inte ens tr\u00e4ningsv\u00e4rk! Jag lullade p\u00e5 i en halvtimme i makligt tempo. Det var en s\u00e5 vacker kv\u00e4ll. Det k\u00e4ndes som om det var midsommar, med en h\u00e4rlig v\u00e4rme i luften, vackert kv\u00e4llsljus och en frodig gr\u00f6nska. Jag lyssnade p\u00e5 peppande musik och var s\u00e5 glad \u00f6ver att jag kunde springa igen. En n\u00e4stintill religi\u00f6s upplevelse \ud83d\ude09 .<\/p>\n<p style=\"text-align: center;\"><a href=\"http:\/\/karin.stampis.com\/blog\/wp-content\/uploads\/2017\/05\/DSC_0377.jpg\"><img loading=\"lazy\" decoding=\"async\" class=\"aligncenter size-full wp-image-21942\" src=\"http:\/\/karin.stampis.com\/blog\/wp-content\/uploads\/2017\/05\/DSC_0377.jpg\" alt=\"\" width=\"338\" height=\"600\" srcset=\"http:\/\/karin.stampis.com\/blog\/wp-content\/uploads\/2017\/05\/DSC_0377.jpg 338w, http:\/\/karin.stampis.com\/blog\/wp-content\/uploads\/2017\/05\/DSC_0377-203x360.jpg 203w\" sizes=\"auto, (max-width: 338px) 100vw, 338px\" \/><\/a><em>Springer p\u00e5! Tyv\u00e4rr ett r\u00e4tt d\u00e5ligt foto s\u00e5 jag fick inte f\u00e5ngat den vackra sommarkv\u00e4llen p\u00e5 bild.<\/em><\/p>\n","protected":false},"excerpt":{"rendered":"<p>H\u00e4romkv\u00e4llen fick jag en stark inspiration att ta mig ut och springa. Jag har varit sugen p\u00e5 att springa under en l\u00e5ng tid nu, men har inte v\u00e5gat med tanke p\u00e5 att kroppen\u00a0\u00e4nd\u00e5 har varit igenom en graviditet och f\u00f6rlossning &hellip; <a href=\"http:\/\/karin.stampis.com\/blog\/?p=21941\">Continue reading <span class=\"meta-nav\">&rarr;<\/span><\/a><\/p>\n","protected":false},"author":1,"featured_media":0,"comment_status":"open","ping_status":"open","sticky":false,"template":"","format":"standard","meta":{"footnotes":""},"categories":[420,427],"tags":[],"class_list":["post-21941","post","type-post","status-publish","format-standard","hentry","category-420","category-juni-2017"],"_links":{"self":[{"href":"http:\/\/karin.stampis.com\/blog\/index.php?rest_route=\/wp\/v2\/posts\/21941","targetHints":{"allow":["GET"]}}],"collection":[{"href":"http:\/\/karin.stampis.com\/blog\/index.php?rest_route=\/wp\/v2\/posts"}],"about":[{"href":"http:\/\/karin.stampis.com\/blog\/index.php?rest_route=\/wp\/v2\/types\/post"}],"author":[{"embeddable":true,"href":"http:\/\/karin.stampis.com\/blog\/index.php?rest_route=\/wp\/v2\/users\/1"}],"replies":[{"embeddable":true,"href":"http:\/\/karin.stampis.com\/blog\/index.php?rest_route=%2Fwp%2Fv2%2Fcomments&post=21941"}],"version-history":[{"count":1,"href":"http:\/\/karin.stampis.com\/blog\/index.php?rest_route=\/wp\/v2\/posts\/21941\/revisions"}],"predecessor-version":[{"id":21943,"href":"http:\/\/karin.stampis.com\/blog\/index.php?rest_route=\/wp\/v2\/posts\/21941\/revisions\/21943"}],"wp:attachment":[{"href":"http:\/\/karin.stampis.com\/blog\/index.php?rest_route=%2Fwp%2Fv2%2Fmedia&parent=21941"}],"wp:term":[{"taxonomy":"category","embeddable":true,"href":"http:\/\/karin.stampis.com\/blog\/index.php?rest_route=%2Fwp%2Fv2%2Fcategories&post=21941"},{"taxonomy":"post_tag","embeddable":true,"href":"http:\/\/karin.stampis.com\/blog\/index.php?rest_route=%2Fwp%2Fv2%2Ftags&post=21941"}],"curies":[{"name":"wp","href":"https:\/\/api.w.org\/{rel}","templated":true}]}}