{"id":21989,"date":"2017-06-13T07:16:18","date_gmt":"2017-06-13T06:16:18","guid":{"rendered":"http:\/\/karin.stampis.com\/blog\/?p=21989"},"modified":"2017-06-12T18:16:30","modified_gmt":"2017-06-12T17:16:30","slug":"viktor-10-manader","status":"publish","type":"post","link":"http:\/\/karin.stampis.com\/blog\/?p=21989","title":{"rendered":"Viktor 10 m\u00e5nader"},"content":{"rendered":"<p>P\u00e5 sistone har motoriken g\u00e5tt snabbt fram\u00e5t. Viktor \u00e4r \u00f6verallt nu :p . Han g\u00e5r l\u00e4ngs m\u00f6bler, och han f\u00f6rvandlar alla m\u00f6bler som han kan till g\u00e5stolar. Han \u00e4r inte lika risktagande som Alfred var p\u00e5 att g\u00e5 runt m\u00f6blerna, d\u00e4remot s\u00e5 kan han inte riktigt kalkylera risker med g\u00e5stolsm\u00f6blerna, s\u00e5 det har h\u00e4nt ibland att han har ramlat med hans matstol \u00f6ver sig (IKEAs stol, s\u00e5 den \u00e4r l\u00e4tt). Han har \u00e4ven b\u00f6rjat kl\u00e4ttra och har lyckats ta sig upp p\u00e5 saker. Han har blivit duktig p\u00e5 att st\u00e5 utan st\u00f6d och han \u00e4r s\u00e5 n\u00f6jd s\u00e5 varenda g\u00e5ng han g\u00f6r det \ud83d\ude42 . Han kan ibland ta sig fr\u00e5n sittande till st\u00e5ende, men annars tycker han att en liggande f\u00f6r\u00e4lder \u00e4r perfekt att st\u00f6dja sig mot f\u00f6r att komma upp till st\u00e5ende.<\/p>\n<p><a href=\"http:\/\/karin.stampis.com\/blog\/wp-content\/uploads\/2017\/06\/DSC_0417.jpg\"><img loading=\"lazy\" decoding=\"async\" class=\"aligncenter size-full wp-image-21993\" src=\"http:\/\/karin.stampis.com\/blog\/wp-content\/uploads\/2017\/06\/DSC_0417.jpg\" alt=\"\" width=\"338\" height=\"600\" srcset=\"http:\/\/karin.stampis.com\/blog\/wp-content\/uploads\/2017\/06\/DSC_0417.jpg 338w, http:\/\/karin.stampis.com\/blog\/wp-content\/uploads\/2017\/06\/DSC_0417-203x360.jpg 203w\" sizes=\"auto, (max-width: 338px) 100vw, 338px\" \/><\/a><\/p>\n<p><a href=\"http:\/\/karin.stampis.com\/blog\/wp-content\/uploads\/2017\/06\/DSC_0454.jpg\"><img loading=\"lazy\" decoding=\"async\" class=\"aligncenter size-full wp-image-21994\" src=\"http:\/\/karin.stampis.com\/blog\/wp-content\/uploads\/2017\/06\/DSC_0454.jpg\" alt=\"\" width=\"600\" height=\"415\" srcset=\"http:\/\/karin.stampis.com\/blog\/wp-content\/uploads\/2017\/06\/DSC_0454.jpg 600w, http:\/\/karin.stampis.com\/blog\/wp-content\/uploads\/2017\/06\/DSC_0454-360x249.jpg 360w\" sizes=\"auto, (max-width: 600px) 100vw, 600px\" \/><\/a><\/p>\n<p><em> En torkst\u00e4llning funkar bra som g\u00e5stol. Stolen st\u00e5r vid d\u00f6rren f\u00f6r att Viktor alltid ska dra i f\u00e4stena f\u00f6r plissedagardinerna&#8230;<\/em><\/p>\n<p><a href=\"http:\/\/karin.stampis.com\/blog\/wp-content\/uploads\/2017\/06\/DSC_0455.jpg\"><img loading=\"lazy\" decoding=\"async\" class=\"aligncenter size-full wp-image-21995\" src=\"http:\/\/karin.stampis.com\/blog\/wp-content\/uploads\/2017\/06\/DSC_0455.jpg\" alt=\"\" width=\"600\" height=\"395\" srcset=\"http:\/\/karin.stampis.com\/blog\/wp-content\/uploads\/2017\/06\/DSC_0455.jpg 600w, http:\/\/karin.stampis.com\/blog\/wp-content\/uploads\/2017\/06\/DSC_0455-360x237.jpg 360w\" sizes=\"auto, (max-width: 600px) 100vw, 600px\" \/><\/a><\/p>\n<p><a href=\"http:\/\/karin.stampis.com\/blog\/wp-content\/uploads\/2017\/06\/DSC_0457.jpg\"><img loading=\"lazy\" decoding=\"async\" class=\"aligncenter size-full wp-image-21996\" src=\"http:\/\/karin.stampis.com\/blog\/wp-content\/uploads\/2017\/06\/DSC_0457.jpg\" alt=\"\" width=\"338\" height=\"600\" srcset=\"http:\/\/karin.stampis.com\/blog\/wp-content\/uploads\/2017\/06\/DSC_0457.jpg 338w, http:\/\/karin.stampis.com\/blog\/wp-content\/uploads\/2017\/06\/DSC_0457-203x360.jpg 203w\" sizes=\"auto, (max-width: 338px) 100vw, 338px\" \/><\/a><\/p>\n<p><em>Kl\u00e4ttring uppf\u00f6r trappa. Han gick halva trappan sj\u00e4lv. Nu har \u00e4ntligen s\u00e4kerhetsgrinden kommit s\u00e5 den ska vi h\u00e4mta ut idag och placera vid trappuppg\u00e5ngen! Mer kl\u00e4ttringsbilder nedan&#8230;<\/em><\/p>\n<p><a href=\"http:\/\/karin.stampis.com\/blog\/wp-content\/uploads\/2017\/06\/DSC_0474.jpg\"><img loading=\"lazy\" decoding=\"async\" class=\"aligncenter size-full wp-image-22009\" src=\"http:\/\/karin.stampis.com\/blog\/wp-content\/uploads\/2017\/06\/DSC_0474.jpg\" alt=\"\" width=\"338\" height=\"600\" srcset=\"http:\/\/karin.stampis.com\/blog\/wp-content\/uploads\/2017\/06\/DSC_0474.jpg 338w, http:\/\/karin.stampis.com\/blog\/wp-content\/uploads\/2017\/06\/DSC_0474-203x360.jpg 203w\" sizes=\"auto, (max-width: 338px) 100vw, 338px\" \/><\/a><\/p>\n<p><a href=\"http:\/\/karin.stampis.com\/blog\/wp-content\/uploads\/2017\/06\/DSC_0478.jpg\"><img loading=\"lazy\" decoding=\"async\" class=\"aligncenter size-full wp-image-22010\" src=\"http:\/\/karin.stampis.com\/blog\/wp-content\/uploads\/2017\/06\/DSC_0478.jpg\" alt=\"\" width=\"329\" height=\"600\" srcset=\"http:\/\/karin.stampis.com\/blog\/wp-content\/uploads\/2017\/06\/DSC_0478.jpg 329w, http:\/\/karin.stampis.com\/blog\/wp-content\/uploads\/2017\/06\/DSC_0478-197x360.jpg 197w\" sizes=\"auto, (max-width: 329px) 100vw, 329px\" \/><\/a><\/p>\n<p><a href=\"http:\/\/karin.stampis.com\/blog\/wp-content\/uploads\/2017\/06\/DSC_0482.jpg\"><img loading=\"lazy\" decoding=\"async\" class=\"aligncenter size-full wp-image-22011\" src=\"http:\/\/karin.stampis.com\/blog\/wp-content\/uploads\/2017\/06\/DSC_0482.jpg\" alt=\"\" width=\"338\" height=\"600\" srcset=\"http:\/\/karin.stampis.com\/blog\/wp-content\/uploads\/2017\/06\/DSC_0482.jpg 338w, http:\/\/karin.stampis.com\/blog\/wp-content\/uploads\/2017\/06\/DSC_0482-203x360.jpg 203w\" sizes=\"auto, (max-width: 338px) 100vw, 338px\" \/><\/a><\/p>\n<p><a href=\"http:\/\/karin.stampis.com\/blog\/wp-content\/uploads\/2017\/06\/DSC05929.jpg\"><img loading=\"lazy\" decoding=\"async\" class=\"aligncenter size-full wp-image-21999\" src=\"http:\/\/karin.stampis.com\/blog\/wp-content\/uploads\/2017\/06\/DSC05929.jpg\" alt=\"\" width=\"600\" height=\"400\" srcset=\"http:\/\/karin.stampis.com\/blog\/wp-content\/uploads\/2017\/06\/DSC05929.jpg 600w, http:\/\/karin.stampis.com\/blog\/wp-content\/uploads\/2017\/06\/DSC05929-360x240.jpg 360w\" sizes=\"auto, (max-width: 600px) 100vw, 600px\" \/><\/a><\/p>\n<p><em>Ett foto p\u00e5 Viktor som st\u00e5r upp, efter att tagit st\u00f6d mot dammsugaren. Han \u00e4lskar dammsugaren &#8211; d\u00e5 den kommer ut s\u00e5 utbrister han i riktiga gl\u00e4djetjut.<\/em><\/p>\n<p>Han har nu 6 t\u00e4nder som han gillar att bitas med. Han \u00e4r \u00e4ven r\u00e4tt bra p\u00e5 att tugga mat. Han vill g\u00e4rna ha plockmat ist\u00e4llet f\u00f6r att bli matad. Favoriten nu (n\u00e4st mj\u00f6lk) \u00e4r vattenmelon. Och slutligen kan han nu \u00e4ta en hel portion gr\u00f6t istf halvportioner. Man skulle kunna tro att en s\u00e5 stor kille \u00e5t mer, men det \u00e4r v\u00e4l natt\u00e4tandet som sp\u00f6kar. Japp, fortfarande nattamning f\u00f6r honom. Jag vill g\u00e4rna att han tar det lugnt med natt\u00e4tandet i alla fall mellan kl 24 och 07. Och i b\u00f6rjan av juli ska jag vara borta en natt s\u00e5 \u00e4r lite nerv\u00f6s inf\u00f6r det. Men de goda nyheterna p\u00e5 den fronten \u00e4r att han nu dricker v\u00e4lling! Tydligen var fullkornv\u00e4lling mer popul\u00e4rt \u00e4n havrev\u00e4lling. Men \u00e4n s\u00e5 l\u00e4nge har han inte visat n\u00e5gon superentusiasm f\u00f6r n\u00e5gon typ av mat, f\u00f6rutom d\u00e5 mj\u00f6lken. D\u00e5 man l\u00e4gger honom p\u00e5 s\u00e4ngen f\u00f6r amning (han ammar bara innan sovdags vid lunch och kv\u00e4ll, plus d\u00e5 under natten) s\u00e5 \u00e4r han dock mycket entusiastisk.<\/p>\n<p>&nbsp;<\/p>\n<p>Han \u00e4r en ganska ljudlig bebis, och han har b\u00f6rjat prata lite tv\u00e5-staviga ord (ma-ma, ba-ba). D\u00e5 han \u00e4r glad \u00f6ver n\u00e5got tjuter han ljudligt, och d\u00e5 han g\u00f6r nummer 2 i bl\u00f6jan, s\u00e5 h\u00f6rs det. Han \u00e4r en glad filur men han har nog lite hum\u00f6r. Han \u00e4r inte helt f\u00f6ljsam vid bl\u00f6jbyten, kl\u00e4dbyten och skrubbning efter maten. D\u00e4remot s\u00e5 \u00c4LSKAR han att bada. Han blir helt till sig s\u00e5 fort han ser badkaret och skv\u00e4tter lyriskt d\u00e5 han v\u00e4l f\u00e5r bada och \u00e4r inte r\u00e4dd f\u00f6r att f\u00e5 vatten i \u00f6gonen (han och storebror \u00e4r helt olika d\u00e4r). Ser fram emot poolh\u00e4ng i sommar!<\/p>\n<p>Ibland har han haft sm\u00e5 st\u00f6rningar p\u00e5 s\u00f6mnen, d\u00e5 han har vaknat lite v\u00e4l tidigt eller tjoat n\u00e5n timme mitt i natten, men vanligtvis sover han \u00a0fr\u00e5n ca 18.30-19 tiden till 07.00 ca (+-1h). Tror alltid jag \u00e4r mitt i en dr\u00f6m d\u00e5 klockan \u00e4r halv 7 och jag har en sovande bebis!<\/p>\n<p>D\u00e5 jag kollade p\u00e5 Alfreds 10-m\u00e5nadersinl\u00e4gg s\u00e5 stod det s\u00e5h\u00e4r <em>&#8220;\u00c4ven s\u00f6mnen g\u00e5r f\u00f6r tillf\u00e4llet lite b\u00e4ttre, och p\u00e5 sistone har han somnat runt 9 halv 10. Ig\u00e5r skippade vi andra sovstunden och h\u00f6ll honom vaken, och d\u00e5 somnade han redan kl 19.50! Rekord! D\u00e5 passade vi p\u00e5 att korka upp en vinflaska, hehe. Sen vaknade han iofs vid 11-tiden, och d\u00e5 somnade vi alla tre d\u00e5 vi skulle natta honom :p . Kort vinkv\u00e4ll, haha :p .&#8221; <\/em><\/p>\n<p>En f\u00f6rklaring till att Viktor somnar tidigare kan dock vara att vi har skippat den andra sovstunden i ett tag nu, fast \u00e5 andra sidan s\u00e5 somnade han inte s\u00e5 sent d\u00e5 han sov 2 g\u00e5nger per dag heller. Syskon \u00e4r olika helt enkelt! (och det d\u00e4r med 9 halv 10 g\u00e4ller fortfarande f\u00f6r Alfred, iaf p\u00e5 sommaren).<\/p>\n<p>Viktor och jag har det g\u00f6tt ihop p\u00e5 dagarna (men nu \u00e4r det inte l\u00e5ng tid kvar som vi ska h\u00e4nga ihop bara vi 2 l\u00e4ngre). Vi har ett barns\u00e4krat allrum p\u00e5 ovanv\u00e5ningen, d\u00e4r det ligger en massa leksamer, s\u00e5 han g\u00e5r mest runt och lattjar med dom och g\u00e5r\/kl\u00e4ttrar l\u00e4ngs m\u00f6bler. N\u00e4r han vill ha uppm\u00e4rksamhet s\u00e5 kommer han till mig och bits lite :p .<\/p>\n<p>Och s\u00e5 storleken. BVC-bes\u00f6k senare idag &#8211; resultat fr\u00e5n dagens inv\u00e4gning och m\u00e4tning\u00a0kommer. Storlek 86\/92 g\u00e4ller nu. Alfred anv\u00e4nder\u00a0fortfarande endel plagg i 98 s\u00e5 dessa beh\u00f6ver jag v\u00e4l knappt plocka undan&#8230;<\/p>\n","protected":false},"excerpt":{"rendered":"<p>P\u00e5 sistone har motoriken g\u00e5tt snabbt fram\u00e5t. Viktor \u00e4r \u00f6verallt nu :p . Han g\u00e5r l\u00e4ngs m\u00f6bler, och han f\u00f6rvandlar alla m\u00f6bler som han kan till g\u00e5stolar. Han \u00e4r inte lika risktagande som Alfred var p\u00e5 att g\u00e5 runt m\u00f6blerna, &hellip; <a href=\"http:\/\/karin.stampis.com\/blog\/?p=21989\">Continue reading <span class=\"meta-nav\">&rarr;<\/span><\/a><\/p>\n","protected":false},"author":1,"featured_media":0,"comment_status":"open","ping_status":"open","sticky":false,"template":"","format":"standard","meta":{"footnotes":""},"categories":[420,427,410,413],"tags":[],"class_list":["post-21989","post","type-post","status-publish","format-standard","hentry","category-420","category-juni-2017","category-viktor","category-viktor-fyller-manad"],"_links":{"self":[{"href":"http:\/\/karin.stampis.com\/blog\/index.php?rest_route=\/wp\/v2\/posts\/21989","targetHints":{"allow":["GET"]}}],"collection":[{"href":"http:\/\/karin.stampis.com\/blog\/index.php?rest_route=\/wp\/v2\/posts"}],"about":[{"href":"http:\/\/karin.stampis.com\/blog\/index.php?rest_route=\/wp\/v2\/types\/post"}],"author":[{"embeddable":true,"href":"http:\/\/karin.stampis.com\/blog\/index.php?rest_route=\/wp\/v2\/users\/1"}],"replies":[{"embeddable":true,"href":"http:\/\/karin.stampis.com\/blog\/index.php?rest_route=%2Fwp%2Fv2%2Fcomments&post=21989"}],"version-history":[{"count":5,"href":"http:\/\/karin.stampis.com\/blog\/index.php?rest_route=\/wp\/v2\/posts\/21989\/revisions"}],"predecessor-version":[{"id":22013,"href":"http:\/\/karin.stampis.com\/blog\/index.php?rest_route=\/wp\/v2\/posts\/21989\/revisions\/22013"}],"wp:attachment":[{"href":"http:\/\/karin.stampis.com\/blog\/index.php?rest_route=%2Fwp%2Fv2%2Fmedia&parent=21989"}],"wp:term":[{"taxonomy":"category","embeddable":true,"href":"http:\/\/karin.stampis.com\/blog\/index.php?rest_route=%2Fwp%2Fv2%2Fcategories&post=21989"},{"taxonomy":"post_tag","embeddable":true,"href":"http:\/\/karin.stampis.com\/blog\/index.php?rest_route=%2Fwp%2Fv2%2Ftags&post=21989"}],"curies":[{"name":"wp","href":"https:\/\/api.w.org\/{rel}","templated":true}]}}