{"id":22001,"date":"2017-06-15T07:17:33","date_gmt":"2017-06-15T06:17:33","guid":{"rendered":"http:\/\/karin.stampis.com\/blog\/?p=22001"},"modified":"2017-06-12T18:17:48","modified_gmt":"2017-06-12T17:17:48","slug":"matsack","status":"publish","type":"post","link":"http:\/\/karin.stampis.com\/blog\/?p=22001","title":{"rendered":"Mats\u00e4ck"},"content":{"rendered":"<p>F\u00f6rra veckan var Alfred iv\u00e4g p\u00e5 en utflykt med f\u00f6rskolan. De skulle ha med sig mats\u00e4ck. T\u00e4nkte att vi ju kunde vara lite pyssliga, s\u00e5 det blev pizzabullsbakande. D.v.s. jag beordrade maken att g\u00f6ra pizzabullar, bakning \u00e4r hans grej \ud83d\ude09 . Alfred hj\u00e4lpte till. Sj\u00e4lv var jag ute och sprang en runda i regnet s\u00e5 jag kunde \u00e4ta en massa bullar d\u00e5 jag kom hem \ud83d\ude09 . Muuuuums. Skickade med honom 4 bullar (och 2 \u00e4pplen) p\u00e5 utflykten, och allt gick\u00a0\u00e5t (fast han gav bort en bulle till en kompis som tyckte att de s\u00e5g goda ut).<\/p>\n<p><a href=\"http:\/\/karin.stampis.com\/blog\/wp-content\/uploads\/2017\/06\/DSC05876.jpg\"><img loading=\"lazy\" decoding=\"async\" class=\"aligncenter size-full wp-image-22002\" src=\"http:\/\/karin.stampis.com\/blog\/wp-content\/uploads\/2017\/06\/DSC05876.jpg\" alt=\"\" width=\"479\" height=\"600\" srcset=\"http:\/\/karin.stampis.com\/blog\/wp-content\/uploads\/2017\/06\/DSC05876.jpg 479w, http:\/\/karin.stampis.com\/blog\/wp-content\/uploads\/2017\/06\/DSC05876-287x360.jpg 287w\" sizes=\"auto, (max-width: 479px) 100vw, 479px\" \/><\/a><\/p>\n<p style=\"text-align: center;\"><em>Hj\u00e4lper till att kavla (det upp-och-nerv\u00e4nda bordet i bakgrunden \u00e4r en hemmagjort s\u00e4kerhetsgrind mot TV-omr\u00e5det).<\/em><\/p>\n<p><a href=\"http:\/\/karin.stampis.com\/blog\/wp-content\/uploads\/2017\/06\/DSC05877.jpg\"><img loading=\"lazy\" decoding=\"async\" class=\"aligncenter size-full wp-image-22003\" src=\"http:\/\/karin.stampis.com\/blog\/wp-content\/uploads\/2017\/06\/DSC05877.jpg\" alt=\"\" width=\"480\" height=\"600\" srcset=\"http:\/\/karin.stampis.com\/blog\/wp-content\/uploads\/2017\/06\/DSC05877.jpg 480w, http:\/\/karin.stampis.com\/blog\/wp-content\/uploads\/2017\/06\/DSC05877-288x360.jpg 288w\" sizes=\"auto, (max-width: 480px) 100vw, 480px\" \/><\/a><\/p>\n<p><a href=\"http:\/\/karin.stampis.com\/blog\/wp-content\/uploads\/2017\/06\/DSC05884.jpg\"><img loading=\"lazy\" decoding=\"async\" class=\"aligncenter size-full wp-image-22004\" src=\"http:\/\/karin.stampis.com\/blog\/wp-content\/uploads\/2017\/06\/DSC05884.jpg\" alt=\"\" width=\"400\" height=\"600\" srcset=\"http:\/\/karin.stampis.com\/blog\/wp-content\/uploads\/2017\/06\/DSC05884.jpg 400w, http:\/\/karin.stampis.com\/blog\/wp-content\/uploads\/2017\/06\/DSC05884-240x360.jpg 240w\" sizes=\"auto, (max-width: 400px) 100vw, 400px\" \/><\/a><\/p>\n<p><a href=\"http:\/\/karin.stampis.com\/blog\/wp-content\/uploads\/2017\/06\/DSC05893.jpg\"><img loading=\"lazy\" decoding=\"async\" class=\"aligncenter size-full wp-image-22005\" src=\"http:\/\/karin.stampis.com\/blog\/wp-content\/uploads\/2017\/06\/DSC05893.jpg\" alt=\"\" width=\"600\" height=\"400\" srcset=\"http:\/\/karin.stampis.com\/blog\/wp-content\/uploads\/2017\/06\/DSC05893.jpg 600w, http:\/\/karin.stampis.com\/blog\/wp-content\/uploads\/2017\/06\/DSC05893-360x240.jpg 360w\" sizes=\"auto, (max-width: 600px) 100vw, 600px\" \/><\/a><\/p>\n<p style=\"text-align: center;\"><em> Sen tog Alfred kameran s\u00e5 det fanns\u00a0en massa foton fr\u00e5n hans synvinkel \ud83d\ude09<\/em><\/p>\n<p><a href=\"http:\/\/karin.stampis.com\/blog\/wp-content\/uploads\/2017\/06\/DSC05924.jpg\"><img loading=\"lazy\" decoding=\"async\" class=\"aligncenter size-full wp-image-22006\" src=\"http:\/\/karin.stampis.com\/blog\/wp-content\/uploads\/2017\/06\/DSC05924.jpg\" alt=\"\" width=\"600\" height=\"374\" srcset=\"http:\/\/karin.stampis.com\/blog\/wp-content\/uploads\/2017\/06\/DSC05924.jpg 600w, http:\/\/karin.stampis.com\/blog\/wp-content\/uploads\/2017\/06\/DSC05924-360x224.jpg 360w\" sizes=\"auto, (max-width: 600px) 100vw, 600px\" \/><\/a><\/p>\n<p style=\"text-align: center;\"><em>Nom nom nom<\/em><\/p>\n","protected":false},"excerpt":{"rendered":"<p>F\u00f6rra veckan var Alfred iv\u00e4g p\u00e5 en utflykt med f\u00f6rskolan. De skulle ha med sig mats\u00e4ck. T\u00e4nkte att vi ju kunde vara lite pyssliga, s\u00e5 det blev pizzabullsbakande. D.v.s. jag beordrade maken att g\u00f6ra pizzabullar, bakning \u00e4r hans grej \ud83d\ude09 &hellip; <a href=\"http:\/\/karin.stampis.com\/blog\/?p=22001\">Continue reading <span class=\"meta-nav\">&rarr;<\/span><\/a><\/p>\n","protected":false},"author":1,"featured_media":0,"comment_status":"open","ping_status":"open","sticky":false,"template":"","format":"standard","meta":{"footnotes":""},"categories":[420,322,427],"tags":[],"class_list":["post-22001","post","type-post","status-publish","format-standard","hentry","category-420","category-alfred","category-juni-2017"],"_links":{"self":[{"href":"http:\/\/karin.stampis.com\/blog\/index.php?rest_route=\/wp\/v2\/posts\/22001","targetHints":{"allow":["GET"]}}],"collection":[{"href":"http:\/\/karin.stampis.com\/blog\/index.php?rest_route=\/wp\/v2\/posts"}],"about":[{"href":"http:\/\/karin.stampis.com\/blog\/index.php?rest_route=\/wp\/v2\/types\/post"}],"author":[{"embeddable":true,"href":"http:\/\/karin.stampis.com\/blog\/index.php?rest_route=\/wp\/v2\/users\/1"}],"replies":[{"embeddable":true,"href":"http:\/\/karin.stampis.com\/blog\/index.php?rest_route=%2Fwp%2Fv2%2Fcomments&post=22001"}],"version-history":[{"count":3,"href":"http:\/\/karin.stampis.com\/blog\/index.php?rest_route=\/wp\/v2\/posts\/22001\/revisions"}],"predecessor-version":[{"id":22014,"href":"http:\/\/karin.stampis.com\/blog\/index.php?rest_route=\/wp\/v2\/posts\/22001\/revisions\/22014"}],"wp:attachment":[{"href":"http:\/\/karin.stampis.com\/blog\/index.php?rest_route=%2Fwp%2Fv2%2Fmedia&parent=22001"}],"wp:term":[{"taxonomy":"category","embeddable":true,"href":"http:\/\/karin.stampis.com\/blog\/index.php?rest_route=%2Fwp%2Fv2%2Fcategories&post=22001"},{"taxonomy":"post_tag","embeddable":true,"href":"http:\/\/karin.stampis.com\/blog\/index.php?rest_route=%2Fwp%2Fv2%2Ftags&post=22001"}],"curies":[{"name":"wp","href":"https:\/\/api.w.org\/{rel}","templated":true}]}}