{"id":22018,"date":"2017-06-18T19:31:20","date_gmt":"2017-06-18T18:31:20","guid":{"rendered":"http:\/\/karin.stampis.com\/blog\/?p=22018"},"modified":"2017-06-18T19:31:20","modified_gmt":"2017-06-18T18:31:20","slug":"10-manaders-bvc-besok","status":"publish","type":"post","link":"http:\/\/karin.stampis.com\/blog\/?p=22018","title":{"rendered":"10-m\u00e5naders BVC bes\u00f6k"},"content":{"rendered":"<p>P\u00e5 10-m\u00e5nadersdagen var det BVC-bes\u00f6k. D\u00e5 v\u00e4gde Viktor 13 kg (eller tja, 12.95) och var 78 cm. +3 i vikt och n\u00e4stan +2 i l\u00e4ngd. Alfred v\u00e4gde 9.92 och var 74.5 i samma \u00e5lder.<\/p>\n<p>H\u00e4r leker han i v\u00e4ntrummet p\u00e5 BVC. Han tyckte att det var superskoj. Jag blir s\u00e5 glad d\u00e5 han leker, speciellt eftersom Alfred har slutat leka sj\u00e4lv med leksaker (&#8220;Jag tycker inte om att leka&#8221; s\u00e4ger han). Man uppskattar bebistiden p\u00e5 ett annat s\u00e4tt nu d\u00e5 man har \u00e4ldre barn!<\/p>\n<p><a href=\"http:\/\/karin.stampis.com\/blog\/wp-content\/uploads\/2017\/06\/DSC_0489.jpg\"><img loading=\"lazy\" decoding=\"async\" class=\"aligncenter size-full wp-image-22019\" src=\"http:\/\/karin.stampis.com\/blog\/wp-content\/uploads\/2017\/06\/DSC_0489.jpg\" alt=\"\" width=\"338\" height=\"600\" srcset=\"http:\/\/karin.stampis.com\/blog\/wp-content\/uploads\/2017\/06\/DSC_0489.jpg 338w, http:\/\/karin.stampis.com\/blog\/wp-content\/uploads\/2017\/06\/DSC_0489-203x360.jpg 203w\" sizes=\"auto, (max-width: 338px) 100vw, 338px\" \/><\/a><\/p>\n<p><a href=\"http:\/\/karin.stampis.com\/blog\/wp-content\/uploads\/2017\/06\/DSC_0491.jpg\"><img loading=\"lazy\" decoding=\"async\" class=\"aligncenter size-full wp-image-22020\" src=\"http:\/\/karin.stampis.com\/blog\/wp-content\/uploads\/2017\/06\/DSC_0491.jpg\" alt=\"\" width=\"319\" height=\"600\" srcset=\"http:\/\/karin.stampis.com\/blog\/wp-content\/uploads\/2017\/06\/DSC_0491.jpg 319w, http:\/\/karin.stampis.com\/blog\/wp-content\/uploads\/2017\/06\/DSC_0491-191x360.jpg 191w\" sizes=\"auto, (max-width: 319px) 100vw, 319px\" \/><\/a><\/p>\n","protected":false},"excerpt":{"rendered":"<p>P\u00e5 10-m\u00e5nadersdagen var det BVC-bes\u00f6k. D\u00e5 v\u00e4gde Viktor 13 kg (eller tja, 12.95) och var 78 cm. +3 i vikt och n\u00e4stan +2 i l\u00e4ngd. Alfred v\u00e4gde 9.92 och var 74.5 i samma \u00e5lder. H\u00e4r leker han i v\u00e4ntrummet p\u00e5 &hellip; <a href=\"http:\/\/karin.stampis.com\/blog\/?p=22018\">Continue reading <span class=\"meta-nav\">&rarr;<\/span><\/a><\/p>\n","protected":false},"author":1,"featured_media":0,"comment_status":"open","ping_status":"open","sticky":false,"template":"","format":"standard","meta":{"footnotes":""},"categories":[420,427,410],"tags":[],"class_list":["post-22018","post","type-post","status-publish","format-standard","hentry","category-420","category-juni-2017","category-viktor"],"_links":{"self":[{"href":"http:\/\/karin.stampis.com\/blog\/index.php?rest_route=\/wp\/v2\/posts\/22018","targetHints":{"allow":["GET"]}}],"collection":[{"href":"http:\/\/karin.stampis.com\/blog\/index.php?rest_route=\/wp\/v2\/posts"}],"about":[{"href":"http:\/\/karin.stampis.com\/blog\/index.php?rest_route=\/wp\/v2\/types\/post"}],"author":[{"embeddable":true,"href":"http:\/\/karin.stampis.com\/blog\/index.php?rest_route=\/wp\/v2\/users\/1"}],"replies":[{"embeddable":true,"href":"http:\/\/karin.stampis.com\/blog\/index.php?rest_route=%2Fwp%2Fv2%2Fcomments&post=22018"}],"version-history":[{"count":1,"href":"http:\/\/karin.stampis.com\/blog\/index.php?rest_route=\/wp\/v2\/posts\/22018\/revisions"}],"predecessor-version":[{"id":22021,"href":"http:\/\/karin.stampis.com\/blog\/index.php?rest_route=\/wp\/v2\/posts\/22018\/revisions\/22021"}],"wp:attachment":[{"href":"http:\/\/karin.stampis.com\/blog\/index.php?rest_route=%2Fwp%2Fv2%2Fmedia&parent=22018"}],"wp:term":[{"taxonomy":"category","embeddable":true,"href":"http:\/\/karin.stampis.com\/blog\/index.php?rest_route=%2Fwp%2Fv2%2Fcategories&post=22018"},{"taxonomy":"post_tag","embeddable":true,"href":"http:\/\/karin.stampis.com\/blog\/index.php?rest_route=%2Fwp%2Fv2%2Ftags&post=22018"}],"curies":[{"name":"wp","href":"https:\/\/api.w.org\/{rel}","templated":true}]}}