{"id":22024,"date":"2017-06-22T06:31:39","date_gmt":"2017-06-22T05:31:39","guid":{"rendered":"http:\/\/karin.stampis.com\/blog\/?p=22024"},"modified":"2017-06-20T09:32:59","modified_gmt":"2017-06-20T08:32:59","slug":"promenad-efter-forskolan","status":"publish","type":"post","link":"http:\/\/karin.stampis.com\/blog\/?p=22024","title":{"rendered":"Promenad efter f\u00f6rskolan"},"content":{"rendered":"<p>En dag i f\u00f6rra veckan s\u00e5\u00a0gick vi en runda efter f\u00f6rskolan. Det \u00e4r en bra grej att g\u00f6ra &#8211; man kommer ut, det \u00e4r mindre gnabb \u00e4n d\u00e5 kidsen \u00e4r inomhus, och de blir lite gladare och tr\u00f6ttare. Men man g\u00f6r det alltf\u00f6r s\u00e4llan.<\/p>\n<p>Jag sa till Alfred att vi kunde se om vi hittade n\u00e5gra fina blommor att plocka. Jag f\u00f6rs\u00f6ker uppmuntra Alfred att reflektera \u00f6ver hur vackra saker kan vara, som t.ex. blommor. Det g\u00e5r ganska bra, t.ex s\u00e5 \u00e4r han s\u00e5 stolt \u00f6ver den fina buketten som han och n\u00e4stkusinerna plockade till Eva tidigare (&#8220;den finaste buketten n\u00e5nsin&#8221;). Vi hittade en ensam vallmo som stod vid lekplatsen, som jag fr\u00e5gade om han ville plocka. Han s\u00e5g att det fanns outslagna blommor bredvid den. D\u00e5 sa han &#8220;Nej, jag vill inte plocka den, f\u00f6r den \u00e4r ensam nu, s\u00e5 jag vill v\u00e4nta tills blommans mamma och pappa kommit (dvs de outslagna blomorna) s\u00e5 de kan vara med is\u00e5fall&#8221;. Sen har han fr\u00e5gat mig efter f\u00f6rskolan om vi kan g\u00e5 till lekplatsen och se om vallmon f\u00e5tt sin mamma och pappa. Tyv\u00e4rr s\u00e5 visade det sig att den inte har f\u00e5tt det och vallmons blad har blommat \u00f6ver och bl\u00e5st bort \ud83d\ude41 .<\/p>\n<p>Sen gick vi p\u00e5 j\u00e4rnv\u00e4gssp\u00e5ret, d\u00e4r Alfred sprang rusher som jag tog tiden p\u00e5.<\/p>\n<p><a href=\"http:\/\/karin.stampis.com\/blog\/wp-content\/uploads\/2017\/06\/DSC_0497.jpg\"><img loading=\"lazy\" decoding=\"async\" class=\"aligncenter size-full wp-image-22035\" src=\"http:\/\/karin.stampis.com\/blog\/wp-content\/uploads\/2017\/06\/DSC_0497.jpg\" alt=\"\" width=\"600\" height=\"338\" srcset=\"http:\/\/karin.stampis.com\/blog\/wp-content\/uploads\/2017\/06\/DSC_0497.jpg 600w, http:\/\/karin.stampis.com\/blog\/wp-content\/uploads\/2017\/06\/DSC_0497-360x203.jpg 360w\" sizes=\"auto, (max-width: 600px) 100vw, 600px\" \/><\/a><\/p>\n<p>Sen gick vi till en lekplats. Viktor hade vaknat d\u00e5 och ville vara med han ocks\u00e5.<\/p>\n<p><a href=\"http:\/\/karin.stampis.com\/blog\/wp-content\/uploads\/2017\/06\/DSC_0505.jpg\"><img loading=\"lazy\" decoding=\"async\" class=\"aligncenter size-full wp-image-22038\" src=\"http:\/\/karin.stampis.com\/blog\/wp-content\/uploads\/2017\/06\/DSC_0505.jpg\" alt=\"\" width=\"600\" height=\"338\" srcset=\"http:\/\/karin.stampis.com\/blog\/wp-content\/uploads\/2017\/06\/DSC_0505.jpg 600w, http:\/\/karin.stampis.com\/blog\/wp-content\/uploads\/2017\/06\/DSC_0505-360x203.jpg 360w\" sizes=\"auto, (max-width: 600px) 100vw, 600px\" \/><\/a><\/p>\n<p>&nbsp;<\/p>\n","protected":false},"excerpt":{"rendered":"<p>En dag i f\u00f6rra veckan s\u00e5\u00a0gick vi en runda efter f\u00f6rskolan. Det \u00e4r en bra grej att g\u00f6ra &#8211; man kommer ut, det \u00e4r mindre gnabb \u00e4n d\u00e5 kidsen \u00e4r inomhus, och de blir lite gladare och tr\u00f6ttare. Men man &hellip; <a href=\"http:\/\/karin.stampis.com\/blog\/?p=22024\">Continue reading <span class=\"meta-nav\">&rarr;<\/span><\/a><\/p>\n","protected":false},"author":1,"featured_media":0,"comment_status":"open","ping_status":"open","sticky":false,"template":"","format":"standard","meta":{"footnotes":""},"categories":[420,322,427,410],"tags":[],"class_list":["post-22024","post","type-post","status-publish","format-standard","hentry","category-420","category-alfred","category-juni-2017","category-viktor"],"_links":{"self":[{"href":"http:\/\/karin.stampis.com\/blog\/index.php?rest_route=\/wp\/v2\/posts\/22024","targetHints":{"allow":["GET"]}}],"collection":[{"href":"http:\/\/karin.stampis.com\/blog\/index.php?rest_route=\/wp\/v2\/posts"}],"about":[{"href":"http:\/\/karin.stampis.com\/blog\/index.php?rest_route=\/wp\/v2\/types\/post"}],"author":[{"embeddable":true,"href":"http:\/\/karin.stampis.com\/blog\/index.php?rest_route=\/wp\/v2\/users\/1"}],"replies":[{"embeddable":true,"href":"http:\/\/karin.stampis.com\/blog\/index.php?rest_route=%2Fwp%2Fv2%2Fcomments&post=22024"}],"version-history":[{"count":6,"href":"http:\/\/karin.stampis.com\/blog\/index.php?rest_route=\/wp\/v2\/posts\/22024\/revisions"}],"predecessor-version":[{"id":22043,"href":"http:\/\/karin.stampis.com\/blog\/index.php?rest_route=\/wp\/v2\/posts\/22024\/revisions\/22043"}],"wp:attachment":[{"href":"http:\/\/karin.stampis.com\/blog\/index.php?rest_route=%2Fwp%2Fv2%2Fmedia&parent=22024"}],"wp:term":[{"taxonomy":"category","embeddable":true,"href":"http:\/\/karin.stampis.com\/blog\/index.php?rest_route=%2Fwp%2Fv2%2Fcategories&post=22024"},{"taxonomy":"post_tag","embeddable":true,"href":"http:\/\/karin.stampis.com\/blog\/index.php?rest_route=%2Fwp%2Fv2%2Ftags&post=22024"}],"curies":[{"name":"wp","href":"https:\/\/api.w.org\/{rel}","templated":true}]}}