{"id":22026,"date":"2017-06-20T06:48:27","date_gmt":"2017-06-20T05:48:27","guid":{"rendered":"http:\/\/karin.stampis.com\/blog\/?p=22026"},"modified":"2017-06-18T19:50:16","modified_gmt":"2017-06-18T18:50:16","slug":"torup-2","status":"publish","type":"post","link":"http:\/\/karin.stampis.com\/blog\/?p=22026","title":{"rendered":"Torup"},"content":{"rendered":"<p>En dag i f\u00f6rra veckan tog\u00a0Alfred ledigt fr\u00e5n f\u00f6rskolan. D\u00e5 kom p\u00e4ronen f\u00f6rbi och vi \u00e5kte en sv\u00e4ng till Torup. F\u00f6rst var vi p\u00e5 naturlekplatsen.<\/p>\n<p><a href=\"http:\/\/karin.stampis.com\/blog\/wp-content\/uploads\/2017\/06\/DSC_0515.jpg\"><img loading=\"lazy\" decoding=\"async\" class=\"aligncenter size-full wp-image-22027\" src=\"http:\/\/karin.stampis.com\/blog\/wp-content\/uploads\/2017\/06\/DSC_0515.jpg\" alt=\"\" width=\"600\" height=\"338\" srcset=\"http:\/\/karin.stampis.com\/blog\/wp-content\/uploads\/2017\/06\/DSC_0515.jpg 600w, http:\/\/karin.stampis.com\/blog\/wp-content\/uploads\/2017\/06\/DSC_0515-360x203.jpg 360w\" sizes=\"auto, (max-width: 600px) 100vw, 600px\" \/><\/a><\/p>\n<p>Efter det t\u00e4nkte vi g\u00e5 en sv\u00e4ng i skogen, men det var s\u00e5 mycket myggor att vi fick v\u00e4nda ganska snabbt&#8230;(och ja, dom bet mig och morsan, ajaj)<\/p>\n<p><a href=\"http:\/\/karin.stampis.com\/blog\/wp-content\/uploads\/2017\/06\/DSC_0518.jpg\"><img loading=\"lazy\" decoding=\"async\" class=\"aligncenter size-full wp-image-22028\" src=\"http:\/\/karin.stampis.com\/blog\/wp-content\/uploads\/2017\/06\/DSC_0518.jpg\" alt=\"\" width=\"600\" height=\"338\" srcset=\"http:\/\/karin.stampis.com\/blog\/wp-content\/uploads\/2017\/06\/DSC_0518.jpg 600w, http:\/\/karin.stampis.com\/blog\/wp-content\/uploads\/2017\/06\/DSC_0518-360x203.jpg 360w\" sizes=\"auto, (max-width: 600px) 100vw, 600px\" \/><\/a><\/p>\n<p>Det var en ganska varm dag. Brio-vagnen har lite d\u00e5ligt solskydd, men vi har iallafall ett extra solskydd p\u00e5. Viktor \u00e4r ju lite f\u00f6r liten f\u00f6r att vara i solen, och dessutom tror jag att han har \u00e4rvt Jimmys hudtyp (d\u00e5 ska man inte vara i solen&#8230;)<\/p>\n<p><a href=\"http:\/\/karin.stampis.com\/blog\/wp-content\/uploads\/2017\/06\/DSC_0521.jpg\"><img loading=\"lazy\" decoding=\"async\" class=\"aligncenter size-full wp-image-22029\" src=\"http:\/\/karin.stampis.com\/blog\/wp-content\/uploads\/2017\/06\/DSC_0521.jpg\" alt=\"\" width=\"600\" height=\"338\" srcset=\"http:\/\/karin.stampis.com\/blog\/wp-content\/uploads\/2017\/06\/DSC_0521.jpg 600w, http:\/\/karin.stampis.com\/blog\/wp-content\/uploads\/2017\/06\/DSC_0521-360x203.jpg 360w\" sizes=\"auto, (max-width: 600px) 100vw, 600px\" \/><\/a><\/p>\n<p>Alfred ville inte \u00e4ta lunch med oss, s\u00e5 det var tur att jag tog med pizzabullar som fika. Han \u00e5t nog fem stycken!<\/p>\n<p><a href=\"http:\/\/karin.stampis.com\/blog\/wp-content\/uploads\/2017\/06\/DSC_0523.jpg\"><img loading=\"lazy\" decoding=\"async\" class=\"aligncenter size-full wp-image-22030\" src=\"http:\/\/karin.stampis.com\/blog\/wp-content\/uploads\/2017\/06\/DSC_0523.jpg\" alt=\"\" width=\"338\" height=\"600\" srcset=\"http:\/\/karin.stampis.com\/blog\/wp-content\/uploads\/2017\/06\/DSC_0523.jpg 338w, http:\/\/karin.stampis.com\/blog\/wp-content\/uploads\/2017\/06\/DSC_0523-203x360.jpg 203w\" sizes=\"auto, (max-width: 338px) 100vw, 338px\" \/><\/a><\/p>\n<p>Efter detta s\u00e5 gick vi en tur runt slottet. Jag l\u00e4mnade mobilen i v\u00e4skan, som l\u00e5g hos min fader som stannade kvar vid font\u00e4nen och chillade, s\u00e5 det blev inga foton d\u00e4rifr\u00e5n. Men det var en vacker tur. Alfred kl\u00e4ttrade i tr\u00e4d, g\u00f6mde sig och sprang en massa upp och ner f\u00f6r backar. S\u00e5 fick man tr\u00e4ning den dagen ocks\u00e5 \ud83d\ude42 .<\/p>\n","protected":false},"excerpt":{"rendered":"<p>En dag i f\u00f6rra veckan tog\u00a0Alfred ledigt fr\u00e5n f\u00f6rskolan. D\u00e5 kom p\u00e4ronen f\u00f6rbi och vi \u00e5kte en sv\u00e4ng till Torup. F\u00f6rst var vi p\u00e5 naturlekplatsen. Efter det t\u00e4nkte vi g\u00e5 en sv\u00e4ng i skogen, men det var s\u00e5 mycket myggor &hellip; <a href=\"http:\/\/karin.stampis.com\/blog\/?p=22026\">Continue reading <span class=\"meta-nav\">&rarr;<\/span><\/a><\/p>\n","protected":false},"author":1,"featured_media":0,"comment_status":"open","ping_status":"open","sticky":false,"template":"","format":"standard","meta":{"footnotes":""},"categories":[420,322,427,145,301,410],"tags":[],"class_list":["post-22026","post","type-post","status-publish","format-standard","hentry","category-420","category-alfred","category-juni-2017","category-resebloggar","category-utflykter-inom-skane","category-viktor"],"_links":{"self":[{"href":"http:\/\/karin.stampis.com\/blog\/index.php?rest_route=\/wp\/v2\/posts\/22026","targetHints":{"allow":["GET"]}}],"collection":[{"href":"http:\/\/karin.stampis.com\/blog\/index.php?rest_route=\/wp\/v2\/posts"}],"about":[{"href":"http:\/\/karin.stampis.com\/blog\/index.php?rest_route=\/wp\/v2\/types\/post"}],"author":[{"embeddable":true,"href":"http:\/\/karin.stampis.com\/blog\/index.php?rest_route=\/wp\/v2\/users\/1"}],"replies":[{"embeddable":true,"href":"http:\/\/karin.stampis.com\/blog\/index.php?rest_route=%2Fwp%2Fv2%2Fcomments&post=22026"}],"version-history":[{"count":4,"href":"http:\/\/karin.stampis.com\/blog\/index.php?rest_route=\/wp\/v2\/posts\/22026\/revisions"}],"predecessor-version":[{"id":22034,"href":"http:\/\/karin.stampis.com\/blog\/index.php?rest_route=\/wp\/v2\/posts\/22026\/revisions\/22034"}],"wp:attachment":[{"href":"http:\/\/karin.stampis.com\/blog\/index.php?rest_route=%2Fwp%2Fv2%2Fmedia&parent=22026"}],"wp:term":[{"taxonomy":"category","embeddable":true,"href":"http:\/\/karin.stampis.com\/blog\/index.php?rest_route=%2Fwp%2Fv2%2Fcategories&post=22026"},{"taxonomy":"post_tag","embeddable":true,"href":"http:\/\/karin.stampis.com\/blog\/index.php?rest_route=%2Fwp%2Fv2%2Ftags&post=22026"}],"curies":[{"name":"wp","href":"https:\/\/api.w.org\/{rel}","templated":true}]}}