{"id":22046,"date":"2017-06-25T18:52:23","date_gmt":"2017-06-25T17:52:23","guid":{"rendered":"http:\/\/karin.stampis.com\/blog\/?p=22046"},"modified":"2017-06-25T18:53:58","modified_gmt":"2017-06-25T17:53:58","slug":"midsommar-2","status":"publish","type":"post","link":"http:\/\/karin.stampis.com\/blog\/?p=22046","title":{"rendered":"Midsommar"},"content":{"rendered":"<p>Det blev en regnig midsommar, men f\u00f6rmiddagen bj\u00f6d p\u00e5 hyggligt v\u00e4der hemma i Dalby, och jag satt ute i tr\u00e4dg\u00e5rden och pratade med min kompis Florencia som var p\u00e5 bes\u00f6k. P\u00e5 eftermiddagen \u00e5kte vi till landet, men f\u00f6rst hade vi kladdkake-fika med v\u00e5ra g\u00e4ster. V\u00e5ra grannar hade gjort en smarrig kladdkaka till oss eftersom Jimmy hj\u00e4lpte dom att ladda och knuffa p\u00e5 deras bil. Sn\u00e4llt att f\u00e5 en kladdkaka f\u00f6r det \ud83d\ude42 .<\/p>\n<p><a href=\"http:\/\/karin.stampis.com\/blog\/wp-content\/uploads\/2017\/06\/DSC_0540.jpg\"><img loading=\"lazy\" decoding=\"async\" class=\"aligncenter size-full wp-image-22052\" src=\"http:\/\/karin.stampis.com\/blog\/wp-content\/uploads\/2017\/06\/DSC_0540.jpg\" alt=\"\" width=\"600\" height=\"321\" srcset=\"http:\/\/karin.stampis.com\/blog\/wp-content\/uploads\/2017\/06\/DSC_0540.jpg 600w, http:\/\/karin.stampis.com\/blog\/wp-content\/uploads\/2017\/06\/DSC_0540-360x193.jpg 360w\" sizes=\"auto, (max-width: 600px) 100vw, 600px\" \/><\/a><\/p>\n<p>Sen \u00e5kte vi till landet och var p\u00e5 fest p\u00e5 g\u00e5rden. Det var regnigt men det bekom inte kidsen \ud83d\ude09 .<\/p>\n<p><a href=\"http:\/\/karin.stampis.com\/blog\/wp-content\/uploads\/2017\/06\/DSC_0327.jpg\"><img loading=\"lazy\" decoding=\"async\" class=\"aligncenter size-full wp-image-22050\" src=\"http:\/\/karin.stampis.com\/blog\/wp-content\/uploads\/2017\/06\/DSC_0327.jpg\" alt=\"\" width=\"600\" height=\"536\" srcset=\"http:\/\/karin.stampis.com\/blog\/wp-content\/uploads\/2017\/06\/DSC_0327.jpg 600w, http:\/\/karin.stampis.com\/blog\/wp-content\/uploads\/2017\/06\/DSC_0327-360x322.jpg 360w\" sizes=\"auto, (max-width: 600px) 100vw, 600px\" \/><\/a><\/p>\n<p>Vi \u00e5t god mat. Viktor gillade mommos salladsbr\u00f6d och tog hela Alfreds br\u00f6d.<\/p>\n<p><a href=\"http:\/\/karin.stampis.com\/blog\/wp-content\/uploads\/2017\/06\/DSC_0312.jpg\"><img loading=\"lazy\" decoding=\"async\" class=\"aligncenter size-full wp-image-22049\" src=\"http:\/\/karin.stampis.com\/blog\/wp-content\/uploads\/2017\/06\/DSC_0312.jpg\" alt=\"\" width=\"567\" height=\"600\" srcset=\"http:\/\/karin.stampis.com\/blog\/wp-content\/uploads\/2017\/06\/DSC_0312.jpg 567w, http:\/\/karin.stampis.com\/blog\/wp-content\/uploads\/2017\/06\/DSC_0312-340x360.jpg 340w\" sizes=\"auto, (max-width: 567px) 100vw, 567px\" \/><\/a><\/p>\n<p>Han gillade \u00e4ven jordgubbar.<\/p>\n<p><a href=\"http:\/\/karin.stampis.com\/blog\/wp-content\/uploads\/2017\/06\/DSC_0340.jpg\"><img loading=\"lazy\" decoding=\"async\" class=\"aligncenter size-full wp-image-22051\" src=\"http:\/\/karin.stampis.com\/blog\/wp-content\/uploads\/2017\/06\/DSC_0340.jpg\" alt=\"\" width=\"338\" height=\"600\" srcset=\"http:\/\/karin.stampis.com\/blog\/wp-content\/uploads\/2017\/06\/DSC_0340.jpg 338w, http:\/\/karin.stampis.com\/blog\/wp-content\/uploads\/2017\/06\/DSC_0340-203x360.jpg 203w\" sizes=\"auto, (max-width: 338px) 100vw, 338px\" \/><\/a><\/p>\n<p>Viktor i korg \ud83d\ude09<\/p>\n<p><a href=\"http:\/\/karin.stampis.com\/blog\/wp-content\/uploads\/2017\/06\/DSCPDC_0003_BURST20170623175549355_COVER.jpg\"><img loading=\"lazy\" decoding=\"async\" class=\"aligncenter size-full wp-image-22055\" src=\"http:\/\/karin.stampis.com\/blog\/wp-content\/uploads\/2017\/06\/DSCPDC_0003_BURST20170623175549355_COVER.jpg\" alt=\"\" width=\"600\" height=\"338\" srcset=\"http:\/\/karin.stampis.com\/blog\/wp-content\/uploads\/2017\/06\/DSCPDC_0003_BURST20170623175549355_COVER.jpg 600w, http:\/\/karin.stampis.com\/blog\/wp-content\/uploads\/2017\/06\/DSCPDC_0003_BURST20170623175549355_COVER-360x203.jpg 360w\" sizes=\"auto, (max-width: 600px) 100vw, 600px\" \/><\/a><\/p>\n<p>Senare p\u00e5 kv\u00e4llen plockade jag fina blommor.<\/p>\n<p><a href=\"http:\/\/karin.stampis.com\/blog\/wp-content\/uploads\/2017\/06\/DSC05955.jpg\"><img loading=\"lazy\" decoding=\"async\" class=\"aligncenter size-full wp-image-22053\" src=\"http:\/\/karin.stampis.com\/blog\/wp-content\/uploads\/2017\/06\/DSC05955.jpg\" alt=\"\" width=\"473\" height=\"600\" srcset=\"http:\/\/karin.stampis.com\/blog\/wp-content\/uploads\/2017\/06\/DSC05955.jpg 473w, http:\/\/karin.stampis.com\/blog\/wp-content\/uploads\/2017\/06\/DSC05955-284x360.jpg 284w\" sizes=\"auto, (max-width: 473px) 100vw, 473px\" \/><\/a><\/p>\n<p><a href=\"http:\/\/karin.stampis.com\/blog\/wp-content\/uploads\/2017\/06\/DSC05962.jpg\"><img loading=\"lazy\" decoding=\"async\" class=\"aligncenter size-full wp-image-22054\" src=\"http:\/\/karin.stampis.com\/blog\/wp-content\/uploads\/2017\/06\/DSC05962.jpg\" alt=\"\" width=\"400\" height=\"600\" srcset=\"http:\/\/karin.stampis.com\/blog\/wp-content\/uploads\/2017\/06\/DSC05962.jpg 400w, http:\/\/karin.stampis.com\/blog\/wp-content\/uploads\/2017\/06\/DSC05962-240x360.jpg 240w\" sizes=\"auto, (max-width: 400px) 100vw, 400px\" \/><\/a><\/p>\n<p>Vi bodde i h\u00f6nshuset. Alfred lekte mycket med duplot han fick i present av Florencia och Martin.<\/p>\n<p><a href=\"http:\/\/karin.stampis.com\/blog\/wp-content\/uploads\/2017\/06\/DSC_0563.jpg\"><img loading=\"lazy\" decoding=\"async\" class=\"aligncenter size-full wp-image-22056\" src=\"http:\/\/karin.stampis.com\/blog\/wp-content\/uploads\/2017\/06\/DSC_0563.jpg\" alt=\"\" width=\"600\" height=\"338\" srcset=\"http:\/\/karin.stampis.com\/blog\/wp-content\/uploads\/2017\/06\/DSC_0563.jpg 600w, http:\/\/karin.stampis.com\/blog\/wp-content\/uploads\/2017\/06\/DSC_0563-360x203.jpg 360w\" sizes=\"auto, (max-width: 600px) 100vw, 600px\" \/><\/a><\/p>\n<p>Jag var r\u00e4tt tr\u00f6tt s\u00e5 jag somnade samtidigt som Alfred :p . Sen p\u00e5 midsommardagen \u00f6sregnade det.<\/p>\n<p>&nbsp;<\/p>\n","protected":false},"excerpt":{"rendered":"<p>Det blev en regnig midsommar, men f\u00f6rmiddagen bj\u00f6d p\u00e5 hyggligt v\u00e4der hemma i Dalby, och jag satt ute i tr\u00e4dg\u00e5rden och pratade med min kompis Florencia som var p\u00e5 bes\u00f6k. P\u00e5 eftermiddagen \u00e5kte vi till landet, men f\u00f6rst hade vi &hellip; <a href=\"http:\/\/karin.stampis.com\/blog\/?p=22046\">Continue reading <span class=\"meta-nav\">&rarr;<\/span><\/a><\/p>\n","protected":false},"author":1,"featured_media":0,"comment_status":"open","ping_status":"open","sticky":false,"template":"","format":"standard","meta":{"footnotes":""},"categories":[420,322,427,410],"tags":[],"class_list":["post-22046","post","type-post","status-publish","format-standard","hentry","category-420","category-alfred","category-juni-2017","category-viktor"],"_links":{"self":[{"href":"http:\/\/karin.stampis.com\/blog\/index.php?rest_route=\/wp\/v2\/posts\/22046","targetHints":{"allow":["GET"]}}],"collection":[{"href":"http:\/\/karin.stampis.com\/blog\/index.php?rest_route=\/wp\/v2\/posts"}],"about":[{"href":"http:\/\/karin.stampis.com\/blog\/index.php?rest_route=\/wp\/v2\/types\/post"}],"author":[{"embeddable":true,"href":"http:\/\/karin.stampis.com\/blog\/index.php?rest_route=\/wp\/v2\/users\/1"}],"replies":[{"embeddable":true,"href":"http:\/\/karin.stampis.com\/blog\/index.php?rest_route=%2Fwp%2Fv2%2Fcomments&post=22046"}],"version-history":[{"count":3,"href":"http:\/\/karin.stampis.com\/blog\/index.php?rest_route=\/wp\/v2\/posts\/22046\/revisions"}],"predecessor-version":[{"id":22058,"href":"http:\/\/karin.stampis.com\/blog\/index.php?rest_route=\/wp\/v2\/posts\/22046\/revisions\/22058"}],"wp:attachment":[{"href":"http:\/\/karin.stampis.com\/blog\/index.php?rest_route=%2Fwp%2Fv2%2Fmedia&parent=22046"}],"wp:term":[{"taxonomy":"category","embeddable":true,"href":"http:\/\/karin.stampis.com\/blog\/index.php?rest_route=%2Fwp%2Fv2%2Fcategories&post=22046"},{"taxonomy":"post_tag","embeddable":true,"href":"http:\/\/karin.stampis.com\/blog\/index.php?rest_route=%2Fwp%2Fv2%2Ftags&post=22046"}],"curies":[{"name":"wp","href":"https:\/\/api.w.org\/{rel}","templated":true}]}}