{"id":2214,"date":"2009-02-25T19:53:03","date_gmt":"2009-02-25T18:53:03","guid":{"rendered":"http:\/\/karin.stampis.com\/blog\/?p=2214"},"modified":"2009-02-25T19:53:03","modified_gmt":"2009-02-25T18:53:03","slug":"sushi-igen","status":"publish","type":"post","link":"http:\/\/karin.stampis.com\/blog\/?p=2214","title":{"rendered":"Sushi igen :-)"},"content":{"rendered":"<p>Nu b\u00f6rjar jag f\u00e5 m\u00e5nga inl\u00e4gg om sushi&#8230;<\/p>\n<p>Men det \u00e4r ju s\u00e5 gott och det passar s\u00e5 bra att \u00e4ta p\u00e5 onsdagar (vardagslyx!) eller fredagar (enkelt d\u00e5 man inte orkar laga mat). Detta \u00e4r ett ganska s\u00e5 nytt p\u00e5fund f\u00f6r oss, n\u00e4r Jimmy var i Tokyo 2005 k\u00f6pte han fina \u00e4t-pinnar till oss som fick st\u00e5 or\u00f6rda i flera \u00e5r. Men nu anv\u00e4nds dom flitigare. Och det k\u00e4nns mycket b\u00e4ttre att \u00e4ta suhi med lite finare pinnar:<\/p>\n<p><a rel=\"attachment wp-att-2222\" href=\"http:\/\/karin.stampis.com\/blog\/?attachment_id=2222\"><img loading=\"lazy\" decoding=\"async\" class=\"aligncenter size-medium wp-image-2222\" title=\"sushi1-11\" src=\"http:\/\/karin.stampis.com\/blog\/wp-content\/uploads\/2009\/02\/sushi1-11-270x360.jpg\" alt=\"sushi1-11\" width=\"270\" height=\"360\" srcset=\"http:\/\/karin.stampis.com\/blog\/wp-content\/uploads\/2009\/02\/sushi1-11-270x360.jpg 270w, http:\/\/karin.stampis.com\/blog\/wp-content\/uploads\/2009\/02\/sushi1-11.jpg 750w\" sizes=\"auto, (max-width: 270px) 100vw, 270px\" \/><\/a><\/p>\n<p>J\u00e4mf\u00f6rt med dom som kommer med sushin:<\/p>\n<p><a rel=\"attachment wp-att-2217\" href=\"http:\/\/karin.stampis.com\/blog\/?attachment_id=2217\"><img loading=\"lazy\" decoding=\"async\" class=\"aligncenter size-medium wp-image-2217\" title=\"sushi2-1\" src=\"http:\/\/karin.stampis.com\/blog\/wp-content\/uploads\/2009\/02\/sushi2-1-270x360.jpg\" alt=\"sushi2-1\" width=\"270\" height=\"360\" srcset=\"http:\/\/karin.stampis.com\/blog\/wp-content\/uploads\/2009\/02\/sushi2-1-270x360.jpg 270w, http:\/\/karin.stampis.com\/blog\/wp-content\/uploads\/2009\/02\/sushi2-1.jpg 750w\" sizes=\"auto, (max-width: 270px) 100vw, 270px\" \/><\/a><\/p>\n<p>Finns otroligt m\u00e5nga sushist\u00e4llen inom bara 5-10 minuters g\u00e5ngavst\u00e5ng fr\u00e5n oss, fast vi har hittat v\u00e5r favorit s\u00e5 vi brukar best\u00e4lla d\u00e4r &#8211; de har menyer med bara nigri \ud83d\ude42 .<\/p>\n<p>F\u00f6r de som inte \u00e4r s\u00e5 sushi-initierade s\u00e5 hittade jag en bild p\u00e5 olika sushisorter:<\/p>\n<p><a rel=\"attachment wp-att-2227\" href=\"http:\/\/karin.stampis.com\/blog\/?attachment_id=2227\"><img loading=\"lazy\" decoding=\"async\" class=\"aligncenter size-medium wp-image-2227\" title=\"450px-sushisvg\" src=\"http:\/\/karin.stampis.com\/blog\/wp-content\/uploads\/2009\/02\/450px-sushisvg-360x280.png\" alt=\"450px-sushisvg\" width=\"360\" height=\"280\" srcset=\"http:\/\/karin.stampis.com\/blog\/wp-content\/uploads\/2009\/02\/450px-sushisvg-360x280.png 360w, http:\/\/karin.stampis.com\/blog\/wp-content\/uploads\/2009\/02\/450px-sushisvg.png 450w\" sizes=\"auto, (max-width: 360px) 100vw, 360px\" \/><\/a><\/p>\n<p>Fast Temak-sushi \u00e4r inget jag har sett i Sverige.<\/p>\n<p>Min favorit av de sushibitarna vi k\u00f6per h\u00e4r \u00e4r nog laxen.<\/p>\n<p><a rel=\"attachment wp-att-2236\" href=\"http:\/\/karin.stampis.com\/blog\/?attachment_id=2236\"><img loading=\"lazy\" decoding=\"async\" class=\"aligncenter size-medium wp-image-2236\" title=\"sushi1-1-2\" src=\"http:\/\/karin.stampis.com\/blog\/wp-content\/uploads\/2009\/02\/sushi1-1-2-360x270.jpg\" alt=\"sushi1-1-2\" width=\"360\" height=\"270\" srcset=\"http:\/\/karin.stampis.com\/blog\/wp-content\/uploads\/2009\/02\/sushi1-1-2-360x270.jpg 360w, http:\/\/karin.stampis.com\/blog\/wp-content\/uploads\/2009\/02\/sushi1-1-2.jpg 1000w\" sizes=\"auto, (max-width: 360px) 100vw, 360px\" \/><\/a><em>Mums!<\/em><\/p>\n<p>Dessutom drack jag f\u00f6r f\u00f6rsta g\u00e5ngen n\u00e5gonsin vin av druvan Gewurztraminer. Jimmy hade k\u00f6pt vinet, f\u00f6r jag har alltid tyckt gewurztraminer inte alls l\u00e5ter gott, men det var j\u00e4ttegott, och passade S\u00c5 bra till sushi \ud83d\ude42 .<\/p>\n","protected":false},"excerpt":{"rendered":"<p>Nu b\u00f6rjar jag f\u00e5 m\u00e5nga inl\u00e4gg om sushi&#8230; Men det \u00e4r ju s\u00e5 gott och det passar s\u00e5 bra att \u00e4ta p\u00e5 onsdagar (vardagslyx!) eller fredagar (enkelt d\u00e5 man inte orkar laga mat). Detta \u00e4r ett ganska s\u00e5 nytt p\u00e5fund &hellip; <a href=\"http:\/\/karin.stampis.com\/blog\/?p=2214\">Continue reading <span class=\"meta-nav\">&rarr;<\/span><\/a><\/p>\n","protected":false},"author":1,"featured_media":0,"comment_status":"open","ping_status":"open","sticky":false,"template":"","format":"standard","meta":{"footnotes":""},"categories":[158],"tags":[21,143],"class_list":["post-2214","post","type-post","status-publish","format-standard","hentry","category-februari-2009","tag-sushi","tag-vardagslyx"],"_links":{"self":[{"href":"http:\/\/karin.stampis.com\/blog\/index.php?rest_route=\/wp\/v2\/posts\/2214","targetHints":{"allow":["GET"]}}],"collection":[{"href":"http:\/\/karin.stampis.com\/blog\/index.php?rest_route=\/wp\/v2\/posts"}],"about":[{"href":"http:\/\/karin.stampis.com\/blog\/index.php?rest_route=\/wp\/v2\/types\/post"}],"author":[{"embeddable":true,"href":"http:\/\/karin.stampis.com\/blog\/index.php?rest_route=\/wp\/v2\/users\/1"}],"replies":[{"embeddable":true,"href":"http:\/\/karin.stampis.com\/blog\/index.php?rest_route=%2Fwp%2Fv2%2Fcomments&post=2214"}],"version-history":[{"count":23,"href":"http:\/\/karin.stampis.com\/blog\/index.php?rest_route=\/wp\/v2\/posts\/2214\/revisions"}],"predecessor-version":[{"id":2242,"href":"http:\/\/karin.stampis.com\/blog\/index.php?rest_route=\/wp\/v2\/posts\/2214\/revisions\/2242"}],"wp:attachment":[{"href":"http:\/\/karin.stampis.com\/blog\/index.php?rest_route=%2Fwp%2Fv2%2Fmedia&parent=2214"}],"wp:term":[{"taxonomy":"category","embeddable":true,"href":"http:\/\/karin.stampis.com\/blog\/index.php?rest_route=%2Fwp%2Fv2%2Fcategories&post=2214"},{"taxonomy":"post_tag","embeddable":true,"href":"http:\/\/karin.stampis.com\/blog\/index.php?rest_route=%2Fwp%2Fv2%2Ftags&post=2214"}],"curies":[{"name":"wp","href":"https:\/\/api.w.org\/{rel}","templated":true}]}}