{"id":22373,"date":"2017-08-20T07:58:34","date_gmt":"2017-08-20T06:58:34","guid":{"rendered":"http:\/\/karin.stampis.com\/blog\/?p=22373"},"modified":"2017-08-19T20:16:58","modified_gmt":"2017-08-19T19:16:58","slug":"sommarhang-pa-landet","status":"publish","type":"post","link":"http:\/\/karin.stampis.com\/blog\/?p=22373","title":{"rendered":"Sommarh\u00e4ng p\u00e5 landet"},"content":{"rendered":"<p>Nu har vi spenderat en vecka med familjen p\u00e5 landet. Bra med lite milj\u00f6ombyte, och det blev en sk\u00f6n vecka med lagom v\u00e4der. Det blev s\u00e5 att vi bodde p\u00e5 F\u00e4laden (tack Eva \ud83d\ude42 ) , s\u00e5 nu kommer n\u00e5gra inl\u00e4gg d\u00e5 och d\u00e5 om vad vi hittat p\u00e5.<\/p>\n<p><a href=\"http:\/\/karin.stampis.com\/blog\/wp-content\/uploads\/2017\/08\/DSC_0042_3.jpg\"><img loading=\"lazy\" decoding=\"async\" class=\"aligncenter size-full wp-image-22396\" src=\"http:\/\/karin.stampis.com\/blog\/wp-content\/uploads\/2017\/08\/DSC_0042_3.jpg\" alt=\"\" width=\"532\" height=\"800\" srcset=\"http:\/\/karin.stampis.com\/blog\/wp-content\/uploads\/2017\/08\/DSC_0042_3.jpg 532w, http:\/\/karin.stampis.com\/blog\/wp-content\/uploads\/2017\/08\/DSC_0042_3-239x360.jpg 239w\" sizes=\"auto, (max-width: 532px) 100vw, 532px\" \/><\/a><\/p>\n<p style=\"text-align: center;\"><em>Grabbarna i d\u00f6rren<\/em><\/p>\n<p><a href=\"http:\/\/karin.stampis.com\/blog\/wp-content\/uploads\/2017\/08\/DSC_0009_2.jpg\"><img loading=\"lazy\" decoding=\"async\" class=\"aligncenter size-full wp-image-22395\" src=\"http:\/\/karin.stampis.com\/blog\/wp-content\/uploads\/2017\/08\/DSC_0009_2.jpg\" alt=\"\" width=\"450\" height=\"800\" srcset=\"http:\/\/karin.stampis.com\/blog\/wp-content\/uploads\/2017\/08\/DSC_0009_2.jpg 450w, http:\/\/karin.stampis.com\/blog\/wp-content\/uploads\/2017\/08\/DSC_0009_2-203x360.jpg 203w\" sizes=\"auto, (max-width: 450px) 100vw, 450px\" \/><\/a><\/p>\n<p style=\"text-align: center;\"><em>Viktor har alltid fullt upp med bus.<\/em><\/p>\n<p><a href=\"http:\/\/karin.stampis.com\/blog\/wp-content\/uploads\/2017\/08\/DSC06458.jpg\"><img loading=\"lazy\" decoding=\"async\" class=\"aligncenter size-full wp-image-22392\" src=\"http:\/\/karin.stampis.com\/blog\/wp-content\/uploads\/2017\/08\/DSC06458.jpg\" alt=\"\" width=\"514\" height=\"800\" srcset=\"http:\/\/karin.stampis.com\/blog\/wp-content\/uploads\/2017\/08\/DSC06458.jpg 514w, http:\/\/karin.stampis.com\/blog\/wp-content\/uploads\/2017\/08\/DSC06458-231x360.jpg 231w\" sizes=\"auto, (max-width: 514px) 100vw, 514px\" \/><\/a><\/p>\n<p style=\"text-align: center;\"><em>Han \u00e4lskade attt hoppa fr\u00e5n soffan till resv\u00e4skan och vice versa. Blev endel vurpor. Han slog nog vurp-rekord denna veckan. Han var gul och bl\u00e5 och r\u00f6d i slutet&#8230;<\/em><\/p>\n<p><a href=\"http:\/\/karin.stampis.com\/blog\/wp-content\/uploads\/2017\/08\/DSC_0030_1.jpg\"><img loading=\"lazy\" decoding=\"async\" class=\"aligncenter size-full wp-image-22389\" src=\"http:\/\/karin.stampis.com\/blog\/wp-content\/uploads\/2017\/08\/DSC_0030_1.jpg\" alt=\"\" width=\"800\" height=\"459\" srcset=\"http:\/\/karin.stampis.com\/blog\/wp-content\/uploads\/2017\/08\/DSC_0030_1.jpg 800w, http:\/\/karin.stampis.com\/blog\/wp-content\/uploads\/2017\/08\/DSC_0030_1-360x207.jpg 360w, http:\/\/karin.stampis.com\/blog\/wp-content\/uploads\/2017\/08\/DSC_0030_1-768x441.jpg 768w\" sizes=\"auto, (max-width: 800px) 100vw, 800px\" \/><\/a><\/p>\n<p style=\"text-align: center;\"><em>Det blev sena kv\u00e4llar f\u00f6r Alfred, som avslutades med l\u00e4sande av Kapten Kalong &#8211; b\u00f6ckerna som vi nyss k\u00f6pt.<\/em><\/p>\n","protected":false},"excerpt":{"rendered":"<p>Nu har vi spenderat en vecka med familjen p\u00e5 landet. Bra med lite milj\u00f6ombyte, och det blev en sk\u00f6n vecka med lagom v\u00e4der. Det blev s\u00e5 att vi bodde p\u00e5 F\u00e4laden (tack Eva \ud83d\ude42 ) , s\u00e5 nu kommer n\u00e5gra &hellip; <a href=\"http:\/\/karin.stampis.com\/blog\/?p=22373\">Continue reading <span class=\"meta-nav\">&rarr;<\/span><\/a><\/p>\n","protected":false},"author":1,"featured_media":0,"comment_status":"open","ping_status":"open","sticky":false,"template":"","format":"standard","meta":{"footnotes":""},"categories":[420,322,430,410],"tags":[],"class_list":["post-22373","post","type-post","status-publish","format-standard","hentry","category-420","category-alfred","category-augusti-2017","category-viktor"],"_links":{"self":[{"href":"http:\/\/karin.stampis.com\/blog\/index.php?rest_route=\/wp\/v2\/posts\/22373","targetHints":{"allow":["GET"]}}],"collection":[{"href":"http:\/\/karin.stampis.com\/blog\/index.php?rest_route=\/wp\/v2\/posts"}],"about":[{"href":"http:\/\/karin.stampis.com\/blog\/index.php?rest_route=\/wp\/v2\/types\/post"}],"author":[{"embeddable":true,"href":"http:\/\/karin.stampis.com\/blog\/index.php?rest_route=\/wp\/v2\/users\/1"}],"replies":[{"embeddable":true,"href":"http:\/\/karin.stampis.com\/blog\/index.php?rest_route=%2Fwp%2Fv2%2Fcomments&post=22373"}],"version-history":[{"count":2,"href":"http:\/\/karin.stampis.com\/blog\/index.php?rest_route=\/wp\/v2\/posts\/22373\/revisions"}],"predecessor-version":[{"id":22416,"href":"http:\/\/karin.stampis.com\/blog\/index.php?rest_route=\/wp\/v2\/posts\/22373\/revisions\/22416"}],"wp:attachment":[{"href":"http:\/\/karin.stampis.com\/blog\/index.php?rest_route=%2Fwp%2Fv2%2Fmedia&parent=22373"}],"wp:term":[{"taxonomy":"category","embeddable":true,"href":"http:\/\/karin.stampis.com\/blog\/index.php?rest_route=%2Fwp%2Fv2%2Fcategories&post=22373"},{"taxonomy":"post_tag","embeddable":true,"href":"http:\/\/karin.stampis.com\/blog\/index.php?rest_route=%2Fwp%2Fv2%2Ftags&post=22373"}],"curies":[{"name":"wp","href":"https:\/\/api.w.org\/{rel}","templated":true}]}}