{"id":22400,"date":"2017-08-21T07:30:55","date_gmt":"2017-08-21T06:30:55","guid":{"rendered":"http:\/\/karin.stampis.com\/blog\/?p=22400"},"modified":"2017-08-20T18:32:16","modified_gmt":"2017-08-20T17:32:16","slug":"stranden","status":"publish","type":"post","link":"http:\/\/karin.stampis.com\/blog\/?p=22400","title":{"rendered":"Stranden"},"content":{"rendered":"<p>S\u00e5 h\u00e4r, lite i offpeak-tider och ca 20 graders v\u00e4rme, s\u00e5 hade vi n\u00e4stan stranden f\u00f6r oss sj\u00e4lva. H\u00e4rligt \ud83d\ude42 . Alfred ville inte g\u00e5 till stranden &#8211; han trodde att man m\u00e5ste bada (som han inte gillar) och att man d\u00e5 kan bli upp\u00e4ten av krokodiler och hajar. Men han tyckte det var superkul &#8211; han och Mimmi byggde kanaler som bara den \ud83d\ude42 . Alfred var en riktigt bra arbetsledare \ud83d\ude09 .<\/p>\n<p><a href=\"http:\/\/karin.stampis.com\/blog\/wp-content\/uploads\/2017\/08\/DSC_0064_3.jpg\"><img loading=\"lazy\" decoding=\"async\" class=\"aligncenter size-full wp-image-22387\" src=\"http:\/\/karin.stampis.com\/blog\/wp-content\/uploads\/2017\/08\/DSC_0064_3.jpg\" alt=\"\" width=\"800\" height=\"480\" srcset=\"http:\/\/karin.stampis.com\/blog\/wp-content\/uploads\/2017\/08\/DSC_0064_3.jpg 800w, http:\/\/karin.stampis.com\/blog\/wp-content\/uploads\/2017\/08\/DSC_0064_3-360x216.jpg 360w, http:\/\/karin.stampis.com\/blog\/wp-content\/uploads\/2017\/08\/DSC_0064_3-768x461.jpg 768w\" sizes=\"auto, (max-width: 800px) 100vw, 800px\" \/><\/a><\/p>\n<p style=\"text-align: center;\"><em> Vicke var med i b\u00f6rjan. F\u00f6rst fick han vara lite nakenfis.<\/em><\/p>\n<p><a href=\"http:\/\/karin.stampis.com\/blog\/wp-content\/uploads\/2017\/08\/DSC_0081_3.jpg\"><img loading=\"lazy\" decoding=\"async\" class=\"aligncenter size-full wp-image-22386\" src=\"http:\/\/karin.stampis.com\/blog\/wp-content\/uploads\/2017\/08\/DSC_0081_3.jpg\" alt=\"\" width=\"496\" height=\"800\" srcset=\"http:\/\/karin.stampis.com\/blog\/wp-content\/uploads\/2017\/08\/DSC_0081_3.jpg 496w, http:\/\/karin.stampis.com\/blog\/wp-content\/uploads\/2017\/08\/DSC_0081_3-223x360.jpg 223w\" sizes=\"auto, (max-width: 496px) 100vw, 496px\" \/><\/a><\/p>\n<p style=\"text-align: center;\"><em> Fast jag blev lite nojjig f\u00f6r solen s\u00e5 han fick p\u00e5 sig badkl\u00e4der. Alfreds badkl\u00e4der satt bra p\u00e5 Viktor.\u00a0<\/em><\/p>\n<p><a href=\"http:\/\/karin.stampis.com\/blog\/wp-content\/uploads\/2017\/08\/DSC_0088_3.jpg\"><img loading=\"lazy\" decoding=\"async\" class=\"aligncenter size-full wp-image-22385\" src=\"http:\/\/karin.stampis.com\/blog\/wp-content\/uploads\/2017\/08\/DSC_0088_3.jpg\" alt=\"\" width=\"444\" height=\"800\" srcset=\"http:\/\/karin.stampis.com\/blog\/wp-content\/uploads\/2017\/08\/DSC_0088_3.jpg 444w, http:\/\/karin.stampis.com\/blog\/wp-content\/uploads\/2017\/08\/DSC_0088_3-200x360.jpg 200w\" sizes=\"auto, (max-width: 444px) 100vw, 444px\" \/><\/a><\/p>\n<p style=\"text-align: center;\"><em> Badbrallorna satt bra \u00e4ven utan bl\u00f6ja. En liten stund s\u00e5 hade han \u00e4ven solhatt, men den ska han alltid slita av sig.<\/em><\/p>\n<p><a href=\"http:\/\/karin.stampis.com\/blog\/wp-content\/uploads\/2017\/08\/DSC_0089_3.jpg\"><img loading=\"lazy\" decoding=\"async\" class=\"aligncenter size-full wp-image-22384\" src=\"http:\/\/karin.stampis.com\/blog\/wp-content\/uploads\/2017\/08\/DSC_0089_3.jpg\" alt=\"\" width=\"800\" height=\"450\" srcset=\"http:\/\/karin.stampis.com\/blog\/wp-content\/uploads\/2017\/08\/DSC_0089_3.jpg 800w, http:\/\/karin.stampis.com\/blog\/wp-content\/uploads\/2017\/08\/DSC_0089_3-360x203.jpg 360w, http:\/\/karin.stampis.com\/blog\/wp-content\/uploads\/2017\/08\/DSC_0089_3-768x432.jpg 768w\" sizes=\"auto, (max-width: 800px) 100vw, 800px\" \/><\/a><\/p>\n<p style=\"text-align: center;\"><em> Alfred var inte r\u00e4dd f\u00f6r vattnet som han trodde i b\u00f6rjan \ud83d\ude42 . Det var inte supervarmt (17 grader) , men jag doppade mig i alla fall.\u00a0<a href=\"http:\/\/karin.stampis.com\/blog\/wp-content\/uploads\/2017\/08\/DSC_0093_3.jpg\"><img loading=\"lazy\" decoding=\"async\" class=\"aligncenter size-full wp-image-22382\" src=\"http:\/\/karin.stampis.com\/blog\/wp-content\/uploads\/2017\/08\/DSC_0093_3.jpg\" alt=\"\" width=\"800\" height=\"579\" srcset=\"http:\/\/karin.stampis.com\/blog\/wp-content\/uploads\/2017\/08\/DSC_0093_3.jpg 800w, http:\/\/karin.stampis.com\/blog\/wp-content\/uploads\/2017\/08\/DSC_0093_3-360x261.jpg 360w, http:\/\/karin.stampis.com\/blog\/wp-content\/uploads\/2017\/08\/DSC_0093_3-768x556.jpg 768w\" sizes=\"auto, (max-width: 800px) 100vw, 800px\" \/><\/a><\/em><\/p>\n<p style=\"text-align: center;\"><em>Inte f\u00f6r jag \u00e4r den som g\u00e4rna l\u00e4gger ut bikinibilder p\u00e5 mig sj\u00e4lv, men f\u00f6r att illustrera hur l\u00e5ngt ifr\u00e5n en bikinisolbr\u00e4nna man \u00e4r d\u00e5 man har sm\u00e5barn :p . Det \u00e4r v\u00e4l tack vare tr\u00e4dg\u00e5rdsarbetet som jag \u00f6ht f\u00e5tt n\u00e5gon solbr\u00e4nna :p .<\/em><\/p>\n<p style=\"text-align: center;\"><a href=\"http:\/\/karin.stampis.com\/blog\/wp-content\/uploads\/2017\/08\/DSC_0033_2.jpg\"><img loading=\"lazy\" decoding=\"async\" class=\"aligncenter size-full wp-image-22381\" src=\"http:\/\/karin.stampis.com\/blog\/wp-content\/uploads\/2017\/08\/DSC_0033_2.jpg\" alt=\"\" width=\"800\" height=\"450\" srcset=\"http:\/\/karin.stampis.com\/blog\/wp-content\/uploads\/2017\/08\/DSC_0033_2.jpg 800w, http:\/\/karin.stampis.com\/blog\/wp-content\/uploads\/2017\/08\/DSC_0033_2-360x203.jpg 360w, http:\/\/karin.stampis.com\/blog\/wp-content\/uploads\/2017\/08\/DSC_0033_2-768x432.jpg 768w\" sizes=\"auto, (max-width: 800px) 100vw, 800px\" \/><\/a><\/p>\n<p style=\"text-align: center;\"><em> Alfreds bygge<\/em><\/p>\n<p style=\"text-align: center;\"><a href=\"http:\/\/karin.stampis.com\/blog\/wp-content\/uploads\/2017\/08\/DSC_0035_1.jpg\"><img loading=\"lazy\" decoding=\"async\" class=\"aligncenter size-full wp-image-22380\" src=\"http:\/\/karin.stampis.com\/blog\/wp-content\/uploads\/2017\/08\/DSC_0035_1.jpg\" alt=\"\" width=\"450\" height=\"800\" srcset=\"http:\/\/karin.stampis.com\/blog\/wp-content\/uploads\/2017\/08\/DSC_0035_1.jpg 450w, http:\/\/karin.stampis.com\/blog\/wp-content\/uploads\/2017\/08\/DSC_0035_1-203x360.jpg 203w\" sizes=\"auto, (max-width: 450px) 100vw, 450px\" \/><\/a><\/p>\n<p style=\"text-align: center;\"><em>Glad kille \u00e5ker trillevagn till g\u00e5rden efter en bra dag \ud83d\ude42<\/em><\/p>\n<p style=\"text-align: center;\"><a href=\"http:\/\/karin.stampis.com\/blog\/wp-content\/uploads\/2017\/08\/DSC_0011_2.jpg\"><img loading=\"lazy\" decoding=\"async\" class=\"aligncenter size-full wp-image-22391\" src=\"http:\/\/karin.stampis.com\/blog\/wp-content\/uploads\/2017\/08\/DSC_0011_2.jpg\" alt=\"\" width=\"800\" height=\"450\" srcset=\"http:\/\/karin.stampis.com\/blog\/wp-content\/uploads\/2017\/08\/DSC_0011_2.jpg 800w, http:\/\/karin.stampis.com\/blog\/wp-content\/uploads\/2017\/08\/DSC_0011_2-360x203.jpg 360w, http:\/\/karin.stampis.com\/blog\/wp-content\/uploads\/2017\/08\/DSC_0011_2-768x432.jpg 768w\" sizes=\"auto, (max-width: 800px) 100vw, 800px\" \/><\/a><\/p>\n<p style=\"text-align: center;\"><em>Foto p\u00e5 stranden fr\u00e5n en barnvagnspromenad n\u00e5gon dag tidigare. Viktor hade lite sv\u00e5rt f\u00f6r att sova s\u00e5 det blev endel promenader f\u00f6r att f\u00e5 honom att somna.<\/em><\/p>\n<p style=\"text-align: center;\"><a href=\"http:\/\/karin.stampis.com\/blog\/wp-content\/uploads\/2017\/08\/DSC06467.jpg\"><img loading=\"lazy\" decoding=\"async\" class=\"aligncenter size-full wp-image-22388\" src=\"http:\/\/karin.stampis.com\/blog\/wp-content\/uploads\/2017\/08\/DSC06467.jpg\" alt=\"\" width=\"800\" height=\"431\" srcset=\"http:\/\/karin.stampis.com\/blog\/wp-content\/uploads\/2017\/08\/DSC06467.jpg 800w, http:\/\/karin.stampis.com\/blog\/wp-content\/uploads\/2017\/08\/DSC06467-360x194.jpg 360w, http:\/\/karin.stampis.com\/blog\/wp-content\/uploads\/2017\/08\/DSC06467-768x414.jpg 768w\" sizes=\"auto, (max-width: 800px) 100vw, 800px\" \/><\/a><\/p>\n<p style=\"text-align: center;\"><em>Vackra kv\u00e4llar.<\/em><\/p>\n","protected":false},"excerpt":{"rendered":"<p>S\u00e5 h\u00e4r, lite i offpeak-tider och ca 20 graders v\u00e4rme, s\u00e5 hade vi n\u00e4stan stranden f\u00f6r oss sj\u00e4lva. H\u00e4rligt \ud83d\ude42 . Alfred ville inte g\u00e5 till stranden &#8211; han trodde att man m\u00e5ste bada (som han inte gillar) och att &hellip; <a href=\"http:\/\/karin.stampis.com\/blog\/?p=22400\">Continue reading <span class=\"meta-nav\">&rarr;<\/span><\/a><\/p>\n","protected":false},"author":1,"featured_media":0,"comment_status":"open","ping_status":"open","sticky":false,"template":"","format":"standard","meta":{"footnotes":""},"categories":[420,322,430,410],"tags":[],"class_list":["post-22400","post","type-post","status-publish","format-standard","hentry","category-420","category-alfred","category-augusti-2017","category-viktor"],"_links":{"self":[{"href":"http:\/\/karin.stampis.com\/blog\/index.php?rest_route=\/wp\/v2\/posts\/22400","targetHints":{"allow":["GET"]}}],"collection":[{"href":"http:\/\/karin.stampis.com\/blog\/index.php?rest_route=\/wp\/v2\/posts"}],"about":[{"href":"http:\/\/karin.stampis.com\/blog\/index.php?rest_route=\/wp\/v2\/types\/post"}],"author":[{"embeddable":true,"href":"http:\/\/karin.stampis.com\/blog\/index.php?rest_route=\/wp\/v2\/users\/1"}],"replies":[{"embeddable":true,"href":"http:\/\/karin.stampis.com\/blog\/index.php?rest_route=%2Fwp%2Fv2%2Fcomments&post=22400"}],"version-history":[{"count":3,"href":"http:\/\/karin.stampis.com\/blog\/index.php?rest_route=\/wp\/v2\/posts\/22400\/revisions"}],"predecessor-version":[{"id":22418,"href":"http:\/\/karin.stampis.com\/blog\/index.php?rest_route=\/wp\/v2\/posts\/22400\/revisions\/22418"}],"wp:attachment":[{"href":"http:\/\/karin.stampis.com\/blog\/index.php?rest_route=%2Fwp%2Fv2%2Fmedia&parent=22400"}],"wp:term":[{"taxonomy":"category","embeddable":true,"href":"http:\/\/karin.stampis.com\/blog\/index.php?rest_route=%2Fwp%2Fv2%2Fcategories&post=22400"},{"taxonomy":"post_tag","embeddable":true,"href":"http:\/\/karin.stampis.com\/blog\/index.php?rest_route=%2Fwp%2Fv2%2Ftags&post=22400"}],"curies":[{"name":"wp","href":"https:\/\/api.w.org\/{rel}","templated":true}]}}