{"id":22684,"date":"2017-11-04T12:53:32","date_gmt":"2017-11-04T11:53:32","guid":{"rendered":"http:\/\/karin.stampis.com\/blog\/?p=22684"},"modified":"2017-11-04T12:53:32","modified_gmt":"2017-11-04T11:53:32","slug":"utflykter","status":"publish","type":"post","link":"http:\/\/karin.stampis.com\/blog\/?p=22684","title":{"rendered":"Utflykter"},"content":{"rendered":"<p>Grabbarna var iv\u00e4g p\u00e5 en del utflykter nu d\u00e5 farfar och Torni var p\u00e5 bes\u00f6k. Tyv\u00e4rr jobbade jag och kunde inte h\u00e4nga p\u00e5, men h\u00e4r \u00e4r n\u00e5gra foton:<\/p>\n<p>P\u00e5 tisdagen var de i bokskogen.<\/p>\n<p><a href=\"http:\/\/karin.stampis.com\/blog\/wp-content\/uploads\/2017\/11\/DSC_0019_9.jpg\"><img loading=\"lazy\" decoding=\"async\" class=\"aligncenter size-full wp-image-22690\" src=\"http:\/\/karin.stampis.com\/blog\/wp-content\/uploads\/2017\/11\/DSC_0019_9.jpg\" alt=\"\" width=\"800\" height=\"526\" srcset=\"http:\/\/karin.stampis.com\/blog\/wp-content\/uploads\/2017\/11\/DSC_0019_9.jpg 800w, http:\/\/karin.stampis.com\/blog\/wp-content\/uploads\/2017\/11\/DSC_0019_9-360x237.jpg 360w, http:\/\/karin.stampis.com\/blog\/wp-content\/uploads\/2017\/11\/DSC_0019_9-768x505.jpg 768w\" sizes=\"auto, (max-width: 800px) 100vw, 800px\" \/><\/a><\/p>\n<p>P\u00e5 ondagen var de i Malm\u00f6 och d\u00e4r de bl.a. bes\u00f6kte malm\u00f6 museer.<\/p>\n<p><a href=\"http:\/\/karin.stampis.com\/blog\/wp-content\/uploads\/2017\/11\/DSC_0035_9.jpg\"><img loading=\"lazy\" decoding=\"async\" class=\"aligncenter size-full wp-image-22689\" src=\"http:\/\/karin.stampis.com\/blog\/wp-content\/uploads\/2017\/11\/DSC_0035_9.jpg\" alt=\"\" width=\"800\" height=\"450\" srcset=\"http:\/\/karin.stampis.com\/blog\/wp-content\/uploads\/2017\/11\/DSC_0035_9.jpg 800w, http:\/\/karin.stampis.com\/blog\/wp-content\/uploads\/2017\/11\/DSC_0035_9-360x203.jpg 360w, http:\/\/karin.stampis.com\/blog\/wp-content\/uploads\/2017\/11\/DSC_0035_9-768x432.jpg 768w\" sizes=\"auto, (max-width: 800px) 100vw, 800px\" \/><\/a><\/p>\n<p><a href=\"http:\/\/karin.stampis.com\/blog\/wp-content\/uploads\/2017\/11\/DSC_0042_7.jpg\"><img loading=\"lazy\" decoding=\"async\" class=\"aligncenter size-full wp-image-22688\" src=\"http:\/\/karin.stampis.com\/blog\/wp-content\/uploads\/2017\/11\/DSC_0042_7.jpg\" alt=\"\" width=\"800\" height=\"450\" srcset=\"http:\/\/karin.stampis.com\/blog\/wp-content\/uploads\/2017\/11\/DSC_0042_7.jpg 800w, http:\/\/karin.stampis.com\/blog\/wp-content\/uploads\/2017\/11\/DSC_0042_7-360x203.jpg 360w, http:\/\/karin.stampis.com\/blog\/wp-content\/uploads\/2017\/11\/DSC_0042_7-768x432.jpg 768w\" sizes=\"auto, (max-width: 800px) 100vw, 800px\" \/><\/a><\/p>\n<p><a href=\"http:\/\/karin.stampis.com\/blog\/wp-content\/uploads\/2017\/11\/DSCPDC_0003_BURST20171025161228887_COVER.jpg\"><img loading=\"lazy\" decoding=\"async\" class=\"aligncenter size-full wp-image-22687\" src=\"http:\/\/karin.stampis.com\/blog\/wp-content\/uploads\/2017\/11\/DSCPDC_0003_BURST20171025161228887_COVER.jpg\" alt=\"\" width=\"800\" height=\"450\" srcset=\"http:\/\/karin.stampis.com\/blog\/wp-content\/uploads\/2017\/11\/DSCPDC_0003_BURST20171025161228887_COVER.jpg 800w, http:\/\/karin.stampis.com\/blog\/wp-content\/uploads\/2017\/11\/DSCPDC_0003_BURST20171025161228887_COVER-360x203.jpg 360w, http:\/\/karin.stampis.com\/blog\/wp-content\/uploads\/2017\/11\/DSCPDC_0003_BURST20171025161228887_COVER-768x432.jpg 768w\" sizes=\"auto, (max-width: 800px) 100vw, 800px\" \/><\/a><\/p>\n<p>P\u00e5 torsdagen var de p\u00e5 Emporia. De skulle ta ett foto d\u00e4ruppe p\u00e5 taket, men d\u00e5 hade Alfred l\u00e5gt blodsocker och var p\u00e5 lite d\u00e5ligt hum\u00f6r.<\/p>\n<p><a href=\"http:\/\/karin.stampis.com\/blog\/wp-content\/uploads\/2017\/11\/DSC_0100_6.jpg\"><img loading=\"lazy\" decoding=\"async\" class=\"aligncenter size-full wp-image-22686\" src=\"http:\/\/karin.stampis.com\/blog\/wp-content\/uploads\/2017\/11\/DSC_0100_6.jpg\" alt=\"\" width=\"669\" height=\"800\" srcset=\"http:\/\/karin.stampis.com\/blog\/wp-content\/uploads\/2017\/11\/DSC_0100_6.jpg 669w, http:\/\/karin.stampis.com\/blog\/wp-content\/uploads\/2017\/11\/DSC_0100_6-301x360.jpg 301w\" sizes=\"auto, (max-width: 669px) 100vw, 669px\" \/><\/a><\/p>\n<p>&nbsp;<\/p>\n<p>&nbsp;<\/p>\n","protected":false},"excerpt":{"rendered":"<p>Grabbarna var iv\u00e4g p\u00e5 en del utflykter nu d\u00e5 farfar och Torni var p\u00e5 bes\u00f6k. Tyv\u00e4rr jobbade jag och kunde inte h\u00e4nga p\u00e5, men h\u00e4r \u00e4r n\u00e5gra foton: P\u00e5 tisdagen var de i bokskogen. P\u00e5 ondagen var de i Malm\u00f6 &hellip; <a href=\"http:\/\/karin.stampis.com\/blog\/?p=22684\">Continue reading <span class=\"meta-nav\">&rarr;<\/span><\/a><\/p>\n","protected":false},"author":1,"featured_media":0,"comment_status":"open","ping_status":"open","sticky":false,"template":"","format":"standard","meta":{"footnotes":""},"categories":[420,322,434,145,301,410],"tags":[],"class_list":["post-22684","post","type-post","status-publish","format-standard","hentry","category-420","category-alfred","category-november-2017","category-resebloggar","category-utflykter-inom-skane","category-viktor"],"_links":{"self":[{"href":"http:\/\/karin.stampis.com\/blog\/index.php?rest_route=\/wp\/v2\/posts\/22684","targetHints":{"allow":["GET"]}}],"collection":[{"href":"http:\/\/karin.stampis.com\/blog\/index.php?rest_route=\/wp\/v2\/posts"}],"about":[{"href":"http:\/\/karin.stampis.com\/blog\/index.php?rest_route=\/wp\/v2\/types\/post"}],"author":[{"embeddable":true,"href":"http:\/\/karin.stampis.com\/blog\/index.php?rest_route=\/wp\/v2\/users\/1"}],"replies":[{"embeddable":true,"href":"http:\/\/karin.stampis.com\/blog\/index.php?rest_route=%2Fwp%2Fv2%2Fcomments&post=22684"}],"version-history":[{"count":2,"href":"http:\/\/karin.stampis.com\/blog\/index.php?rest_route=\/wp\/v2\/posts\/22684\/revisions"}],"predecessor-version":[{"id":22691,"href":"http:\/\/karin.stampis.com\/blog\/index.php?rest_route=\/wp\/v2\/posts\/22684\/revisions\/22691"}],"wp:attachment":[{"href":"http:\/\/karin.stampis.com\/blog\/index.php?rest_route=%2Fwp%2Fv2%2Fmedia&parent=22684"}],"wp:term":[{"taxonomy":"category","embeddable":true,"href":"http:\/\/karin.stampis.com\/blog\/index.php?rest_route=%2Fwp%2Fv2%2Fcategories&post=22684"},{"taxonomy":"post_tag","embeddable":true,"href":"http:\/\/karin.stampis.com\/blog\/index.php?rest_route=%2Fwp%2Fv2%2Ftags&post=22684"}],"curies":[{"name":"wp","href":"https:\/\/api.w.org\/{rel}","templated":true}]}}