{"id":22804,"date":"2017-12-16T12:03:57","date_gmt":"2017-12-16T11:03:57","guid":{"rendered":"http:\/\/karin.stampis.com\/blog\/?p=22804"},"modified":"2017-12-16T12:03:57","modified_gmt":"2017-12-16T11:03:57","slug":"lucia-2","status":"publish","type":"post","link":"http:\/\/karin.stampis.com\/blog\/?p=22804","title":{"rendered":"Lucia"},"content":{"rendered":"<p>Lucia firades p\u00e5 f\u00f6rskolan. Denna g\u00e5ngen inte lika okristligt tidigt som f\u00f6rra g\u00e5ngen (07.20 vs 06.30&#8230;). De var s\u00e5 duktiga de sm\u00e5 \ud83d\ude42 . Viktor tyckte att det var sp\u00e4nnande att kolla p\u00e5 Luciat\u00e5get, men sen d\u00e5 det var klart och barnen gick ut igen s\u00e5 fick han br\u00e5ttom att h\u00e4nga med. Efter s\u00e5ngen s\u00e5 bj\u00f6ds det p\u00e5 fika p\u00e5 avdelningen. Viktor tyckte det var j\u00e4tteskoj att h\u00e4lsa p\u00e5, och dagen efter s\u00e5 blev han mycket f\u00f6rbannad f\u00f6r att han inte fick f\u00f6lja med in d\u00e5 Jimmy l\u00e4mnade Alfred p\u00e5 f\u00f6rskolan.:p<\/p>\n<p>Man fick inte ta foton p\u00e5 luciat\u00e5get. Men h\u00e4r \u00e4r foto p\u00e5 Viktor som r\u00f6jer i lekrummet.<\/p>\n<p><a href=\"http:\/\/karin.stampis.com\/blog\/wp-content\/uploads\/2017\/12\/DSC_0014_15.jpg\"><img loading=\"lazy\" decoding=\"async\" class=\"aligncenter size-full wp-image-22812\" src=\"http:\/\/karin.stampis.com\/blog\/wp-content\/uploads\/2017\/12\/DSC_0014_15.jpg\" alt=\"\" width=\"800\" height=\"450\" srcset=\"http:\/\/karin.stampis.com\/blog\/wp-content\/uploads\/2017\/12\/DSC_0014_15.jpg 800w, http:\/\/karin.stampis.com\/blog\/wp-content\/uploads\/2017\/12\/DSC_0014_15-360x203.jpg 360w, http:\/\/karin.stampis.com\/blog\/wp-content\/uploads\/2017\/12\/DSC_0014_15-768x432.jpg 768w\" sizes=\"auto, (max-width: 800px) 100vw, 800px\" \/><\/a><\/p>\n<p>Alfred\u00a0fastnade inte p\u00e5 kort, men h\u00e4r \u00e4r han i alla fall p\u00e5 eftermiddagsfikan denna dag. Det kommer nog fler tomtebilder p\u00e5 bloggen senare.<\/p>\n<p><a href=\"http:\/\/karin.stampis.com\/blog\/wp-content\/uploads\/2017\/12\/DSC_0019_13.jpg\"><img loading=\"lazy\" decoding=\"async\" class=\"aligncenter size-full wp-image-22811\" src=\"http:\/\/karin.stampis.com\/blog\/wp-content\/uploads\/2017\/12\/DSC_0019_13.jpg\" alt=\"\" width=\"800\" height=\"570\" srcset=\"http:\/\/karin.stampis.com\/blog\/wp-content\/uploads\/2017\/12\/DSC_0019_13.jpg 800w, http:\/\/karin.stampis.com\/blog\/wp-content\/uploads\/2017\/12\/DSC_0019_13-360x257.jpg 360w, http:\/\/karin.stampis.com\/blog\/wp-content\/uploads\/2017\/12\/DSC_0019_13-768x547.jpg 768w\" sizes=\"auto, (max-width: 800px) 100vw, 800px\" \/><\/a><\/p>\n<p>F.\u00f6 s\u00e5 har Alfred p\u00e5 sig samma tomte-jacka som han haft under alla sina Luciafiranden p\u00e5 f\u00f6rskolan &#8211; inga andra kl\u00e4der har passat i s\u00e5 m\u00e5nga \u00e5r :p . I \u00e5r hade jag dock \u00e4nd\u00e5 k\u00f6pt en tomtedr\u00e4kt att ha under. H\u00e4r \u00e4r bilder fr\u00e5n <a href=\"http:\/\/karin.stampis.com\/blog\/?p=19052\">2014<\/a> och <a href=\"http:\/\/karin.stampis.com\/blog\/?p=19872\">2015<\/a>.<\/p>\n","protected":false},"excerpt":{"rendered":"<p>Lucia firades p\u00e5 f\u00f6rskolan. Denna g\u00e5ngen inte lika okristligt tidigt som f\u00f6rra g\u00e5ngen (07.20 vs 06.30&#8230;). De var s\u00e5 duktiga de sm\u00e5 \ud83d\ude42 . Viktor tyckte att det var sp\u00e4nnande att kolla p\u00e5 Luciat\u00e5get, men sen d\u00e5 det var klart &hellip; <a href=\"http:\/\/karin.stampis.com\/blog\/?p=22804\">Continue reading <span class=\"meta-nav\">&rarr;<\/span><\/a><\/p>\n","protected":false},"author":1,"featured_media":0,"comment_status":"open","ping_status":"open","sticky":false,"template":"","format":"standard","meta":{"footnotes":""},"categories":[420,322,435,410],"tags":[],"class_list":["post-22804","post","type-post","status-publish","format-standard","hentry","category-420","category-alfred","category-december-2017","category-viktor"],"_links":{"self":[{"href":"http:\/\/karin.stampis.com\/blog\/index.php?rest_route=\/wp\/v2\/posts\/22804","targetHints":{"allow":["GET"]}}],"collection":[{"href":"http:\/\/karin.stampis.com\/blog\/index.php?rest_route=\/wp\/v2\/posts"}],"about":[{"href":"http:\/\/karin.stampis.com\/blog\/index.php?rest_route=\/wp\/v2\/types\/post"}],"author":[{"embeddable":true,"href":"http:\/\/karin.stampis.com\/blog\/index.php?rest_route=\/wp\/v2\/users\/1"}],"replies":[{"embeddable":true,"href":"http:\/\/karin.stampis.com\/blog\/index.php?rest_route=%2Fwp%2Fv2%2Fcomments&post=22804"}],"version-history":[{"count":2,"href":"http:\/\/karin.stampis.com\/blog\/index.php?rest_route=\/wp\/v2\/posts\/22804\/revisions"}],"predecessor-version":[{"id":22813,"href":"http:\/\/karin.stampis.com\/blog\/index.php?rest_route=\/wp\/v2\/posts\/22804\/revisions\/22813"}],"wp:attachment":[{"href":"http:\/\/karin.stampis.com\/blog\/index.php?rest_route=%2Fwp%2Fv2%2Fmedia&parent=22804"}],"wp:term":[{"taxonomy":"category","embeddable":true,"href":"http:\/\/karin.stampis.com\/blog\/index.php?rest_route=%2Fwp%2Fv2%2Fcategories&post=22804"},{"taxonomy":"post_tag","embeddable":true,"href":"http:\/\/karin.stampis.com\/blog\/index.php?rest_route=%2Fwp%2Fv2%2Ftags&post=22804"}],"curies":[{"name":"wp","href":"https:\/\/api.w.org\/{rel}","templated":true}]}}