{"id":22831,"date":"2017-12-25T07:37:40","date_gmt":"2017-12-25T06:37:40","guid":{"rendered":"http:\/\/karin.stampis.com\/blog\/?p=22831"},"modified":"2017-12-24T22:37:54","modified_gmt":"2017-12-24T21:37:54","slug":"julafton-4","status":"publish","type":"post","link":"http:\/\/karin.stampis.com\/blog\/?p=22831","title":{"rendered":"Julafton"},"content":{"rendered":"<p>Slutligen var den h\u00e4r, dagen som Alfred v\u00e4ntat s\u00e5 l\u00e4nge p\u00e5!<\/p>\n<p>P\u00e5 morgonen s\u00e5 l\u00e5g det n\u00e5gra klappar under granen, bl.a. en pruttkudde som Alfred blev j\u00e4tteglad \u00f6ver och sa att han hade \u00f6nskat sig.<\/p>\n<p><a href=\"http:\/\/karin.stampis.com\/blog\/wp-content\/uploads\/2017\/12\/DSC06875.jpg\"><img loading=\"lazy\" decoding=\"async\" class=\"aligncenter size-full wp-image-22845\" src=\"http:\/\/karin.stampis.com\/blog\/wp-content\/uploads\/2017\/12\/DSC06875.jpg\" alt=\"\" width=\"800\" height=\"533\" srcset=\"http:\/\/karin.stampis.com\/blog\/wp-content\/uploads\/2017\/12\/DSC06875.jpg 800w, http:\/\/karin.stampis.com\/blog\/wp-content\/uploads\/2017\/12\/DSC06875-360x240.jpg 360w, http:\/\/karin.stampis.com\/blog\/wp-content\/uploads\/2017\/12\/DSC06875-768x512.jpg 768w\" sizes=\"auto, (max-width: 800px) 100vw, 800px\" \/><\/a><\/p>\n<p><a href=\"http:\/\/karin.stampis.com\/blog\/wp-content\/uploads\/2017\/12\/DSC06876.jpg\"><img loading=\"lazy\" decoding=\"async\" class=\"aligncenter size-full wp-image-22844\" src=\"http:\/\/karin.stampis.com\/blog\/wp-content\/uploads\/2017\/12\/DSC06876.jpg\" alt=\"\" width=\"800\" height=\"533\" srcset=\"http:\/\/karin.stampis.com\/blog\/wp-content\/uploads\/2017\/12\/DSC06876.jpg 800w, http:\/\/karin.stampis.com\/blog\/wp-content\/uploads\/2017\/12\/DSC06876-360x240.jpg 360w, http:\/\/karin.stampis.com\/blog\/wp-content\/uploads\/2017\/12\/DSC06876-768x512.jpg 768w\" sizes=\"auto, (max-width: 800px) 100vw, 800px\" \/><\/a><\/p>\n<p>Vi hade f\u00e5tt upp fel paket med julgranskulor i granen, men alla var i alla fall plastkulor. Trodde vi. Det visade sig att Viktor tog den enda glaskulan som fanns i granen och sl\u00e4ngde den i full kraft mot golvet :p .<\/p>\n<p>Senare p\u00e5 f\u00f6rmiddagen s\u00e5 gjorde vi marsipanfigurer.<\/p>\n<p><a href=\"http:\/\/karin.stampis.com\/blog\/wp-content\/uploads\/2017\/12\/IMG_5029.jpg\"><img loading=\"lazy\" decoding=\"async\" class=\"aligncenter size-full wp-image-22843\" src=\"http:\/\/karin.stampis.com\/blog\/wp-content\/uploads\/2017\/12\/IMG_5029.jpg\" alt=\"\" width=\"800\" height=\"647\" srcset=\"http:\/\/karin.stampis.com\/blog\/wp-content\/uploads\/2017\/12\/IMG_5029.jpg 800w, http:\/\/karin.stampis.com\/blog\/wp-content\/uploads\/2017\/12\/IMG_5029-360x291.jpg 360w, http:\/\/karin.stampis.com\/blog\/wp-content\/uploads\/2017\/12\/IMG_5029-768x621.jpg 768w\" sizes=\"auto, (max-width: 800px) 100vw, 800px\" \/><\/a><\/p>\n<p>Alfred var mycket duktig och var med hela tiden. Viktor \u00e5t p\u00e5 n\u00e5gra marsipanbitar, och sen s\u00e5 hittade han roligare saker att g\u00f6ra (rota i k\u00f6ksl\u00e5dor, en av hans favoritsyssels\u00e4ttningar).<\/p>\n<p><a href=\"http:\/\/karin.stampis.com\/blog\/wp-content\/uploads\/2017\/12\/IMG_5047.jpg\"><img loading=\"lazy\" decoding=\"async\" class=\"aligncenter size-full wp-image-22842\" src=\"http:\/\/karin.stampis.com\/blog\/wp-content\/uploads\/2017\/12\/IMG_5047.jpg\" alt=\"\" width=\"800\" height=\"533\" srcset=\"http:\/\/karin.stampis.com\/blog\/wp-content\/uploads\/2017\/12\/IMG_5047.jpg 800w, http:\/\/karin.stampis.com\/blog\/wp-content\/uploads\/2017\/12\/IMG_5047-360x240.jpg 360w, http:\/\/karin.stampis.com\/blog\/wp-content\/uploads\/2017\/12\/IMG_5047-768x512.jpg 768w\" sizes=\"auto, (max-width: 800px) 100vw, 800px\" \/><\/a><\/p>\n<p>Sen tog vi en tur i Dalby S\u00f6derskog. Viktor gick en bit, och sov sen i vagnen en stund.<\/p>\n<p><a href=\"http:\/\/karin.stampis.com\/blog\/wp-content\/uploads\/2017\/12\/IMG_5067.jpg\"><img loading=\"lazy\" decoding=\"async\" class=\"aligncenter size-full wp-image-22841\" src=\"http:\/\/karin.stampis.com\/blog\/wp-content\/uploads\/2017\/12\/IMG_5067.jpg\" alt=\"\" width=\"800\" height=\"533\" srcset=\"http:\/\/karin.stampis.com\/blog\/wp-content\/uploads\/2017\/12\/IMG_5067.jpg 800w, http:\/\/karin.stampis.com\/blog\/wp-content\/uploads\/2017\/12\/IMG_5067-360x240.jpg 360w, http:\/\/karin.stampis.com\/blog\/wp-content\/uploads\/2017\/12\/IMG_5067-768x512.jpg 768w\" sizes=\"auto, (max-width: 800px) 100vw, 800px\" \/><\/a><\/p>\n<p><a href=\"http:\/\/karin.stampis.com\/blog\/wp-content\/uploads\/2017\/12\/IMG_5097.jpg\"><img loading=\"lazy\" decoding=\"async\" class=\"aligncenter size-full wp-image-22840\" src=\"http:\/\/karin.stampis.com\/blog\/wp-content\/uploads\/2017\/12\/IMG_5097.jpg\" alt=\"\" width=\"800\" height=\"533\" srcset=\"http:\/\/karin.stampis.com\/blog\/wp-content\/uploads\/2017\/12\/IMG_5097.jpg 800w, http:\/\/karin.stampis.com\/blog\/wp-content\/uploads\/2017\/12\/IMG_5097-360x240.jpg 360w, http:\/\/karin.stampis.com\/blog\/wp-content\/uploads\/2017\/12\/IMG_5097-768x512.jpg 768w\" sizes=\"auto, (max-width: 800px) 100vw, 800px\" \/><\/a><\/p>\n<p>Vi fick avbryta promenaden efter ett tag p.g.a. v\u00e4dret. Och s\u00e5h\u00e4r s\u00e5g\u00a0v\u00e4dret ut resten av dagen:<\/p>\n<p><a href=\"http:\/\/karin.stampis.com\/blog\/wp-content\/uploads\/2017\/12\/IMG_5104.jpg\"><img loading=\"lazy\" decoding=\"async\" class=\"aligncenter size-full wp-image-22839\" src=\"http:\/\/karin.stampis.com\/blog\/wp-content\/uploads\/2017\/12\/IMG_5104.jpg\" alt=\"\" width=\"800\" height=\"533\" srcset=\"http:\/\/karin.stampis.com\/blog\/wp-content\/uploads\/2017\/12\/IMG_5104.jpg 800w, http:\/\/karin.stampis.com\/blog\/wp-content\/uploads\/2017\/12\/IMG_5104-360x240.jpg 360w, http:\/\/karin.stampis.com\/blog\/wp-content\/uploads\/2017\/12\/IMG_5104-768x512.jpg 768w\" sizes=\"auto, (max-width: 800px) 100vw, 800px\" \/><\/a><\/p>\n<p>Vid 15.00 s\u00e5 var det dags f\u00f6r Kalle Anka och julmust. Viktor kollade entusiastiskt p\u00e5 Tomtarnas julverkstad, men sen tappade han intresset och ville springa runt oss i k\u00f6ket ist\u00e4llet&#8230; Dock tappade han inte intresset f\u00f6r julmust &#8211; b\u00e5da kidsen \u00e4r helt tokiga i denna dryck.<\/p>\n<p><a href=\"http:\/\/karin.stampis.com\/blog\/wp-content\/uploads\/2017\/12\/IMG_5113.jpg\"><img loading=\"lazy\" decoding=\"async\" class=\"aligncenter size-full wp-image-22838\" src=\"http:\/\/karin.stampis.com\/blog\/wp-content\/uploads\/2017\/12\/IMG_5113.jpg\" alt=\"\" width=\"800\" height=\"533\" srcset=\"http:\/\/karin.stampis.com\/blog\/wp-content\/uploads\/2017\/12\/IMG_5113.jpg 800w, http:\/\/karin.stampis.com\/blog\/wp-content\/uploads\/2017\/12\/IMG_5113-360x240.jpg 360w, http:\/\/karin.stampis.com\/blog\/wp-content\/uploads\/2017\/12\/IMG_5113-768x512.jpg 768w\" sizes=\"auto, (max-width: 800px) 100vw, 800px\" \/><\/a><\/p>\n<p>Sen \u00e5t vi julmat. En stund efter detta s\u00e5\u00a0ringde det p\u00e5 d\u00f6rren!<\/p>\n<p><a href=\"http:\/\/karin.stampis.com\/blog\/wp-content\/uploads\/2017\/12\/436093563416618404-1.jpg\"><img loading=\"lazy\" decoding=\"async\" class=\"aligncenter size-full wp-image-22847\" src=\"http:\/\/karin.stampis.com\/blog\/wp-content\/uploads\/2017\/12\/436093563416618404-1.jpg\" alt=\"\" width=\"660\" height=\"800\" srcset=\"http:\/\/karin.stampis.com\/blog\/wp-content\/uploads\/2017\/12\/436093563416618404-1.jpg 660w, http:\/\/karin.stampis.com\/blog\/wp-content\/uploads\/2017\/12\/436093563416618404-1-297x360.jpg 297w\" sizes=\"auto, (max-width: 660px) 100vw, 660px\" \/><\/a><\/p>\n<p>Killarna f\u00f6rs\u00f6kte fiska upp presenterna sj\u00e4lva f\u00f6rst :p , men fick l\u00e4ra sig att Tomten delade ut dom. Viktor f\u00f6rstod otippat mycket &#8211; han fattade bl.a. att han skulle ta paket varenda g\u00e5ng tomten sa &#8220;Viktor&#8221;. Det blev en hel del julklappar. Killarna var n\u00f6jda med presenterna. Viktor fick en stor andel presenter som l\u00e4t, precis som han gillar. Och Alfred han sa att han var j\u00e4tten\u00f6jd, f\u00f6r han fick allt som han \u00f6nskat sig \ud83d\ude42 .<\/p>\n<p><a href=\"http:\/\/karin.stampis.com\/blog\/wp-content\/uploads\/2017\/12\/IMG_5151.jpg\"><img loading=\"lazy\" decoding=\"async\" class=\"aligncenter size-full wp-image-22837\" src=\"http:\/\/karin.stampis.com\/blog\/wp-content\/uploads\/2017\/12\/IMG_5151.jpg\" alt=\"\" width=\"800\" height=\"527\" srcset=\"http:\/\/karin.stampis.com\/blog\/wp-content\/uploads\/2017\/12\/IMG_5151.jpg 800w, http:\/\/karin.stampis.com\/blog\/wp-content\/uploads\/2017\/12\/IMG_5151-360x237.jpg 360w, http:\/\/karin.stampis.com\/blog\/wp-content\/uploads\/2017\/12\/IMG_5151-768x506.jpg 768w\" sizes=\"auto, (max-width: 800px) 100vw, 800px\" \/><\/a><\/p>\n<p>Sen var det lek och slutligen Bezzerwizzer. Jimmy hittade r\u00e4tt julgranskulor, s\u00e5 jag h\u00e4ngde upp dessa ist\u00e4llet. I \u00e5r k\u00f6pte vi en riktig gran!<\/p>\n<p><a href=\"http:\/\/karin.stampis.com\/blog\/wp-content\/uploads\/2017\/12\/IMG_5183.jpg\"><img loading=\"lazy\" decoding=\"async\" class=\"aligncenter size-full wp-image-22836\" src=\"http:\/\/karin.stampis.com\/blog\/wp-content\/uploads\/2017\/12\/IMG_5183.jpg\" alt=\"\" width=\"533\" height=\"800\" srcset=\"http:\/\/karin.stampis.com\/blog\/wp-content\/uploads\/2017\/12\/IMG_5183.jpg 533w, http:\/\/karin.stampis.com\/blog\/wp-content\/uploads\/2017\/12\/IMG_5183-240x360.jpg 240w\" sizes=\"auto, (max-width: 533px) 100vw, 533px\" \/><\/a><\/p>\n","protected":false},"excerpt":{"rendered":"<p>Slutligen var den h\u00e4r, dagen som Alfred v\u00e4ntat s\u00e5 l\u00e4nge p\u00e5! P\u00e5 morgonen s\u00e5 l\u00e5g det n\u00e5gra klappar under granen, bl.a. en pruttkudde som Alfred blev j\u00e4tteglad \u00f6ver och sa att han hade \u00f6nskat sig. Vi hade f\u00e5tt upp fel &hellip; <a href=\"http:\/\/karin.stampis.com\/blog\/?p=22831\">Continue reading <span class=\"meta-nav\">&rarr;<\/span><\/a><\/p>\n","protected":false},"author":1,"featured_media":0,"comment_status":"open","ping_status":"open","sticky":false,"template":"","format":"standard","meta":{"footnotes":""},"categories":[420,322,435,410],"tags":[99],"class_list":["post-22831","post","type-post","status-publish","format-standard","hentry","category-420","category-alfred","category-december-2017","category-viktor","tag-jul"],"_links":{"self":[{"href":"http:\/\/karin.stampis.com\/blog\/index.php?rest_route=\/wp\/v2\/posts\/22831","targetHints":{"allow":["GET"]}}],"collection":[{"href":"http:\/\/karin.stampis.com\/blog\/index.php?rest_route=\/wp\/v2\/posts"}],"about":[{"href":"http:\/\/karin.stampis.com\/blog\/index.php?rest_route=\/wp\/v2\/types\/post"}],"author":[{"embeddable":true,"href":"http:\/\/karin.stampis.com\/blog\/index.php?rest_route=\/wp\/v2\/users\/1"}],"replies":[{"embeddable":true,"href":"http:\/\/karin.stampis.com\/blog\/index.php?rest_route=%2Fwp%2Fv2%2Fcomments&post=22831"}],"version-history":[{"count":6,"href":"http:\/\/karin.stampis.com\/blog\/index.php?rest_route=\/wp\/v2\/posts\/22831\/revisions"}],"predecessor-version":[{"id":22850,"href":"http:\/\/karin.stampis.com\/blog\/index.php?rest_route=\/wp\/v2\/posts\/22831\/revisions\/22850"}],"wp:attachment":[{"href":"http:\/\/karin.stampis.com\/blog\/index.php?rest_route=%2Fwp%2Fv2%2Fmedia&parent=22831"}],"wp:term":[{"taxonomy":"category","embeddable":true,"href":"http:\/\/karin.stampis.com\/blog\/index.php?rest_route=%2Fwp%2Fv2%2Fcategories&post=22831"},{"taxonomy":"post_tag","embeddable":true,"href":"http:\/\/karin.stampis.com\/blog\/index.php?rest_route=%2Fwp%2Fv2%2Ftags&post=22831"}],"curies":[{"name":"wp","href":"https:\/\/api.w.org\/{rel}","templated":true}]}}