{"id":22858,"date":"2018-01-02T14:51:57","date_gmt":"2018-01-02T13:51:57","guid":{"rendered":"http:\/\/karin.stampis.com\/blog\/?p=22858"},"modified":"2018-01-02T14:51:57","modified_gmt":"2018-01-02T13:51:57","slug":"gott-nytt-ar-7","status":"publish","type":"post","link":"http:\/\/karin.stampis.com\/blog\/?p=22858","title":{"rendered":"Gott nytt \u00e5r!"},"content":{"rendered":"<p>S\u00e5 har ny\u00e5rsafton passerat! Jag \u00e4lskar ny\u00e5rsafton \ud83d\ude42 , \u00e4ven om jag k\u00e4nner mig lite matt inf\u00f6r 2018.<\/p>\n<p>Vi hade en fin ny\u00e5rsafton, \u00e4ven om den inte blev som man t\u00e4nkt sig. Natten innan hade jag supersv\u00e5rt att somna, s\u00e5 jag somnade inte f\u00f6rr\u00e4n 3, vilket resulterade att jag inte kom ur s\u00e4ngen f\u00f6rr\u00e4n 10.30. Alfred var ocks\u00e5 tr\u00f6tt, och Jimmy med, eftersom han fick ta morgonpasset med Viktor. S\u00e5 det var lite tr\u00f6tta typer som\u00a0klockan 11 \u00e5t \u00e5rets sista frukost . Efter frukost begav vi oss till Skrylle. Det var fler \u00e4n vi som hade samma ide med att rasta kidsen (och sig sj\u00e4lva) innan ny\u00e5rskv\u00e4llen. Vi gick 5km-slingan. Alfred var j\u00e4tteduktig och gick den trots att han hade p\u00e5 sig sina vinterst\u00f6vlar (han brukar klaga p\u00e5 att det \u00e4r s\u00e5 tungt med st\u00f6vlar och vill ha gympadojjor ist\u00e4llet).<\/p>\n<p>Vi hade lite olika aktiviteter, bl.a. letade vi julgranar:<\/p>\n<p><a href=\"http:\/\/karin.stampis.com\/blog\/wp-content\/uploads\/2018\/01\/DSC_0002_24.jpg\"><img loading=\"lazy\" decoding=\"async\" class=\"aligncenter size-full wp-image-22873\" src=\"http:\/\/karin.stampis.com\/blog\/wp-content\/uploads\/2018\/01\/DSC_0002_24.jpg\" alt=\"\" width=\"522\" height=\"800\" srcset=\"http:\/\/karin.stampis.com\/blog\/wp-content\/uploads\/2018\/01\/DSC_0002_24.jpg 522w, http:\/\/karin.stampis.com\/blog\/wp-content\/uploads\/2018\/01\/DSC_0002_24-235x360.jpg 235w\" sizes=\"auto, (max-width: 522px) 100vw, 522px\" \/><\/a> <a href=\"http:\/\/karin.stampis.com\/blog\/wp-content\/uploads\/2018\/01\/DSC_0003_24.jpg\"><img loading=\"lazy\" decoding=\"async\" class=\"aligncenter size-full wp-image-22872\" src=\"http:\/\/karin.stampis.com\/blog\/wp-content\/uploads\/2018\/01\/DSC_0003_24.jpg\" alt=\"\" width=\"484\" height=\"800\" srcset=\"http:\/\/karin.stampis.com\/blog\/wp-content\/uploads\/2018\/01\/DSC_0003_24.jpg 484w, http:\/\/karin.stampis.com\/blog\/wp-content\/uploads\/2018\/01\/DSC_0003_24-218x360.jpg 218w\" sizes=\"auto, (max-width: 484px) 100vw, 484px\" \/><\/a> <a href=\"http:\/\/karin.stampis.com\/blog\/wp-content\/uploads\/2018\/01\/DSC_0006_22.jpg\"><img loading=\"lazy\" decoding=\"async\" class=\"aligncenter size-full wp-image-22871\" src=\"http:\/\/karin.stampis.com\/blog\/wp-content\/uploads\/2018\/01\/DSC_0006_22.jpg\" alt=\"\" width=\"617\" height=\"800\" srcset=\"http:\/\/karin.stampis.com\/blog\/wp-content\/uploads\/2018\/01\/DSC_0006_22.jpg 617w, http:\/\/karin.stampis.com\/blog\/wp-content\/uploads\/2018\/01\/DSC_0006_22-278x360.jpg 278w\" sizes=\"auto, (max-width: 617px) 100vw, 617px\" \/><\/a> <a href=\"http:\/\/karin.stampis.com\/blog\/wp-content\/uploads\/2018\/01\/DSC_0016_14.jpg\"><img loading=\"lazy\" decoding=\"async\" class=\"aligncenter size-full wp-image-22869\" src=\"http:\/\/karin.stampis.com\/blog\/wp-content\/uploads\/2018\/01\/DSC_0016_14.jpg\" alt=\"\" width=\"451\" height=\"800\" srcset=\"http:\/\/karin.stampis.com\/blog\/wp-content\/uploads\/2018\/01\/DSC_0016_14.jpg 451w, http:\/\/karin.stampis.com\/blog\/wp-content\/uploads\/2018\/01\/DSC_0016_14-203x360.jpg 203w\" sizes=\"auto, (max-width: 451px) 100vw, 451px\" \/><\/a><\/p>\n<p>Det fanns \u00e4ven tomtar:<\/p>\n<p><a href=\"http:\/\/karin.stampis.com\/blog\/wp-content\/uploads\/2018\/01\/DSC_0019_14.jpg\"><img loading=\"lazy\" decoding=\"async\" class=\"aligncenter size-full wp-image-22867\" src=\"http:\/\/karin.stampis.com\/blog\/wp-content\/uploads\/2018\/01\/DSC_0019_14.jpg\" alt=\"\" width=\"711\" height=\"800\" srcset=\"http:\/\/karin.stampis.com\/blog\/wp-content\/uploads\/2018\/01\/DSC_0019_14.jpg 711w, http:\/\/karin.stampis.com\/blog\/wp-content\/uploads\/2018\/01\/DSC_0019_14-320x360.jpg 320w\" sizes=\"auto, (max-width: 711px) 100vw, 711px\" \/><\/a><\/p>\n<p>Viktor ville ocks\u00e5 promenera en sv\u00e4ng.<\/p>\n<p><a href=\"http:\/\/karin.stampis.com\/blog\/wp-content\/uploads\/2018\/01\/DSC_0010_15.jpg\"><img loading=\"lazy\" decoding=\"async\" class=\"aligncenter size-full wp-image-22870\" src=\"http:\/\/karin.stampis.com\/blog\/wp-content\/uploads\/2018\/01\/DSC_0010_15.jpg\" alt=\"\" width=\"800\" height=\"450\" srcset=\"http:\/\/karin.stampis.com\/blog\/wp-content\/uploads\/2018\/01\/DSC_0010_15.jpg 800w, http:\/\/karin.stampis.com\/blog\/wp-content\/uploads\/2018\/01\/DSC_0010_15-360x203.jpg 360w, http:\/\/karin.stampis.com\/blog\/wp-content\/uploads\/2018\/01\/DSC_0010_15-768x432.jpg 768w\" sizes=\"auto, (max-width: 800px) 100vw, 800px\" \/><\/a><\/p>\n<p>Men annars satt han bra i vagnen. Han somnade efter 4.5 km eller s\u00e5 :p .<\/p>\n<p><a href=\"http:\/\/karin.stampis.com\/blog\/wp-content\/uploads\/2018\/01\/DSC_0017_14.jpg\"><img loading=\"lazy\" decoding=\"async\" class=\"aligncenter size-full wp-image-22868\" src=\"http:\/\/karin.stampis.com\/blog\/wp-content\/uploads\/2018\/01\/DSC_0017_14.jpg\" alt=\"\" width=\"800\" height=\"450\" srcset=\"http:\/\/karin.stampis.com\/blog\/wp-content\/uploads\/2018\/01\/DSC_0017_14.jpg 800w, http:\/\/karin.stampis.com\/blog\/wp-content\/uploads\/2018\/01\/DSC_0017_14-360x203.jpg 360w, http:\/\/karin.stampis.com\/blog\/wp-content\/uploads\/2018\/01\/DSC_0017_14-768x432.jpg 768w\" sizes=\"auto, (max-width: 800px) 100vw, 800px\" \/><\/a><\/p>\n<p>Efter promenaden var klockan mycket och vi var hungriga, s\u00e5 det var bara att g\u00f6ra f\u00f6rr\u00e4tten och \u00e4ta i fleecetr\u00f6ja och l\u00e5ngkalsoner :p . Alfred hade sett fram emot att \u00e4ta r\u00e4kor i flera dagar &#8211; denna kr\u00e4sne lille kille kan f\u00f6rv\u00e5na en ibland! Viktor d\u00e4remot gillade inte f\u00f6rr\u00e4tten.<\/p>\n<p><a href=\"http:\/\/karin.stampis.com\/blog\/wp-content\/uploads\/2018\/01\/DSC06882.jpg\"><img loading=\"lazy\" decoding=\"async\" class=\"aligncenter size-full wp-image-22866\" src=\"http:\/\/karin.stampis.com\/blog\/wp-content\/uploads\/2018\/01\/DSC06882.jpg\" alt=\"\" width=\"611\" height=\"800\" srcset=\"http:\/\/karin.stampis.com\/blog\/wp-content\/uploads\/2018\/01\/DSC06882.jpg 611w, http:\/\/karin.stampis.com\/blog\/wp-content\/uploads\/2018\/01\/DSC06882-275x360.jpg 275w\" sizes=\"auto, (max-width: 611px) 100vw, 611px\" \/><\/a><\/p>\n<p><a href=\"http:\/\/karin.stampis.com\/blog\/wp-content\/uploads\/2018\/01\/DSC06888.jpg\"><img loading=\"lazy\" decoding=\"async\" class=\"aligncenter size-full wp-image-22865\" src=\"http:\/\/karin.stampis.com\/blog\/wp-content\/uploads\/2018\/01\/DSC06888.jpg\" alt=\"\" width=\"800\" height=\"609\" srcset=\"http:\/\/karin.stampis.com\/blog\/wp-content\/uploads\/2018\/01\/DSC06888.jpg 800w, http:\/\/karin.stampis.com\/blog\/wp-content\/uploads\/2018\/01\/DSC06888-360x274.jpg 360w, http:\/\/karin.stampis.com\/blog\/wp-content\/uploads\/2018\/01\/DSC06888-768x585.jpg 768w\" sizes=\"auto, (max-width: 800px) 100vw, 800px\" \/><\/a><\/p>\n<p>Huvudr\u00e4tten gick snabbt att g\u00f6ra (himla tur, f\u00f6r tiden blev knapp) &#8211; ryggbiff och frittar (med f\u00e4rdig bearnaise). Killarna fick k\u00f6ttbullar. \u00c4ven h\u00e4r \u00f6verraskade Alfred genom att tycka att det var gott med sparris. \u00c4ven efterr\u00e4tten var snabbgjord. Glass och bl\u00e5b\u00e4r.<\/p>\n<p><a href=\"http:\/\/karin.stampis.com\/blog\/wp-content\/uploads\/2018\/01\/DSC06894.jpg\"><img loading=\"lazy\" decoding=\"async\" class=\"aligncenter size-full wp-image-22864\" src=\"http:\/\/karin.stampis.com\/blog\/wp-content\/uploads\/2018\/01\/DSC06894.jpg\" alt=\"\" width=\"800\" height=\"640\" srcset=\"http:\/\/karin.stampis.com\/blog\/wp-content\/uploads\/2018\/01\/DSC06894.jpg 800w, http:\/\/karin.stampis.com\/blog\/wp-content\/uploads\/2018\/01\/DSC06894-360x288.jpg 360w, http:\/\/karin.stampis.com\/blog\/wp-content\/uploads\/2018\/01\/DSC06894-768x614.jpg 768w\" sizes=\"auto, (max-width: 800px) 100vw, 800px\" \/><\/a><\/p>\n<p>Blandad fokus p\u00e5 efterr\u00e4tten som synes. Det sk\u00f6ts fyrverkerier d\u00e5 och d\u00e5 \u00e4nda fr\u00e5n skymningstid, s\u00e5 det var ju sp\u00e4nnande att kolla p\u00e5.<\/p>\n<p><a href=\"http:\/\/karin.stampis.com\/blog\/wp-content\/uploads\/2018\/01\/DSC06897.jpg\"><img loading=\"lazy\" decoding=\"async\" class=\"aligncenter size-full wp-image-22863\" src=\"http:\/\/karin.stampis.com\/blog\/wp-content\/uploads\/2018\/01\/DSC06897.jpg\" alt=\"\" width=\"800\" height=\"533\" srcset=\"http:\/\/karin.stampis.com\/blog\/wp-content\/uploads\/2018\/01\/DSC06897.jpg 800w, http:\/\/karin.stampis.com\/blog\/wp-content\/uploads\/2018\/01\/DSC06897-360x240.jpg 360w, http:\/\/karin.stampis.com\/blog\/wp-content\/uploads\/2018\/01\/DSC06897-768x512.jpg 768w\" sizes=\"auto, (max-width: 800px) 100vw, 800px\" \/><\/a><\/p>\n<p>Alfred var s\u00e5 exalterad att han hade mycket sv\u00e5rt att somna, men tillslut blev det tid f\u00f6r bubbel och babbel.\u00a0D\u00e5 var det \u00e5rssammanfattning f\u00f6r hela slanten!<\/p>\n<p><a href=\"http:\/\/karin.stampis.com\/blog\/wp-content\/uploads\/2018\/01\/DSC06899.jpg\"><img loading=\"lazy\" decoding=\"async\" class=\"aligncenter size-full wp-image-22862\" src=\"http:\/\/karin.stampis.com\/blog\/wp-content\/uploads\/2018\/01\/DSC06899.jpg\" alt=\"\" width=\"800\" height=\"748\" srcset=\"http:\/\/karin.stampis.com\/blog\/wp-content\/uploads\/2018\/01\/DSC06899.jpg 800w, http:\/\/karin.stampis.com\/blog\/wp-content\/uploads\/2018\/01\/DSC06899-360x337.jpg 360w, http:\/\/karin.stampis.com\/blog\/wp-content\/uploads\/2018\/01\/DSC06899-768x718.jpg 768w\" sizes=\"auto, (max-width: 800px) 100vw, 800px\" \/><\/a><\/p>\n<p>Alfred ville prompt att vi skulle v\u00e4cka honom till 12-slaget. F\u00f6rst var han inte s\u00e5 entusiastisk, men sen vaknade han till. En riktig pyro-teknikfantast \ud83d\ude09 .<\/p>\n<p><a href=\"http:\/\/karin.stampis.com\/blog\/wp-content\/uploads\/2018\/01\/DSC06905.jpg\"><img loading=\"lazy\" decoding=\"async\" class=\"aligncenter size-full wp-image-22861\" src=\"http:\/\/karin.stampis.com\/blog\/wp-content\/uploads\/2018\/01\/DSC06905.jpg\" alt=\"\" width=\"462\" height=\"800\" srcset=\"http:\/\/karin.stampis.com\/blog\/wp-content\/uploads\/2018\/01\/DSC06905.jpg 462w, http:\/\/karin.stampis.com\/blog\/wp-content\/uploads\/2018\/01\/DSC06905-208x360.jpg 208w\" sizes=\"auto, (max-width: 462px) 100vw, 462px\" \/><\/a> <a href=\"http:\/\/karin.stampis.com\/blog\/wp-content\/uploads\/2018\/01\/DSC06911.jpg\"><img loading=\"lazy\" decoding=\"async\" class=\"aligncenter size-full wp-image-22860\" src=\"http:\/\/karin.stampis.com\/blog\/wp-content\/uploads\/2018\/01\/DSC06911.jpg\" alt=\"\" width=\"800\" height=\"533\" srcset=\"http:\/\/karin.stampis.com\/blog\/wp-content\/uploads\/2018\/01\/DSC06911.jpg 800w, http:\/\/karin.stampis.com\/blog\/wp-content\/uploads\/2018\/01\/DSC06911-360x240.jpg 360w, http:\/\/karin.stampis.com\/blog\/wp-content\/uploads\/2018\/01\/DSC06911-768x512.jpg 768w\" sizes=\"auto, (max-width: 800px) 100vw, 800px\" \/><\/a><\/p>\n<p>GOTT NYTT \u00c5R! \ud83d\ude42<\/p>\n<p>&nbsp;<\/p>\n<p>&nbsp;<\/p>\n","protected":false},"excerpt":{"rendered":"<p>S\u00e5 har ny\u00e5rsafton passerat! Jag \u00e4lskar ny\u00e5rsafton \ud83d\ude42 , \u00e4ven om jag k\u00e4nner mig lite matt inf\u00f6r 2018. Vi hade en fin ny\u00e5rsafton, \u00e4ven om den inte blev som man t\u00e4nkt sig. Natten innan hade jag supersv\u00e5rt att somna, s\u00e5 &hellip; <a href=\"http:\/\/karin.stampis.com\/blog\/?p=22858\">Continue reading <span class=\"meta-nav\">&rarr;<\/span><\/a><\/p>\n","protected":false},"author":1,"featured_media":0,"comment_status":"open","ping_status":"open","sticky":false,"template":"","format":"standard","meta":{"footnotes":""},"categories":[436,322,437,410],"tags":[],"class_list":["post-22858","post","type-post","status-publish","format-standard","hentry","category-436","category-alfred","category-januari-2018","category-viktor"],"_links":{"self":[{"href":"http:\/\/karin.stampis.com\/blog\/index.php?rest_route=\/wp\/v2\/posts\/22858","targetHints":{"allow":["GET"]}}],"collection":[{"href":"http:\/\/karin.stampis.com\/blog\/index.php?rest_route=\/wp\/v2\/posts"}],"about":[{"href":"http:\/\/karin.stampis.com\/blog\/index.php?rest_route=\/wp\/v2\/types\/post"}],"author":[{"embeddable":true,"href":"http:\/\/karin.stampis.com\/blog\/index.php?rest_route=\/wp\/v2\/users\/1"}],"replies":[{"embeddable":true,"href":"http:\/\/karin.stampis.com\/blog\/index.php?rest_route=%2Fwp%2Fv2%2Fcomments&post=22858"}],"version-history":[{"count":3,"href":"http:\/\/karin.stampis.com\/blog\/index.php?rest_route=\/wp\/v2\/posts\/22858\/revisions"}],"predecessor-version":[{"id":22875,"href":"http:\/\/karin.stampis.com\/blog\/index.php?rest_route=\/wp\/v2\/posts\/22858\/revisions\/22875"}],"wp:attachment":[{"href":"http:\/\/karin.stampis.com\/blog\/index.php?rest_route=%2Fwp%2Fv2%2Fmedia&parent=22858"}],"wp:term":[{"taxonomy":"category","embeddable":true,"href":"http:\/\/karin.stampis.com\/blog\/index.php?rest_route=%2Fwp%2Fv2%2Fcategories&post=22858"},{"taxonomy":"post_tag","embeddable":true,"href":"http:\/\/karin.stampis.com\/blog\/index.php?rest_route=%2Fwp%2Fv2%2Ftags&post=22858"}],"curies":[{"name":"wp","href":"https:\/\/api.w.org\/{rel}","templated":true}]}}