{"id":22884,"date":"2018-01-04T15:49:31","date_gmt":"2018-01-04T14:49:31","guid":{"rendered":"http:\/\/karin.stampis.com\/blog\/?p=22884"},"modified":"2018-01-04T15:49:31","modified_gmt":"2018-01-04T14:49:31","slug":"arssammanfattning-2017","status":"publish","type":"post","link":"http:\/\/karin.stampis.com\/blog\/?p=22884","title":{"rendered":"\u00c5rssammanfattning 2017"},"content":{"rendered":"<p>S\u00e5 har det blivit 2018, och d\u00e5 \u00e4r det dags f\u00f6r en sammanfattning av 2017!<\/p>\n<p>D\u00e5 jag kikar tillbaks p\u00e5 sammanfattningen fr\u00e5n f\u00f6rra \u00e5ret s\u00e5 avslutades denna med en fram\u00e5tblickade mening om 2017, n\u00e4mligen \u201dJag hoppas 2017 blir ett \u00e5r med fokus p\u00e5 saker som ligger ett steg h\u00f6gre upp p\u00e5 behovstrappan \u2013 kreativitet, mindfulness, familjemys, livsgl\u00e4dje etc och att saker l\u00e4gre ner p\u00e5 behovstrappan, dvs mer praktiska \u00f6verlevnadssaker,\u00a0 inte beh\u00f6ver ha s\u00e5 stort fokus (tex jobb, vardagslogistik, praktiska saker med huset etc). \u201d<\/p>\n<p>Jag kan s\u00e5 h\u00e4r i efterhand konstatera att jag inte riktigt kom s\u00e5 h\u00f6gt upp p\u00e5 behovstrappan som jag \u00f6nskat\u2026 Men det beror till viss del p\u00e5 att jag arbetat aktivt med att komma h\u00f6gre upp p\u00e5 behovstrappan, genom att byta jobb. Detta med jobb-bytet var en utmattande process,som jag egentligen inte hade n\u00e5gra planer att ta mig an under 2017, d\u00e5 jag inte ville ha denna typ av f\u00f6r\u00e4ndring d\u00e5\u00a0jag precis hade varit f\u00f6r\u00e4ldraledig. D\u00e5 ville jag bara att allt skulle vara som vanligt, s\u00e5 man kunde komma in i vardagslivet snabbt och inte l\u00e4gga f\u00f6r mycket energi p\u00e5 jobbet. S\u00e5 jag har skjutit detta med att byta jobb p\u00e5 framtiden ett tag, men d\u00e5 jag kom tillbaks fr\u00e5n f\u00f6r\u00e4ldraledigheten s\u00e5 dr\u00f6jde det inte mer \u00e4n en m\u00e5nad f\u00f6rr\u00e4n jag ins\u00e5g att jag verkligen beh\u00f6vde sluta mitt jobb NU. Och det gjorde jag, efter 13 \u00e5r p\u00e5 gamla jobbet. Och praktiska saker med huset blev det en del, eftersom vi hade en fuktskada och det efter m\u00e5nga turer best\u00e4mdes att bolaget som byggde huset skulle st\u00e5 f\u00f6r detta. S\u00e5 det var m\u00e5nga bes\u00f6k av hantverkare och vi hade under en l\u00e5ng period en avfuktare st\u00e5ende p\u00e5 bottenv\u00e5ningen, vars ljud man blev gaaaalen av. Men vi fick ett helt omlagt parkettgolv och det blev fint ? . Och vardagslogistik \u2013 ja det har man haft en hel del av&#8230;<\/p>\n<p>Men, det har \u00e4nd\u00e5 varit en hel del saker som ligger h\u00f6gre upp p\u00e5 behovstrappan \u2013 vi har haft mycket familjemys och det har funnits mycket livsgl\u00e4dje ? . Speciellt det f\u00f6rsta halv\u00e5ret, d\u00e5 jag var f\u00f6r\u00e4ldraledig, var h\u00e4rligt. F\u00f6r\u00e4ldraledigheten \u00e4r den b\u00e4sta tiden i livet ? !<\/p>\n<p><a href=\"http:\/\/karin.stampis.com\/blog\/wp-content\/uploads\/2018\/01\/DSC_0038_2.jpg\"><img loading=\"lazy\" decoding=\"async\" class=\"aligncenter size-full wp-image-22886\" src=\"http:\/\/karin.stampis.com\/blog\/wp-content\/uploads\/2018\/01\/DSC_0038_2.jpg\" alt=\"\" width=\"450\" height=\"800\" srcset=\"http:\/\/karin.stampis.com\/blog\/wp-content\/uploads\/2018\/01\/DSC_0038_2.jpg 450w, http:\/\/karin.stampis.com\/blog\/wp-content\/uploads\/2018\/01\/DSC_0038_2-203x360.jpg 203w\" sizes=\"auto, (max-width: 450px) 100vw, 450px\" \/><\/a><\/p>\n<p style=\"text-align: center;\"><em>Ledighet och barnvagnspromenader, nice \ud83d\ude42<\/em><\/p>\n<p>Maken som var ledig det andra halv\u00e5ret inst\u00e4mmer nog inte riktigt i detta p\u00e5st\u00e5ende, men han tyckte \u00e4nd\u00e5 att det var en bra tid p\u00e5 sitt s\u00e4tt.<\/p>\n<p><a href=\"http:\/\/karin.stampis.com\/blog\/wp-content\/uploads\/2018\/01\/DSC_0002_21.jpg\"><img loading=\"lazy\" decoding=\"async\" class=\"aligncenter size-full wp-image-22887\" src=\"http:\/\/karin.stampis.com\/blog\/wp-content\/uploads\/2018\/01\/DSC_0002_21.jpg\" alt=\"\" width=\"800\" height=\"450\" srcset=\"http:\/\/karin.stampis.com\/blog\/wp-content\/uploads\/2018\/01\/DSC_0002_21.jpg 800w, http:\/\/karin.stampis.com\/blog\/wp-content\/uploads\/2018\/01\/DSC_0002_21-360x203.jpg 360w, http:\/\/karin.stampis.com\/blog\/wp-content\/uploads\/2018\/01\/DSC_0002_21-768x432.jpg 768w\" sizes=\"auto, (max-width: 800px) 100vw, 800px\" \/><\/a><\/p>\n<p style=\"text-align: center;\"><em>Jimmy i f\u00f6r\u00e4ldraledighetstagen (jag \u00e4r lite besviken p\u00e5 att det aldrig blev n\u00e5got pappask\u00e4gg :p ).<\/em><\/p>\n<p>Kreativitet och mindfulness f\u00e5r jag dock utveckla ett annat \u00e5r. Men jag har i alla fall r\u00f6jt ur och uppdaterat min garderob (har l\u00e4st mycket om f\u00e4rger i samband med detta), kanske n\u00e5gon typ av kreativitet?<\/p>\n<p><a href=\"http:\/\/karin.stampis.com\/blog\/wp-content\/uploads\/2018\/01\/DSC06184.jpg\"><img loading=\"lazy\" decoding=\"async\" class=\"aligncenter size-full wp-image-22889\" src=\"http:\/\/karin.stampis.com\/blog\/wp-content\/uploads\/2018\/01\/DSC06184.jpg\" alt=\"\" width=\"600\" height=\"400\" srcset=\"http:\/\/karin.stampis.com\/blog\/wp-content\/uploads\/2018\/01\/DSC06184.jpg 600w, http:\/\/karin.stampis.com\/blog\/wp-content\/uploads\/2018\/01\/DSC06184-360x240.jpg 360w\" sizes=\"auto, (max-width: 600px) 100vw, 600px\" \/><\/a><\/p>\n<p><a href=\"http:\/\/karin.stampis.com\/blog\/wp-content\/uploads\/2018\/01\/DSC_0129_3.jpg\"><img loading=\"lazy\" decoding=\"async\" class=\"aligncenter size-full wp-image-22890\" src=\"http:\/\/karin.stampis.com\/blog\/wp-content\/uploads\/2018\/01\/DSC_0129_3.jpg\" alt=\"\" width=\"527\" height=\"800\" srcset=\"http:\/\/karin.stampis.com\/blog\/wp-content\/uploads\/2018\/01\/DSC_0129_3.jpg 527w, http:\/\/karin.stampis.com\/blog\/wp-content\/uploads\/2018\/01\/DSC_0129_3-237x360.jpg 237w\" sizes=\"auto, (max-width: 527px) 100vw, 527px\" \/><\/a><\/p>\n<p><a href=\"http:\/\/karin.stampis.com\/blog\/wp-content\/uploads\/2018\/01\/DSC06557.jpg\"><img loading=\"lazy\" decoding=\"async\" class=\"aligncenter size-full wp-image-22892\" src=\"http:\/\/karin.stampis.com\/blog\/wp-content\/uploads\/2018\/01\/DSC06557.jpg\" alt=\"\" width=\"486\" height=\"800\" srcset=\"http:\/\/karin.stampis.com\/blog\/wp-content\/uploads\/2018\/01\/DSC06557.jpg 486w, http:\/\/karin.stampis.com\/blog\/wp-content\/uploads\/2018\/01\/DSC06557-219x360.jpg 219w\" sizes=\"auto, (max-width: 486px) 100vw, 486px\" \/><\/a><\/p>\n<p style=\"text-align: center;\"><em>N\u00e5gra nya kl\u00e4der under kategorin festkl\u00e4nningar<\/em><\/p>\n<p>Jag har \u00e4ven skapat en hel del i v\u00e5r lilla tr\u00e4dg\u00e5rd, s\u00e5 n\u00e5gon typ av kreativitet har man kanske haft. Och s\u00e5 har jag k\u00e4mpat med att h\u00e5lla denna blogg vid liv trots tidsbrist.<\/p>\n<p><a href=\"http:\/\/karin.stampis.com\/blog\/wp-content\/uploads\/2018\/01\/DSC06565.jpg\"><img loading=\"lazy\" decoding=\"async\" class=\"aligncenter size-full wp-image-22893\" src=\"http:\/\/karin.stampis.com\/blog\/wp-content\/uploads\/2018\/01\/DSC06565.jpg\" alt=\"\" width=\"800\" height=\"533\" srcset=\"http:\/\/karin.stampis.com\/blog\/wp-content\/uploads\/2018\/01\/DSC06565.jpg 800w, http:\/\/karin.stampis.com\/blog\/wp-content\/uploads\/2018\/01\/DSC06565-360x240.jpg 360w, http:\/\/karin.stampis.com\/blog\/wp-content\/uploads\/2018\/01\/DSC06565-768x512.jpg 768w\" sizes=\"auto, (max-width: 800px) 100vw, 800px\" \/><\/a><\/p>\n<p><a href=\"http:\/\/karin.stampis.com\/blog\/wp-content\/uploads\/2018\/01\/DSC06559.jpg\"><img loading=\"lazy\" decoding=\"async\" class=\"aligncenter size-full wp-image-22894\" src=\"http:\/\/karin.stampis.com\/blog\/wp-content\/uploads\/2018\/01\/DSC06559.jpg\" alt=\"\" width=\"800\" height=\"478\" srcset=\"http:\/\/karin.stampis.com\/blog\/wp-content\/uploads\/2018\/01\/DSC06559.jpg 800w, http:\/\/karin.stampis.com\/blog\/wp-content\/uploads\/2018\/01\/DSC06559-360x215.jpg 360w, http:\/\/karin.stampis.com\/blog\/wp-content\/uploads\/2018\/01\/DSC06559-768x459.jpg 768w\" sizes=\"auto, (max-width: 800px) 100vw, 800px\" \/><\/a><\/p>\n<p><a href=\"http:\/\/karin.stampis.com\/blog\/wp-content\/uploads\/2018\/01\/DSC06227.jpg\"><img loading=\"lazy\" decoding=\"async\" class=\"aligncenter size-full wp-image-22897\" src=\"http:\/\/karin.stampis.com\/blog\/wp-content\/uploads\/2018\/01\/DSC06227.jpg\" alt=\"\" width=\"800\" height=\"557\" srcset=\"http:\/\/karin.stampis.com\/blog\/wp-content\/uploads\/2018\/01\/DSC06227.jpg 800w, http:\/\/karin.stampis.com\/blog\/wp-content\/uploads\/2018\/01\/DSC06227-360x251.jpg 360w, http:\/\/karin.stampis.com\/blog\/wp-content\/uploads\/2018\/01\/DSC06227-768x535.jpg 768w\" sizes=\"auto, (max-width: 800px) 100vw, 800px\" \/><\/a><\/p>\n<p style=\"text-align: center;\"><em><a href=\"http:\/\/karin.stampis.com\/blog\/wp-content\/uploads\/2018\/01\/DSC06311.jpg\"><img loading=\"lazy\" decoding=\"async\" class=\"aligncenter size-full wp-image-22895\" src=\"http:\/\/karin.stampis.com\/blog\/wp-content\/uploads\/2018\/01\/DSC06311.jpg\" alt=\"\" width=\"800\" height=\"533\" srcset=\"http:\/\/karin.stampis.com\/blog\/wp-content\/uploads\/2018\/01\/DSC06311.jpg 800w, http:\/\/karin.stampis.com\/blog\/wp-content\/uploads\/2018\/01\/DSC06311-360x240.jpg 360w, http:\/\/karin.stampis.com\/blog\/wp-content\/uploads\/2018\/01\/DSC06311-768x512.jpg 768w\" sizes=\"auto, (max-width: 800px) 100vw, 800px\" \/><\/a>Tr\u00e4dg\u00e5rden i h\u00f6stskrud, samt tv\u00e5 sm\u00e5 tr\u00e4dg\u00e5rdsm\u00e4stare under sommartid.<\/em><\/p>\n<p>Viktor har g\u00e5tt fr\u00e5n att, i b\u00f6rjan av \u00e5ret, inte kunna f\u00f6rflytta sig sj\u00e4lv, till att i h\u00f6gsta grad kunna f\u00f6rflytta sig sj\u00e4lv i alla m\u00f6jliga dimensioner :p .<\/p>\n<p><a href=\"http:\/\/karin.stampis.com\/blog\/wp-content\/uploads\/2018\/01\/DSC_1551.jpg\"><img loading=\"lazy\" decoding=\"async\" class=\"aligncenter size-full wp-image-22898\" src=\"http:\/\/karin.stampis.com\/blog\/wp-content\/uploads\/2018\/01\/DSC_1551.jpg\" alt=\"\" width=\"800\" height=\"450\" srcset=\"http:\/\/karin.stampis.com\/blog\/wp-content\/uploads\/2018\/01\/DSC_1551.jpg 800w, http:\/\/karin.stampis.com\/blog\/wp-content\/uploads\/2018\/01\/DSC_1551-360x203.jpg 360w, http:\/\/karin.stampis.com\/blog\/wp-content\/uploads\/2018\/01\/DSC_1551-768x432.jpg 768w\" sizes=\"auto, (max-width: 800px) 100vw, 800px\" \/><\/a><\/p>\n<p><a href=\"http:\/\/karin.stampis.com\/blog\/wp-content\/uploads\/2018\/01\/DSC_0036_8.jpg\"><img loading=\"lazy\" decoding=\"async\" class=\"aligncenter size-full wp-image-22899\" src=\"http:\/\/karin.stampis.com\/blog\/wp-content\/uploads\/2018\/01\/DSC_0036_8.jpg\" alt=\"\" width=\"567\" height=\"800\" srcset=\"http:\/\/karin.stampis.com\/blog\/wp-content\/uploads\/2018\/01\/DSC_0036_8.jpg 567w, http:\/\/karin.stampis.com\/blog\/wp-content\/uploads\/2018\/01\/DSC_0036_8-255x360.jpg 255w\" sizes=\"auto, (max-width: 567px) 100vw, 567px\" \/><\/a><\/p>\n<p style=\"text-align: center;\"><em>Viktor fr\u00e5n en av \u00e5rets f\u00f6rsta dagar resp en av \u00e5rets sista dagar<\/em><\/p>\n<p>Och s\u00e5 har han ju blivit d\u00f6pt under \u00e5ret. Jag blev mycket n\u00f6jd med dopet, f\u00f6rutom att pr\u00e4sten var lite skum :p .<\/p>\n<p><a href=\"http:\/\/karin.stampis.com\/blog\/wp-content\/uploads\/2018\/01\/IMG_4158.jpg\"><img loading=\"lazy\" decoding=\"async\" class=\"aligncenter size-full wp-image-22901\" src=\"http:\/\/karin.stampis.com\/blog\/wp-content\/uploads\/2018\/01\/IMG_4158.jpg\" alt=\"\" width=\"594\" height=\"600\" srcset=\"http:\/\/karin.stampis.com\/blog\/wp-content\/uploads\/2018\/01\/IMG_4158.jpg 594w, http:\/\/karin.stampis.com\/blog\/wp-content\/uploads\/2018\/01\/IMG_4158-356x360.jpg 356w\" sizes=\"auto, (max-width: 594px) 100vw, 594px\" \/><\/a><\/p>\n<p>Och Alfred, han blir bara klokare och klokare. Och b\u00e5da v\u00e4xer s\u00e5 det knakar! Alfreds \u00e4r en klok och k\u00e4rleksfull kille som t\u00e4nker mycket. Han har blivit riktigt bra med siffror. Han har ett fantastiskt sifferminne \u2013 om han ser en siffra s\u00e5 hittar han associationer (t.ex. \u201d21! Det var ju s\u00e5 gammal du var d\u00e5 du svimmade mamma\u201d, \u201dKlockan \u00e4r 10:00, det var den ocks\u00e5 d\u00e5 vi l\u00e4mnade farfar och Torni p\u00e5 flygplatsen (f\u00f6r \u00f6ver 2 m\u00e5nader sen)\u201d , \u201dBilen d\u00e4r har regnummer 828, det \u00e4r s\u00e5 h\u00f6gt v\u00e4rldens h\u00f6gsta byggnad \u00e4r\u201d). Han \u00e4r inte lika intresserad av bokst\u00e4ver, men han kan alla nu och sitter lite med l\u00e4sappar p\u00e5 plattan. Han har mycket spring i benen, och har sportat en del under \u00e5ret. Bl.a s\u00e5 har vi g\u00e5tt p\u00e5 fotboll och simning. Vi har \u00e4ven varit ute och vandrat endel (n\u00e5got som vi verkligen vill g\u00f6ra \u00e4nnu mer n\u00e4sta \u00e5r). Men han har \u00e4ven haft ro att hj\u00e4lp till med t.ex. bakning. Han har \u00e4ven lekt mycket med kompisar, ringklockan h\u00e4r g\u00e5r varm\u2026<\/p>\n<p><a href=\"http:\/\/karin.stampis.com\/blog\/wp-content\/uploads\/2018\/01\/IMG_4836.jpg\"><img loading=\"lazy\" decoding=\"async\" class=\"aligncenter size-full wp-image-22902\" src=\"http:\/\/karin.stampis.com\/blog\/wp-content\/uploads\/2018\/01\/IMG_4836.jpg\" alt=\"\" width=\"532\" height=\"800\" srcset=\"http:\/\/karin.stampis.com\/blog\/wp-content\/uploads\/2018\/01\/IMG_4836.jpg 532w, http:\/\/karin.stampis.com\/blog\/wp-content\/uploads\/2018\/01\/IMG_4836-239x360.jpg 239w\" sizes=\"auto, (max-width: 532px) 100vw, 532px\" \/><\/a><\/p>\n<p><a href=\"http:\/\/karin.stampis.com\/blog\/wp-content\/uploads\/2018\/01\/DSC06872.jpg\"><img loading=\"lazy\" decoding=\"async\" class=\"aligncenter size-full wp-image-22903\" src=\"http:\/\/karin.stampis.com\/blog\/wp-content\/uploads\/2018\/01\/DSC06872.jpg\" alt=\"\" width=\"549\" height=\"800\" srcset=\"http:\/\/karin.stampis.com\/blog\/wp-content\/uploads\/2018\/01\/DSC06872.jpg 549w, http:\/\/karin.stampis.com\/blog\/wp-content\/uploads\/2018\/01\/DSC06872-247x360.jpg 247w\" sizes=\"auto, (max-width: 549px) 100vw, 549px\" \/><\/a><\/p>\n<p>Vi har tagit oss iv\u00e4g p\u00e5 endel resor. Bl.a. har vi bilat till Stockholm tv\u00e5 g\u00e5nger (<a href=\"http:\/\/karin.stampis.com\/blog\/?cat=183\">l\u00e4nk 1<\/a>, <a href=\"http:\/\/karin.stampis.com\/blog\/?cat=429\">l\u00e4nk 2<\/a>).<\/p>\n<p style=\"text-align: center;\"><a href=\"http:\/\/karin.stampis.com\/blog\/wp-content\/uploads\/2018\/01\/DSC05437.jpg\"><img loading=\"lazy\" decoding=\"async\" class=\"aligncenter size-full wp-image-22904\" src=\"http:\/\/karin.stampis.com\/blog\/wp-content\/uploads\/2018\/01\/DSC05437.jpg\" alt=\"\" width=\"595\" height=\"600\" srcset=\"http:\/\/karin.stampis.com\/blog\/wp-content\/uploads\/2018\/01\/DSC05437.jpg 595w, http:\/\/karin.stampis.com\/blog\/wp-content\/uploads\/2018\/01\/DSC05437-150x150.jpg 150w, http:\/\/karin.stampis.com\/blog\/wp-content\/uploads\/2018\/01\/DSC05437-357x360.jpg 357w\" sizes=\"auto, (max-width: 595px) 100vw, 595px\" \/><\/a><em>Fr\u00e5n Tom Tits experiment som vi bes\u00f6kte under en Stockholmstur<\/em><\/p>\n<p>Under bilturen p\u00e5 sommaren s\u00e5 var \u00e4ven Alfred och jag i Uppsala, och p\u00e5 v\u00e4gen hem s\u00e5 hade vi en lyckad visit p\u00e5 Kolm\u00e5rden.<\/p>\n<p><a href=\"http:\/\/karin.stampis.com\/blog\/wp-content\/uploads\/2018\/01\/DSC05994.jpg\"><img loading=\"lazy\" decoding=\"async\" class=\"aligncenter size-full wp-image-22905\" src=\"http:\/\/karin.stampis.com\/blog\/wp-content\/uploads\/2018\/01\/DSC05994.jpg\" alt=\"\" width=\"400\" height=\"600\" srcset=\"http:\/\/karin.stampis.com\/blog\/wp-content\/uploads\/2018\/01\/DSC05994.jpg 400w, http:\/\/karin.stampis.com\/blog\/wp-content\/uploads\/2018\/01\/DSC05994-240x360.jpg 240w\" sizes=\"auto, (max-width: 400px) 100vw, 400px\" \/><\/a><\/p>\n<p><a href=\"http:\/\/karin.stampis.com\/blog\/wp-content\/uploads\/2018\/01\/IMG_4348.jpg\"><img loading=\"lazy\" decoding=\"async\" class=\"aligncenter size-full wp-image-22907\" src=\"http:\/\/karin.stampis.com\/blog\/wp-content\/uploads\/2018\/01\/IMG_4348.jpg\" alt=\"\" width=\"600\" height=\"369\" srcset=\"http:\/\/karin.stampis.com\/blog\/wp-content\/uploads\/2018\/01\/IMG_4348.jpg 600w, http:\/\/karin.stampis.com\/blog\/wp-content\/uploads\/2018\/01\/IMG_4348-360x221.jpg 360w\" sizes=\"auto, (max-width: 600px) 100vw, 600px\" \/><\/a><\/p>\n<p>Senare under sommaren var vi \u00e4ven p\u00e5 <a href=\"http:\/\/karin.stampis.com\/blog\/?p=22272\">Liseberg<\/a>.<\/p>\n<p><a href=\"http:\/\/karin.stampis.com\/blog\/wp-content\/uploads\/2018\/01\/IMG_4714-X2-2.jpg\"><img loading=\"lazy\" decoding=\"async\" class=\"aligncenter size-full wp-image-22909\" src=\"http:\/\/karin.stampis.com\/blog\/wp-content\/uploads\/2018\/01\/IMG_4714-X2-2.jpg\" alt=\"\" width=\"387\" height=\"458\" srcset=\"http:\/\/karin.stampis.com\/blog\/wp-content\/uploads\/2018\/01\/IMG_4714-X2-2.jpg 387w, http:\/\/karin.stampis.com\/blog\/wp-content\/uploads\/2018\/01\/IMG_4714-X2-2-304x360.jpg 304w\" sizes=\"auto, (max-width: 387px) 100vw, 387px\" \/><\/a><\/p>\n<p>Det blev \u00e4ven en del lokala utflykter i Sk\u00e5ne, n\u00e5gra exempel:<\/p>\n<p><a href=\"http:\/\/karin.stampis.com\/blog\/wp-content\/uploads\/2018\/01\/DSC06261.jpg\"><img loading=\"lazy\" decoding=\"async\" class=\"aligncenter size-full wp-image-22911\" src=\"http:\/\/karin.stampis.com\/blog\/wp-content\/uploads\/2018\/01\/DSC06261.jpg\" alt=\"\" width=\"800\" height=\"533\" srcset=\"http:\/\/karin.stampis.com\/blog\/wp-content\/uploads\/2018\/01\/DSC06261.jpg 800w, http:\/\/karin.stampis.com\/blog\/wp-content\/uploads\/2018\/01\/DSC06261-360x240.jpg 360w, http:\/\/karin.stampis.com\/blog\/wp-content\/uploads\/2018\/01\/DSC06261-768x512.jpg 768w\" sizes=\"auto, (max-width: 800px) 100vw, 800px\" \/><\/a><\/p>\n<p><a href=\"http:\/\/karin.stampis.com\/blog\/?p=22270\">Sofiero<\/a><\/p>\n<p><a href=\"http:\/\/karin.stampis.com\/blog\/wp-content\/uploads\/2018\/01\/DSC_0722.jpg\"><img loading=\"lazy\" decoding=\"async\" class=\"aligncenter size-full wp-image-22912\" src=\"http:\/\/karin.stampis.com\/blog\/wp-content\/uploads\/2018\/01\/DSC_0722.jpg\" alt=\"\" width=\"600\" height=\"338\" srcset=\"http:\/\/karin.stampis.com\/blog\/wp-content\/uploads\/2018\/01\/DSC_0722.jpg 600w, http:\/\/karin.stampis.com\/blog\/wp-content\/uploads\/2018\/01\/DSC_0722-360x203.jpg 360w\" sizes=\"auto, (max-width: 600px) 100vw, 600px\" \/><\/a><\/p>\n<p><a href=\"http:\/\/karin.stampis.com\/blog\/?p=22221\">S\u00f6der\u00e5sen<\/a><\/p>\n<p><a href=\"http:\/\/karin.stampis.com\/blog\/wp-content\/uploads\/2018\/01\/DSC_0518.jpg\"><img loading=\"lazy\" decoding=\"async\" class=\"aligncenter size-full wp-image-22914\" src=\"http:\/\/karin.stampis.com\/blog\/wp-content\/uploads\/2018\/01\/DSC_0518.jpg\" alt=\"\" width=\"600\" height=\"338\" srcset=\"http:\/\/karin.stampis.com\/blog\/wp-content\/uploads\/2018\/01\/DSC_0518.jpg 600w, http:\/\/karin.stampis.com\/blog\/wp-content\/uploads\/2018\/01\/DSC_0518-360x203.jpg 360w\" sizes=\"auto, (max-width: 600px) 100vw, 600px\" \/><\/a><\/p>\n<p><a href=\"http:\/\/karin.stampis.com\/blog\/?p=22026\">Torup<\/a><\/p>\n<p><a href=\"http:\/\/karin.stampis.com\/blog\/wp-content\/uploads\/2018\/01\/DSC06499.jpg\"><img loading=\"lazy\" decoding=\"async\" class=\"aligncenter size-full wp-image-22913\" src=\"http:\/\/karin.stampis.com\/blog\/wp-content\/uploads\/2018\/01\/DSC06499.jpg\" alt=\"\" width=\"800\" height=\"533\" srcset=\"http:\/\/karin.stampis.com\/blog\/wp-content\/uploads\/2018\/01\/DSC06499.jpg 800w, http:\/\/karin.stampis.com\/blog\/wp-content\/uploads\/2018\/01\/DSC06499-360x240.jpg 360w, http:\/\/karin.stampis.com\/blog\/wp-content\/uploads\/2018\/01\/DSC06499-768x512.jpg 768w\" sizes=\"auto, (max-width: 800px) 100vw, 800px\" \/><\/a><\/p>\n<p><a href=\"http:\/\/karin.stampis.com\/blog\/?p=22533\">Fulltofta<\/a><\/p>\n<p>Jimmy och jag kom iv\u00e4g sj\u00e4lva p\u00e5 n\u00e5gra restaurangbes\u00f6k samt en kv\u00e4llpicknick p\u00e5 Dagsh\u00f6g.<\/p>\n<p><a href=\"http:\/\/karin.stampis.com\/blog\/wp-content\/uploads\/2018\/01\/DSCPDC_0002_BURST20170815161421929.jpg\"><img loading=\"lazy\" decoding=\"async\" class=\"aligncenter size-full wp-image-22915\" src=\"http:\/\/karin.stampis.com\/blog\/wp-content\/uploads\/2018\/01\/DSCPDC_0002_BURST20170815161421929.jpg\" alt=\"\" width=\"800\" height=\"450\" srcset=\"http:\/\/karin.stampis.com\/blog\/wp-content\/uploads\/2018\/01\/DSCPDC_0002_BURST20170815161421929.jpg 800w, http:\/\/karin.stampis.com\/blog\/wp-content\/uploads\/2018\/01\/DSCPDC_0002_BURST20170815161421929-360x203.jpg 360w, http:\/\/karin.stampis.com\/blog\/wp-content\/uploads\/2018\/01\/DSCPDC_0002_BURST20170815161421929-768x432.jpg 768w\" sizes=\"auto, (max-width: 800px) 100vw, 800px\" \/><\/a><\/p>\n<p>Sommarledigheten var l\u00e5ng och h\u00e4rlig, trots v\u00e4dret. Det blev inte mycket strandh\u00e4ng! Men vi hade en veckas semester p\u00e5 landet med en dag p\u00e5 stranden.<\/p>\n<p><a href=\"http:\/\/karin.stampis.com\/blog\/wp-content\/uploads\/2018\/01\/DSC_0033_2.jpg\"><img loading=\"lazy\" decoding=\"async\" class=\"aligncenter size-full wp-image-22910\" src=\"http:\/\/karin.stampis.com\/blog\/wp-content\/uploads\/2018\/01\/DSC_0033_2.jpg\" alt=\"\" width=\"800\" height=\"450\" srcset=\"http:\/\/karin.stampis.com\/blog\/wp-content\/uploads\/2018\/01\/DSC_0033_2.jpg 800w, http:\/\/karin.stampis.com\/blog\/wp-content\/uploads\/2018\/01\/DSC_0033_2-360x203.jpg 360w, http:\/\/karin.stampis.com\/blog\/wp-content\/uploads\/2018\/01\/DSC_0033_2-768x432.jpg 768w\" sizes=\"auto, (max-width: 800px) 100vw, 800px\" \/><\/a><\/p>\n<p>Nu kommer ett \u00e5r d\u00e5 det h\u00e4nder mycket. I augusti b\u00f6rjar Alfred i skolan (f-klass) och Viktor b\u00f6rjar i f\u00f6rskolan nu i januari. Jag har ett nytt jobb (har iofs hunnit jobba 3 veckor p\u00e5 det nu i december) och Jimmy har ett nytt jobb som komplement till det gamla jobbet som han ocks\u00e5 \u00e4r kvar p\u00e5. Dessutom s\u00e5 fyller han ju gubbe ? . Och i \u00e5r f\u00e5r det slutligen vara dags att s\u00e4lja v\u00e5r gamla bil (och k\u00f6pa en ny andrabil)!<\/p>\n","protected":false},"excerpt":{"rendered":"<p>S\u00e5 har det blivit 2018, och d\u00e5 \u00e4r det dags f\u00f6r en sammanfattning av 2017! D\u00e5 jag kikar tillbaks p\u00e5 sammanfattningen fr\u00e5n f\u00f6rra \u00e5ret s\u00e5 avslutades denna med en fram\u00e5tblickade mening om 2017, n\u00e4mligen \u201dJag hoppas 2017 blir ett \u00e5r &hellip; <a href=\"http:\/\/karin.stampis.com\/blog\/?p=22884\">Continue reading <span class=\"meta-nav\">&rarr;<\/span><\/a><\/p>\n","protected":false},"author":1,"featured_media":0,"comment_status":"open","ping_status":"open","sticky":false,"template":"","format":"standard","meta":{"footnotes":""},"categories":[420,436,437],"tags":[],"class_list":["post-22884","post","type-post","status-publish","format-standard","hentry","category-420","category-436","category-januari-2018"],"_links":{"self":[{"href":"http:\/\/karin.stampis.com\/blog\/index.php?rest_route=\/wp\/v2\/posts\/22884","targetHints":{"allow":["GET"]}}],"collection":[{"href":"http:\/\/karin.stampis.com\/blog\/index.php?rest_route=\/wp\/v2\/posts"}],"about":[{"href":"http:\/\/karin.stampis.com\/blog\/index.php?rest_route=\/wp\/v2\/types\/post"}],"author":[{"embeddable":true,"href":"http:\/\/karin.stampis.com\/blog\/index.php?rest_route=\/wp\/v2\/users\/1"}],"replies":[{"embeddable":true,"href":"http:\/\/karin.stampis.com\/blog\/index.php?rest_route=%2Fwp%2Fv2%2Fcomments&post=22884"}],"version-history":[{"count":6,"href":"http:\/\/karin.stampis.com\/blog\/index.php?rest_route=\/wp\/v2\/posts\/22884\/revisions"}],"predecessor-version":[{"id":22918,"href":"http:\/\/karin.stampis.com\/blog\/index.php?rest_route=\/wp\/v2\/posts\/22884\/revisions\/22918"}],"wp:attachment":[{"href":"http:\/\/karin.stampis.com\/blog\/index.php?rest_route=%2Fwp%2Fv2%2Fmedia&parent=22884"}],"wp:term":[{"taxonomy":"category","embeddable":true,"href":"http:\/\/karin.stampis.com\/blog\/index.php?rest_route=%2Fwp%2Fv2%2Fcategories&post=22884"},{"taxonomy":"post_tag","embeddable":true,"href":"http:\/\/karin.stampis.com\/blog\/index.php?rest_route=%2Fwp%2Fv2%2Ftags&post=22884"}],"curies":[{"name":"wp","href":"https:\/\/api.w.org\/{rel}","templated":true}]}}