{"id":22930,"date":"2018-01-13T20:14:54","date_gmt":"2018-01-13T19:14:54","guid":{"rendered":"http:\/\/karin.stampis.com\/blog\/?p=22930"},"modified":"2018-01-13T20:14:54","modified_gmt":"2018-01-13T19:14:54","slug":"viktor-17-manader","status":"publish","type":"post","link":"http:\/\/karin.stampis.com\/blog\/?p=22930","title":{"rendered":"Viktor 17 m\u00e5nader"},"content":{"rendered":"<p>En sak som har h\u00e4nt sen f\u00f6rra m\u00e5nadsuppdateringen \u00e4r att Viktor har b\u00f6rjat p\u00e5 f\u00f6rskolan! Mer om det i ett senare inl\u00e4gg (inskolningen h\u00e5ller fortfarande p\u00e5, Jimmy och jag alternerar).<\/p>\n<p><a href=\"http:\/\/karin.stampis.com\/blog\/wp-content\/uploads\/2018\/01\/C47A7E54-D377-405F-9DA8-CD27B921AAE2.jpeg\"><img loading=\"lazy\" decoding=\"async\" class=\"aligncenter size-full wp-image-22931\" src=\"http:\/\/karin.stampis.com\/blog\/wp-content\/uploads\/2018\/01\/C47A7E54-D377-405F-9DA8-CD27B921AAE2.jpeg\" alt=\"\" width=\"960\" height=\"1280\" srcset=\"http:\/\/karin.stampis.com\/blog\/wp-content\/uploads\/2018\/01\/C47A7E54-D377-405F-9DA8-CD27B921AAE2.jpeg 960w, http:\/\/karin.stampis.com\/blog\/wp-content\/uploads\/2018\/01\/C47A7E54-D377-405F-9DA8-CD27B921AAE2-270x360.jpeg 270w, http:\/\/karin.stampis.com\/blog\/wp-content\/uploads\/2018\/01\/C47A7E54-D377-405F-9DA8-CD27B921AAE2-768x1024.jpeg 768w\" sizes=\"auto, (max-width: 960px) 100vw, 960px\" \/><\/a><\/p>\n<p><em>Jimmy och Viktor p\u00e5 inskolningen<\/em><\/p>\n<p>Precis som jag skrev under f\u00f6rra m\u00e5nadssammanfattningen s\u00e5 kl\u00e4ttrar och pillar han p\u00e5 allt. Han st\u00f6kar ner n\u00e5got helt makal\u00f6st&#8230; Han kl\u00e4ttrar ofta in i h\u00f6rnsk\u00e5pet i k\u00f6ket. Och precis som f\u00f6rra sammanfattningen s\u00e5 gillar han att dammsuga. Tyv\u00e4rr s\u00e5 har han inte f\u00f6rst\u00e5tt vilka dimensioner dammsugningen ska vara begr\u00e4nsad till &#8211; han dammsuger helst v\u00e4ggarna :p .<\/p>\n<p>Han h\u00e4rmar Alfred mycket, och en sak som han l\u00e4rt sig av Alfred \u00e4r att st\u00e5 p\u00e5 kanten av soffan och dyka ner i soffkuddarna&#8230; Han ser S\u00c5 n\u00f6jd ut d\u00e5 han g\u00f6r detta :p<\/p>\n<p>Han f\u00f6rst\u00e5r r\u00e4tt mycket (eller i alla fall det han vill f\u00f6rst\u00e5 :p) och s\u00e4ger\u00a0n\u00e5gra ord. Han f\u00e5r se p\u00e5 babblarna p\u00e5 TV och har l\u00e4rt sig de flesta av babblarnas namn. Han s\u00e4ger &#8220;babba&#8221; och pekar p\u00e5 TVn d\u00e5 han vill se. Idag tyckte jag \u00e4ven det l\u00e4t som att han sa \u00e4pple. Han f\u00e5r \u00e4ven se p\u00e5 tecknade s\u00e5nger p\u00e5 TVn, och han brukar st\u00e5 och digga med. Han \u00e4lskar musik. Hans absolut k\u00e4raste \u00e4godel \u00e4r en s\u00e5ngbok som vi har, han lyssnar p\u00e5 den konstant. Han gillar speciellt s\u00e5nger med fart i och kan bli irriterad om det \u00e4r &#8220;fel&#8221; s\u00e5ng.<\/p>\n<p><a href=\"http:\/\/karin.stampis.com\/blog\/wp-content\/uploads\/2018\/01\/DSC06944.jpg\"><img loading=\"lazy\" decoding=\"async\" class=\"aligncenter size-full wp-image-22935\" src=\"http:\/\/karin.stampis.com\/blog\/wp-content\/uploads\/2018\/01\/DSC06944.jpg\" alt=\"\" width=\"800\" height=\"514\" srcset=\"http:\/\/karin.stampis.com\/blog\/wp-content\/uploads\/2018\/01\/DSC06944.jpg 800w, http:\/\/karin.stampis.com\/blog\/wp-content\/uploads\/2018\/01\/DSC06944-360x231.jpg 360w, http:\/\/karin.stampis.com\/blog\/wp-content\/uploads\/2018\/01\/DSC06944-768x493.jpg 768w\" sizes=\"auto, (max-width: 800px) 100vw, 800px\" \/><\/a><\/p>\n<p style=\"text-align: center;\"><em>Viktor och Alfred med s\u00e5ngboken<\/em><\/p>\n<p>Han har temperament&#8230; Och han l\u00e5ter mycket. D\u00e5 han \u00e4r missn\u00f6jd \u00f6ver n\u00e5got s\u00e5 ger han ifr\u00e5n sig v\u00e4ldigt h\u00f6ga skr\u00e4n&#8230;<\/p>\n<p>Tidigare s\u00e5 \u00e5t han v\u00e4ldigt mycket v\u00e4lling p\u00e5 n\u00e4tterna, men p\u00e5 sistone s\u00e5 har\u00a0han bara\u00a0 \u00e4tit d\u00e5 han nattats och sen en g\u00e5ng till under natten (blir bara ett nattligt bl\u00f6jbyte d\u00e5, sk\u00f6nt). D\u00e5 han f\u00e5r mat s\u00e5 \u00e4ter han bara upp den saken som han tycker b\u00e4st om p\u00e5 tallriken, och sen s\u00e5 tjoar han h\u00f6gt om att han vill ha mer av den saken och l\u00e4mnar all annan mat or\u00f6rd.<\/p>\n<p><a href=\"http:\/\/karin.stampis.com\/blog\/wp-content\/uploads\/2018\/01\/IMG_5037.jpg\"><img loading=\"lazy\" decoding=\"async\" class=\"aligncenter size-full wp-image-22934\" src=\"http:\/\/karin.stampis.com\/blog\/wp-content\/uploads\/2018\/01\/IMG_5037.jpg\" alt=\"\" width=\"800\" height=\"533\" srcset=\"http:\/\/karin.stampis.com\/blog\/wp-content\/uploads\/2018\/01\/IMG_5037.jpg 800w, http:\/\/karin.stampis.com\/blog\/wp-content\/uploads\/2018\/01\/IMG_5037-360x240.jpg 360w, http:\/\/karin.stampis.com\/blog\/wp-content\/uploads\/2018\/01\/IMG_5037-768x512.jpg 768w\" sizes=\"auto, (max-width: 800px) 100vw, 800px\" \/><\/a><\/p>\n<p style=\"text-align: center;\"><em>Superbusig 17-m\u00e5naders!<\/em><\/p>\n<p>&nbsp;<\/p>\n","protected":false},"excerpt":{"rendered":"<p>En sak som har h\u00e4nt sen f\u00f6rra m\u00e5nadsuppdateringen \u00e4r att Viktor har b\u00f6rjat p\u00e5 f\u00f6rskolan! Mer om det i ett senare inl\u00e4gg (inskolningen h\u00e5ller fortfarande p\u00e5, Jimmy och jag alternerar). Jimmy och Viktor p\u00e5 inskolningen Precis som jag skrev under &hellip; <a href=\"http:\/\/karin.stampis.com\/blog\/?p=22930\">Continue reading <span class=\"meta-nav\">&rarr;<\/span><\/a><\/p>\n","protected":false},"author":1,"featured_media":0,"comment_status":"open","ping_status":"open","sticky":false,"template":"","format":"standard","meta":{"footnotes":""},"categories":[436,437,410,413],"tags":[],"class_list":["post-22930","post","type-post","status-publish","format-standard","hentry","category-436","category-januari-2018","category-viktor","category-viktor-fyller-manad"],"_links":{"self":[{"href":"http:\/\/karin.stampis.com\/blog\/index.php?rest_route=\/wp\/v2\/posts\/22930","targetHints":{"allow":["GET"]}}],"collection":[{"href":"http:\/\/karin.stampis.com\/blog\/index.php?rest_route=\/wp\/v2\/posts"}],"about":[{"href":"http:\/\/karin.stampis.com\/blog\/index.php?rest_route=\/wp\/v2\/types\/post"}],"author":[{"embeddable":true,"href":"http:\/\/karin.stampis.com\/blog\/index.php?rest_route=\/wp\/v2\/users\/1"}],"replies":[{"embeddable":true,"href":"http:\/\/karin.stampis.com\/blog\/index.php?rest_route=%2Fwp%2Fv2%2Fcomments&post=22930"}],"version-history":[{"count":3,"href":"http:\/\/karin.stampis.com\/blog\/index.php?rest_route=\/wp\/v2\/posts\/22930\/revisions"}],"predecessor-version":[{"id":22936,"href":"http:\/\/karin.stampis.com\/blog\/index.php?rest_route=\/wp\/v2\/posts\/22930\/revisions\/22936"}],"wp:attachment":[{"href":"http:\/\/karin.stampis.com\/blog\/index.php?rest_route=%2Fwp%2Fv2%2Fmedia&parent=22930"}],"wp:term":[{"taxonomy":"category","embeddable":true,"href":"http:\/\/karin.stampis.com\/blog\/index.php?rest_route=%2Fwp%2Fv2%2Fcategories&post=22930"},{"taxonomy":"post_tag","embeddable":true,"href":"http:\/\/karin.stampis.com\/blog\/index.php?rest_route=%2Fwp%2Fv2%2Ftags&post=22930"}],"curies":[{"name":"wp","href":"https:\/\/api.w.org\/{rel}","templated":true}]}}