{"id":22950,"date":"2018-01-20T20:23:32","date_gmt":"2018-01-20T19:23:32","guid":{"rendered":"http:\/\/karin.stampis.com\/blog\/?p=22950"},"modified":"2018-01-20T20:23:32","modified_gmt":"2018-01-20T19:23:32","slug":"inskolning","status":"publish","type":"post","link":"http:\/\/karin.stampis.com\/blog\/?p=22950","title":{"rendered":"Inskolning"},"content":{"rendered":"<p>Viktor b\u00f6rjade p\u00e5 inskolning den 9e januari. Viktor hade f\u00e5tt\u00a0superbra pedagoger \ud83d\ude42 , till skillnad fr\u00e5n Alfred som hade en del riktiga stolpskott. F\u00f6rsta dagen var vi d\u00e4r en timme och h\u00e4lsade p\u00e5. Hela familjen var med, \u00e4ven Alfred. Viktor tyckte det var kul.<\/p>\n<p>Den andra dagen var jag d\u00e4r med Viktor p\u00e5 morgonen. Vi skulle vara tillsammans hela dagen. Viktor blev dock J\u00c4TTEARG efter en kort stund. Han ville bara ut. Han skrek av ilska i typ 30-40 minuter. Jag tror att han ville vara med Alfred och blev besviken f\u00f6r att de inte var tillsammans nu, eller s\u00e5 ville han ut och leka, d\u00e5 han ju lekt en hel del p\u00e5 innerg\u00e5rden tidigare. Jag och hans mentor var sj\u00e4lva med Viktor i ett lekrum, och tillslut lugnade han ner sig och lekte. Samling och \u00e4tande gick bra, men sen s\u00e5 v\u00e4grade han somna i f\u00f6rskolans vagn och blev j\u00e4ttearg igen. S\u00e5 vi fick g\u00e5 hem. V\u00e4l hemma s\u00e5 r\u00f6jde han p\u00e5 som bara den. Vi h\u00e4mtade Alfred vid 2, och p\u00e5 den korta v\u00e4gen hem s\u00e5 somnade han i vagnen och sov l\u00e4nge. Det gjorde mor hans ocks\u00e5, i soffan. Alfred var n\u00f6jd att han d\u00e5 kunde sitta med plattan en l\u00e5ng stund&#8230;<\/p>\n<p><a href=\"http:\/\/karin.stampis.com\/blog\/wp-content\/uploads\/2018\/01\/DSC_0005_24.jpg\"><img loading=\"lazy\" decoding=\"async\" class=\"aligncenter size-full wp-image-22959\" src=\"http:\/\/karin.stampis.com\/blog\/wp-content\/uploads\/2018\/01\/DSC_0005_24.jpg\" alt=\"\" width=\"450\" height=\"800\" srcset=\"http:\/\/karin.stampis.com\/blog\/wp-content\/uploads\/2018\/01\/DSC_0005_24.jpg 450w, http:\/\/karin.stampis.com\/blog\/wp-content\/uploads\/2018\/01\/DSC_0005_24-203x360.jpg 203w\" sizes=\"auto, (max-width: 450px) 100vw, 450px\" \/><\/a><\/p>\n<p style=\"text-align: center;\"><em>Det \u00e4r h\u00e5rt att b\u00f6rja\u00a0p\u00e5 f\u00f6rskolan&#8230;<\/em><\/p>\n<p style=\"text-align: left;\">Den tredje dagen gick det b\u00e4ttre. Sk\u00f6nt! Viktor var ensam om att skolas in, s\u00e5 pedagogerna kunde l\u00e4gga mycket energi p\u00e5 honom \ud83d\ude42 . Han var inte r\u00e4dd eller blyg f\u00f6r de andra barnen, undan lekte p\u00e5 fint.<\/p>\n<p style=\"text-align: left;\"><a href=\"http:\/\/karin.stampis.com\/blog\/wp-content\/uploads\/2018\/01\/4258049424101074450.jpg\"><img loading=\"lazy\" decoding=\"async\" class=\"aligncenter size-full wp-image-22961\" src=\"http:\/\/karin.stampis.com\/blog\/wp-content\/uploads\/2018\/01\/4258049424101074450.jpg\" alt=\"\" width=\"2048\" height=\"1152\" srcset=\"http:\/\/karin.stampis.com\/blog\/wp-content\/uploads\/2018\/01\/4258049424101074450.jpg 2048w, http:\/\/karin.stampis.com\/blog\/wp-content\/uploads\/2018\/01\/4258049424101074450-360x203.jpg 360w, http:\/\/karin.stampis.com\/blog\/wp-content\/uploads\/2018\/01\/4258049424101074450-768x432.jpg 768w, http:\/\/karin.stampis.com\/blog\/wp-content\/uploads\/2018\/01\/4258049424101074450-1024x576.jpg 1024w\" sizes=\"auto, (max-width: 2048px) 100vw, 2048px\" \/><\/a><\/p>\n<p style=\"text-align: left;\">Denna dagen anv\u00e4nde jag v\u00e5r egen barnvagn och gick runt med honom, och d\u00e5 somnade han. D\u00e5 gick jag hem. Han blev dock mycket arg och ledsen d\u00e5 han vaknade (han hade kissat igenom ocks\u00e5) s\u00e5 d\u00e5 blev jag inringd.<\/p>\n<p style=\"text-align: left;\">Sen var Jimmy d\u00e4r\u00a0en dag, och det gick ganska bra. Viktor somnade i f\u00f6rskolans vagn, och Jimmy h\u00e4ngde med Alfreds grupp en stund. Alfred byggde med plusplus. D\u00e5 jag var p\u00e5 inskolningen veckan efter s\u00e5 var jag ocks\u00e5 med Alfreds grupp en stund, och l\u00e4ste en massa sagor.<\/p>\n<p style=\"text-align: left;\"><a href=\"http:\/\/karin.stampis.com\/blog\/wp-content\/uploads\/2018\/01\/3987686064184857154.jpg\"><img loading=\"lazy\" decoding=\"async\" class=\"aligncenter size-full wp-image-22960\" src=\"http:\/\/karin.stampis.com\/blog\/wp-content\/uploads\/2018\/01\/3987686064184857154.jpg\" alt=\"\" width=\"2048\" height=\"1152\" srcset=\"http:\/\/karin.stampis.com\/blog\/wp-content\/uploads\/2018\/01\/3987686064184857154.jpg 2048w, http:\/\/karin.stampis.com\/blog\/wp-content\/uploads\/2018\/01\/3987686064184857154-360x203.jpg 360w, http:\/\/karin.stampis.com\/blog\/wp-content\/uploads\/2018\/01\/3987686064184857154-768x432.jpg 768w, http:\/\/karin.stampis.com\/blog\/wp-content\/uploads\/2018\/01\/3987686064184857154-1024x576.jpg 1024w\" sizes=\"auto, (max-width: 2048px) 100vw, 2048px\" \/><\/a><\/p>\n<p style=\"text-align: left;\">Sen n\u00e5gon dag in p\u00e5 den andra veckan (dvs denna veckan) b\u00f6rjade vi l\u00e4mna honom p\u00e5 f\u00f6rskolan f\u00f6r att han skulle vara sj\u00e4lv utan oss, och d\u00e5 blev han j\u00e4tteledsen. Det gick lite upp och ner, ibland var han OK och ibland var han arg. Han hungerstrejkade dock hela tiden utan oss :\/. Alfred h\u00e4ngde med honom ibland d\u00e5 de var ute. N\u00e4sta vecka ska vi testa lite l\u00e4ngre dagar, och hoppas att han v\u00e4njer sig s\u00e5 sm\u00e5tt. Det har varit lite sv\u00e5rt det h\u00e4r f\u00f6r honom. Alfred var ju st\u00f6rre d\u00e5 han b\u00f6rjade, och var van att vara borta fr\u00e5n oss, s\u00e5 det gick ju lite smidigare med hans inskolning.<\/p>\n<p style=\"text-align: left;\">Nedan \u00e4r lite foton som jag tagit fr\u00e5n f\u00f6rskolegruppens blogg (d\u00e4r bara Viktor och Alfred \u00e4r identifierbara):<\/p>\n<p><a href=\"http:\/\/karin.stampis.com\/blog\/wp-content\/uploads\/2018\/01\/IMG_2682.jpg\"><img loading=\"lazy\" decoding=\"async\" class=\"aligncenter size-full wp-image-22951\" src=\"http:\/\/karin.stampis.com\/blog\/wp-content\/uploads\/2018\/01\/IMG_2682.jpg\" alt=\"\" width=\"1280\" height=\"960\" srcset=\"http:\/\/karin.stampis.com\/blog\/wp-content\/uploads\/2018\/01\/IMG_2682.jpg 1280w, http:\/\/karin.stampis.com\/blog\/wp-content\/uploads\/2018\/01\/IMG_2682-360x270.jpg 360w, http:\/\/karin.stampis.com\/blog\/wp-content\/uploads\/2018\/01\/IMG_2682-768x576.jpg 768w, http:\/\/karin.stampis.com\/blog\/wp-content\/uploads\/2018\/01\/IMG_2682-1024x768.jpg 1024w\" sizes=\"auto, (max-width: 1280px) 100vw, 1280px\" \/><\/a> <a href=\"http:\/\/karin.stampis.com\/blog\/wp-content\/uploads\/2018\/01\/IMG_0319.jpg\"><img loading=\"lazy\" decoding=\"async\" class=\"aligncenter size-full wp-image-22952\" src=\"http:\/\/karin.stampis.com\/blog\/wp-content\/uploads\/2018\/01\/IMG_0319.jpg\" alt=\"\" width=\"960\" height=\"1280\" srcset=\"http:\/\/karin.stampis.com\/blog\/wp-content\/uploads\/2018\/01\/IMG_0319.jpg 960w, http:\/\/karin.stampis.com\/blog\/wp-content\/uploads\/2018\/01\/IMG_0319-270x360.jpg 270w, http:\/\/karin.stampis.com\/blog\/wp-content\/uploads\/2018\/01\/IMG_0319-768x1024.jpg 768w\" sizes=\"auto, (max-width: 960px) 100vw, 960px\" \/><\/a> <a href=\"http:\/\/karin.stampis.com\/blog\/wp-content\/uploads\/2018\/01\/FD77242C-F37C-41AE-BACD-BA3636408ED9.jpeg\"><img loading=\"lazy\" decoding=\"async\" class=\"aligncenter size-full wp-image-22953\" src=\"http:\/\/karin.stampis.com\/blog\/wp-content\/uploads\/2018\/01\/FD77242C-F37C-41AE-BACD-BA3636408ED9.jpeg\" alt=\"\" width=\"1280\" height=\"960\" srcset=\"http:\/\/karin.stampis.com\/blog\/wp-content\/uploads\/2018\/01\/FD77242C-F37C-41AE-BACD-BA3636408ED9.jpeg 1280w, http:\/\/karin.stampis.com\/blog\/wp-content\/uploads\/2018\/01\/FD77242C-F37C-41AE-BACD-BA3636408ED9-360x270.jpeg 360w, http:\/\/karin.stampis.com\/blog\/wp-content\/uploads\/2018\/01\/FD77242C-F37C-41AE-BACD-BA3636408ED9-768x576.jpeg 768w, http:\/\/karin.stampis.com\/blog\/wp-content\/uploads\/2018\/01\/FD77242C-F37C-41AE-BACD-BA3636408ED9-1024x768.jpeg 1024w\" sizes=\"auto, (max-width: 1280px) 100vw, 1280px\" \/><\/a> <a href=\"http:\/\/karin.stampis.com\/blog\/wp-content\/uploads\/2018\/01\/4507D58D-FCEE-4E79-A511-AB2F0B4E99F2.jpeg\"><img loading=\"lazy\" decoding=\"async\" class=\"aligncenter size-full wp-image-22954\" src=\"http:\/\/karin.stampis.com\/blog\/wp-content\/uploads\/2018\/01\/4507D58D-FCEE-4E79-A511-AB2F0B4E99F2.jpeg\" alt=\"\" width=\"1280\" height=\"960\" srcset=\"http:\/\/karin.stampis.com\/blog\/wp-content\/uploads\/2018\/01\/4507D58D-FCEE-4E79-A511-AB2F0B4E99F2.jpeg 1280w, http:\/\/karin.stampis.com\/blog\/wp-content\/uploads\/2018\/01\/4507D58D-FCEE-4E79-A511-AB2F0B4E99F2-360x270.jpeg 360w, http:\/\/karin.stampis.com\/blog\/wp-content\/uploads\/2018\/01\/4507D58D-FCEE-4E79-A511-AB2F0B4E99F2-768x576.jpeg 768w, http:\/\/karin.stampis.com\/blog\/wp-content\/uploads\/2018\/01\/4507D58D-FCEE-4E79-A511-AB2F0B4E99F2-1024x768.jpeg 1024w\" sizes=\"auto, (max-width: 1280px) 100vw, 1280px\" \/><\/a> <a href=\"http:\/\/karin.stampis.com\/blog\/wp-content\/uploads\/2018\/01\/IMG_2653.jpg\"><img loading=\"lazy\" decoding=\"async\" class=\"aligncenter size-full wp-image-22955\" src=\"http:\/\/karin.stampis.com\/blog\/wp-content\/uploads\/2018\/01\/IMG_2653.jpg\" alt=\"\" width=\"1280\" height=\"960\" srcset=\"http:\/\/karin.stampis.com\/blog\/wp-content\/uploads\/2018\/01\/IMG_2653.jpg 1280w, http:\/\/karin.stampis.com\/blog\/wp-content\/uploads\/2018\/01\/IMG_2653-360x270.jpg 360w, http:\/\/karin.stampis.com\/blog\/wp-content\/uploads\/2018\/01\/IMG_2653-768x576.jpg 768w, http:\/\/karin.stampis.com\/blog\/wp-content\/uploads\/2018\/01\/IMG_2653-1024x768.jpg 1024w\" sizes=\"auto, (max-width: 1280px) 100vw, 1280px\" \/><\/a> <a href=\"http:\/\/karin.stampis.com\/blog\/wp-content\/uploads\/2018\/01\/AF36AD73-8DF3-47DD-9CD1-0CF3AFB32C37.jpeg\"><img loading=\"lazy\" decoding=\"async\" class=\"aligncenter size-full wp-image-22956\" src=\"http:\/\/karin.stampis.com\/blog\/wp-content\/uploads\/2018\/01\/AF36AD73-8DF3-47DD-9CD1-0CF3AFB32C37.jpeg\" alt=\"\" width=\"960\" height=\"1280\" srcset=\"http:\/\/karin.stampis.com\/blog\/wp-content\/uploads\/2018\/01\/AF36AD73-8DF3-47DD-9CD1-0CF3AFB32C37.jpeg 960w, http:\/\/karin.stampis.com\/blog\/wp-content\/uploads\/2018\/01\/AF36AD73-8DF3-47DD-9CD1-0CF3AFB32C37-270x360.jpeg 270w, http:\/\/karin.stampis.com\/blog\/wp-content\/uploads\/2018\/01\/AF36AD73-8DF3-47DD-9CD1-0CF3AFB32C37-768x1024.jpeg 768w\" sizes=\"auto, (max-width: 960px) 100vw, 960px\" \/><\/a> <a href=\"http:\/\/karin.stampis.com\/blog\/wp-content\/uploads\/2018\/01\/C47A7E54-D377-405F-9DA8-CD27B921AAE2-1.jpeg\"><img loading=\"lazy\" decoding=\"async\" class=\"aligncenter size-full wp-image-22957\" src=\"http:\/\/karin.stampis.com\/blog\/wp-content\/uploads\/2018\/01\/C47A7E54-D377-405F-9DA8-CD27B921AAE2-1.jpeg\" alt=\"\" width=\"960\" height=\"1280\" srcset=\"http:\/\/karin.stampis.com\/blog\/wp-content\/uploads\/2018\/01\/C47A7E54-D377-405F-9DA8-CD27B921AAE2-1.jpeg 960w, http:\/\/karin.stampis.com\/blog\/wp-content\/uploads\/2018\/01\/C47A7E54-D377-405F-9DA8-CD27B921AAE2-1-270x360.jpeg 270w, http:\/\/karin.stampis.com\/blog\/wp-content\/uploads\/2018\/01\/C47A7E54-D377-405F-9DA8-CD27B921AAE2-1-768x1024.jpeg 768w\" sizes=\"auto, (max-width: 960px) 100vw, 960px\" \/><\/a><\/p>\n","protected":false},"excerpt":{"rendered":"<p>Viktor b\u00f6rjade p\u00e5 inskolning den 9e januari. Viktor hade f\u00e5tt\u00a0superbra pedagoger \ud83d\ude42 , till skillnad fr\u00e5n Alfred som hade en del riktiga stolpskott. F\u00f6rsta dagen var vi d\u00e4r en timme och h\u00e4lsade p\u00e5. Hela familjen var med, \u00e4ven Alfred. Viktor &hellip; <a href=\"http:\/\/karin.stampis.com\/blog\/?p=22950\">Continue reading <span class=\"meta-nav\">&rarr;<\/span><\/a><\/p>\n","protected":false},"author":1,"featured_media":0,"comment_status":"open","ping_status":"open","sticky":false,"template":"","format":"standard","meta":{"footnotes":""},"categories":[436,437,410],"tags":[],"class_list":["post-22950","post","type-post","status-publish","format-standard","hentry","category-436","category-januari-2018","category-viktor"],"_links":{"self":[{"href":"http:\/\/karin.stampis.com\/blog\/index.php?rest_route=\/wp\/v2\/posts\/22950","targetHints":{"allow":["GET"]}}],"collection":[{"href":"http:\/\/karin.stampis.com\/blog\/index.php?rest_route=\/wp\/v2\/posts"}],"about":[{"href":"http:\/\/karin.stampis.com\/blog\/index.php?rest_route=\/wp\/v2\/types\/post"}],"author":[{"embeddable":true,"href":"http:\/\/karin.stampis.com\/blog\/index.php?rest_route=\/wp\/v2\/users\/1"}],"replies":[{"embeddable":true,"href":"http:\/\/karin.stampis.com\/blog\/index.php?rest_route=%2Fwp%2Fv2%2Fcomments&post=22950"}],"version-history":[{"count":3,"href":"http:\/\/karin.stampis.com\/blog\/index.php?rest_route=\/wp\/v2\/posts\/22950\/revisions"}],"predecessor-version":[{"id":22963,"href":"http:\/\/karin.stampis.com\/blog\/index.php?rest_route=\/wp\/v2\/posts\/22950\/revisions\/22963"}],"wp:attachment":[{"href":"http:\/\/karin.stampis.com\/blog\/index.php?rest_route=%2Fwp%2Fv2%2Fmedia&parent=22950"}],"wp:term":[{"taxonomy":"category","embeddable":true,"href":"http:\/\/karin.stampis.com\/blog\/index.php?rest_route=%2Fwp%2Fv2%2Fcategories&post=22950"},{"taxonomy":"post_tag","embeddable":true,"href":"http:\/\/karin.stampis.com\/blog\/index.php?rest_route=%2Fwp%2Fv2%2Ftags&post=22950"}],"curies":[{"name":"wp","href":"https:\/\/api.w.org\/{rel}","templated":true}]}}