{"id":22968,"date":"2018-01-26T20:21:54","date_gmt":"2018-01-26T19:21:54","guid":{"rendered":"http:\/\/karin.stampis.com\/blog\/?p=22968"},"modified":"2018-01-26T20:23:51","modified_gmt":"2018-01-26T19:23:51","slug":"inskolningsslut-och-sapbubblor","status":"publish","type":"post","link":"http:\/\/karin.stampis.com\/blog\/?p=22968","title":{"rendered":"Inskolningsslut och s\u00e5pbubblor"},"content":{"rendered":"<p>Inskolningen har g\u00e5tt fram\u00e5rt denna vecka, trots att vi fick vara hemma med Viktor\u00a0 p\u00e5 m\u00e5ndagen och tisdagen eftersom ingen av hans ordinarie pedagoger var d\u00e4r&#8230; Han blir arg och ledsen d\u00e5 vi l\u00e4mnar, samt d\u00e5 han ser oss vid h\u00e4mtning, men d\u00e4remellan g\u00e5r det ganska bra. Han matv\u00e4grar dock endel, men de sparar lunchen och ger honom efter lunchsovet, och d\u00e5 g\u00e5r det bra att \u00e4ta. Han har varit lite blyg och st\u00e5tt vid kanten och tittat d\u00e5 det varit gympa, men denna g\u00e5ngen bl\u00e5ste de s\u00e5pbubblor och d\u00e5 h\u00e4ngde han p\u00e5 \ud83d\ude42 . Han tyckte det var superskoj!<\/p>\n<p>Bilder fr\u00e5n f\u00f6rskolans blogg d\u00e5 han jagar s\u00e5pbubblor:<\/p>\n<p><a href=\"http:\/\/karin.stampis.com\/blog\/wp-content\/uploads\/2018\/01\/IMG_2697.jpg\"><img loading=\"lazy\" decoding=\"async\" class=\"aligncenter size-full wp-image-22971\" src=\"http:\/\/karin.stampis.com\/blog\/wp-content\/uploads\/2018\/01\/IMG_2697.jpg\" alt=\"\" width=\"574\" height=\"1000\" srcset=\"http:\/\/karin.stampis.com\/blog\/wp-content\/uploads\/2018\/01\/IMG_2697.jpg 574w, http:\/\/karin.stampis.com\/blog\/wp-content\/uploads\/2018\/01\/IMG_2697-207x360.jpg 207w\" sizes=\"auto, (max-width: 574px) 100vw, 574px\" \/><\/a> <a href=\"http:\/\/karin.stampis.com\/blog\/wp-content\/uploads\/2018\/01\/IMG_2698.jpg\"><img loading=\"lazy\" decoding=\"async\" class=\"aligncenter size-full wp-image-22970\" src=\"http:\/\/karin.stampis.com\/blog\/wp-content\/uploads\/2018\/01\/IMG_2698.jpg\" alt=\"\" width=\"804\" height=\"1000\" srcset=\"http:\/\/karin.stampis.com\/blog\/wp-content\/uploads\/2018\/01\/IMG_2698.jpg 804w, http:\/\/karin.stampis.com\/blog\/wp-content\/uploads\/2018\/01\/IMG_2698-289x360.jpg 289w, http:\/\/karin.stampis.com\/blog\/wp-content\/uploads\/2018\/01\/IMG_2698-768x955.jpg 768w\" sizes=\"auto, (max-width: 804px) 100vw, 804px\" \/><\/a> <a href=\"http:\/\/karin.stampis.com\/blog\/wp-content\/uploads\/2018\/01\/IMG_2708.jpg\"><img loading=\"lazy\" decoding=\"async\" class=\"aligncenter size-full wp-image-22969\" src=\"http:\/\/karin.stampis.com\/blog\/wp-content\/uploads\/2018\/01\/IMG_2708.jpg\" alt=\"\" width=\"1000\" height=\"728\" srcset=\"http:\/\/karin.stampis.com\/blog\/wp-content\/uploads\/2018\/01\/IMG_2708.jpg 1000w, http:\/\/karin.stampis.com\/blog\/wp-content\/uploads\/2018\/01\/IMG_2708-360x262.jpg 360w, http:\/\/karin.stampis.com\/blog\/wp-content\/uploads\/2018\/01\/IMG_2708-768x559.jpg 768w\" sizes=\"auto, (max-width: 1000px) 100vw, 1000px\" \/><\/a><\/p>\n","protected":false},"excerpt":{"rendered":"<p>Inskolningen har g\u00e5tt fram\u00e5rt denna vecka, trots att vi fick vara hemma med Viktor\u00a0 p\u00e5 m\u00e5ndagen och tisdagen eftersom ingen av hans ordinarie pedagoger var d\u00e4r&#8230; Han blir arg och ledsen d\u00e5 vi l\u00e4mnar, samt d\u00e5 han ser oss vid &hellip; <a href=\"http:\/\/karin.stampis.com\/blog\/?p=22968\">Continue reading <span class=\"meta-nav\">&rarr;<\/span><\/a><\/p>\n","protected":false},"author":1,"featured_media":0,"comment_status":"open","ping_status":"open","sticky":false,"template":"","format":"standard","meta":{"footnotes":""},"categories":[436,437,410],"tags":[],"class_list":["post-22968","post","type-post","status-publish","format-standard","hentry","category-436","category-januari-2018","category-viktor"],"_links":{"self":[{"href":"http:\/\/karin.stampis.com\/blog\/index.php?rest_route=\/wp\/v2\/posts\/22968","targetHints":{"allow":["GET"]}}],"collection":[{"href":"http:\/\/karin.stampis.com\/blog\/index.php?rest_route=\/wp\/v2\/posts"}],"about":[{"href":"http:\/\/karin.stampis.com\/blog\/index.php?rest_route=\/wp\/v2\/types\/post"}],"author":[{"embeddable":true,"href":"http:\/\/karin.stampis.com\/blog\/index.php?rest_route=\/wp\/v2\/users\/1"}],"replies":[{"embeddable":true,"href":"http:\/\/karin.stampis.com\/blog\/index.php?rest_route=%2Fwp%2Fv2%2Fcomments&post=22968"}],"version-history":[{"count":2,"href":"http:\/\/karin.stampis.com\/blog\/index.php?rest_route=\/wp\/v2\/posts\/22968\/revisions"}],"predecessor-version":[{"id":22973,"href":"http:\/\/karin.stampis.com\/blog\/index.php?rest_route=\/wp\/v2\/posts\/22968\/revisions\/22973"}],"wp:attachment":[{"href":"http:\/\/karin.stampis.com\/blog\/index.php?rest_route=%2Fwp%2Fv2%2Fmedia&parent=22968"}],"wp:term":[{"taxonomy":"category","embeddable":true,"href":"http:\/\/karin.stampis.com\/blog\/index.php?rest_route=%2Fwp%2Fv2%2Fcategories&post=22968"},{"taxonomy":"post_tag","embeddable":true,"href":"http:\/\/karin.stampis.com\/blog\/index.php?rest_route=%2Fwp%2Fv2%2Ftags&post=22968"}],"curies":[{"name":"wp","href":"https:\/\/api.w.org\/{rel}","templated":true}]}}