{"id":2307,"date":"2009-03-02T12:03:30","date_gmt":"2009-03-02T11:03:30","guid":{"rendered":"http:\/\/karin.stampis.com\/blog\/?p=2307"},"modified":"2009-03-02T12:05:02","modified_gmt":"2009-03-02T11:05:02","slug":"bla-2","status":"publish","type":"post","link":"http:\/\/karin.stampis.com\/blog\/?p=2307","title":{"rendered":"Bl\u00e4."},"content":{"rendered":"<p>S\u00e5h\u00e4r tillbringade Jimmy&amp;jag v\u00e5r s\u00f6ndagsnatt:<\/p>\n<p style=\"text-align: center;\"><a rel=\"attachment wp-att-2308\" href=\"http:\/\/karin.stampis.com\/blog\/?attachment_id=2308\"><img loading=\"lazy\" decoding=\"async\" class=\"alignleft size-full wp-image-2308\" title=\"images66_22677905\" src=\"http:\/\/karin.stampis.com\/blog\/wp-content\/uploads\/2009\/03\/images66_22677905.jpg\" alt=\"images66_22677905\" width=\"118\" height=\"118\" \/><\/a><a rel=\"attachment wp-att-2309\" href=\"http:\/\/karin.stampis.com\/blog\/?attachment_id=2309\"><img loading=\"lazy\" decoding=\"async\" class=\"size-full wp-image-2309 aligncenter\" title=\"images66_226779051\" src=\"http:\/\/karin.stampis.com\/blog\/wp-content\/uploads\/2009\/03\/images66_226779051.jpg\" alt=\"images66_226779051\" width=\"118\" height=\"118\" \/><\/a><\/p>\n<p style=\"text-align: left;\">Fick b\u00e5da tv\u00e5 en oerh\u00f6rt intensiv variant av vinterkr\u00e4ksjukan\/maf\u00f6rgiftning. Tror det \u00e4r bland den v\u00e4rsta sjukdomsnatten jag haft i mitt vuxna liv (som barn hade jag kikhosta, det var av liknande magnitud, men dock under l\u00e4ngre tid). Vi var b\u00e5da uppe och spydde var 5:e-10:e minut en stor del av natten. D\u00e5 var vi v\u00e4ldigt glada \u00f6ver att ha tv\u00e5 toaletter&#8230;<\/p>\n<p style=\"text-align: left;\">Nu \u00e4r klockan 12 och man kanske borde f\u00f6rs\u00f6ka ta sig ur s\u00e4ngen och truga i sig lite Proviva-fil eller n\u00e5got s\u00e5nt. Vi k\u00e4kade sallad med salami och halloumi-ost ig\u00e5rkv\u00e4ll innan vi blev d\u00e5liga. Jag tror aldrig jag kommer kunna \u00e4ta salami eller haloumi-ost igen (k\u00e4nner mig illam\u00e5ende bara jag skrev orden nu).<\/p>\n<p style=\"text-align: center;\">\n","protected":false},"excerpt":{"rendered":"<p>S\u00e5h\u00e4r tillbringade Jimmy&amp;jag v\u00e5r s\u00f6ndagsnatt: Fick b\u00e5da tv\u00e5 en oerh\u00f6rt intensiv variant av vinterkr\u00e4ksjukan\/maf\u00f6rgiftning. Tror det \u00e4r bland den v\u00e4rsta sjukdomsnatten jag haft i mitt vuxna liv (som barn hade jag kikhosta, det var av liknande magnitud, men dock under &hellip; <a href=\"http:\/\/karin.stampis.com\/blog\/?p=2307\">Continue reading <span class=\"meta-nav\">&rarr;<\/span><\/a><\/p>\n","protected":false},"author":1,"featured_media":0,"comment_status":"open","ping_status":"open","sticky":false,"template":"","format":"standard","meta":{"footnotes":""},"categories":[176],"tags":[177],"class_list":["post-2307","post","type-post","status-publish","format-standard","hentry","category-mars-2009","tag-sjuk"],"_links":{"self":[{"href":"http:\/\/karin.stampis.com\/blog\/index.php?rest_route=\/wp\/v2\/posts\/2307","targetHints":{"allow":["GET"]}}],"collection":[{"href":"http:\/\/karin.stampis.com\/blog\/index.php?rest_route=\/wp\/v2\/posts"}],"about":[{"href":"http:\/\/karin.stampis.com\/blog\/index.php?rest_route=\/wp\/v2\/types\/post"}],"author":[{"embeddable":true,"href":"http:\/\/karin.stampis.com\/blog\/index.php?rest_route=\/wp\/v2\/users\/1"}],"replies":[{"embeddable":true,"href":"http:\/\/karin.stampis.com\/blog\/index.php?rest_route=%2Fwp%2Fv2%2Fcomments&post=2307"}],"version-history":[{"count":11,"href":"http:\/\/karin.stampis.com\/blog\/index.php?rest_route=\/wp\/v2\/posts\/2307\/revisions"}],"predecessor-version":[{"id":2318,"href":"http:\/\/karin.stampis.com\/blog\/index.php?rest_route=\/wp\/v2\/posts\/2307\/revisions\/2318"}],"wp:attachment":[{"href":"http:\/\/karin.stampis.com\/blog\/index.php?rest_route=%2Fwp%2Fv2%2Fmedia&parent=2307"}],"wp:term":[{"taxonomy":"category","embeddable":true,"href":"http:\/\/karin.stampis.com\/blog\/index.php?rest_route=%2Fwp%2Fv2%2Fcategories&post=2307"},{"taxonomy":"post_tag","embeddable":true,"href":"http:\/\/karin.stampis.com\/blog\/index.php?rest_route=%2Fwp%2Fv2%2Ftags&post=2307"}],"curies":[{"name":"wp","href":"https:\/\/api.w.org\/{rel}","templated":true}]}}