{"id":23114,"date":"2018-03-26T06:11:34","date_gmt":"2018-03-26T05:11:34","guid":{"rendered":"http:\/\/karin.stampis.com\/blog\/?p=23114"},"modified":"2018-03-22T19:15:13","modified_gmt":"2018-03-22T18:15:13","slug":"minidisco","status":"publish","type":"post","link":"http:\/\/karin.stampis.com\/blog\/?p=23114","title":{"rendered":"Minidisco"},"content":{"rendered":"<p>P\u00e5 kv\u00e4llarna s\u00e5 var det teater och sen minidisco. Det tyckte killarna var superkul. Alfred dansade p\u00e5 som bara den och Viktor, han sprang antingen runt och kl\u00e4ttrade \u00f6verallt i lokalen eller gungade till musiken. Efter minidiscot var det kramsession med Lollo och Bernie. Sen var det lite sv\u00e5rnattade killar efter detta :p .<\/p>\n<p><a href=\"http:\/\/karin.stampis.com\/blog\/wp-content\/uploads\/2018\/03\/DSC07148.jpg\"><img loading=\"lazy\" decoding=\"async\" class=\"aligncenter size-full wp-image-23182\" src=\"http:\/\/karin.stampis.com\/blog\/wp-content\/uploads\/2018\/03\/DSC07148.jpg\" alt=\"\" width=\"1000\" height=\"710\" srcset=\"http:\/\/karin.stampis.com\/blog\/wp-content\/uploads\/2018\/03\/DSC07148.jpg 1000w, http:\/\/karin.stampis.com\/blog\/wp-content\/uploads\/2018\/03\/DSC07148-360x256.jpg 360w, http:\/\/karin.stampis.com\/blog\/wp-content\/uploads\/2018\/03\/DSC07148-768x545.jpg 768w\" sizes=\"auto, (max-width: 1000px) 100vw, 1000px\" \/><\/a><\/p>\n<p style=\"text-align: center;\"><em>Viktor och jag bak p\u00e5 dansgolvet<\/em><\/p>\n<p><a href=\"http:\/\/karin.stampis.com\/blog\/wp-content\/uploads\/2018\/03\/DSC07113.jpg\"><img loading=\"lazy\" decoding=\"async\" class=\"aligncenter size-full wp-image-23185\" src=\"http:\/\/karin.stampis.com\/blog\/wp-content\/uploads\/2018\/03\/DSC07113.jpg\" alt=\"\" width=\"1000\" height=\"667\" srcset=\"http:\/\/karin.stampis.com\/blog\/wp-content\/uploads\/2018\/03\/DSC07113.jpg 1000w, http:\/\/karin.stampis.com\/blog\/wp-content\/uploads\/2018\/03\/DSC07113-360x240.jpg 360w, http:\/\/karin.stampis.com\/blog\/wp-content\/uploads\/2018\/03\/DSC07113-768x512.jpg 768w\" sizes=\"auto, (max-width: 1000px) 100vw, 1000px\" \/><\/a><\/p>\n<p style=\"text-align: center;\"><em>Alfred (i r\u00f6d keps) dansar loss.<\/em><\/p>\n<p>&nbsp;<\/p>\n","protected":false},"excerpt":{"rendered":"<p>P\u00e5 kv\u00e4llarna s\u00e5 var det teater och sen minidisco. Det tyckte killarna var superkul. Alfred dansade p\u00e5 som bara den och Viktor, han sprang antingen runt och kl\u00e4ttrade \u00f6verallt i lokalen eller gungade till musiken. Efter minidiscot var det kramsession &hellip; <a href=\"http:\/\/karin.stampis.com\/blog\/?p=23114\">Continue reading <span class=\"meta-nav\">&rarr;<\/span><\/a><\/p>\n","protected":false},"author":1,"featured_media":0,"comment_status":"open","ping_status":"open","sticky":false,"template":"","format":"standard","meta":{"footnotes":""},"categories":[436,441,145,409,442],"tags":[],"class_list":["post-23114","post","type-post","status-publish","format-standard","hentry","category-436","category-mars-2018","category-resebloggar","category-syskonen","category-teneriffa-2018"],"_links":{"self":[{"href":"http:\/\/karin.stampis.com\/blog\/index.php?rest_route=\/wp\/v2\/posts\/23114","targetHints":{"allow":["GET"]}}],"collection":[{"href":"http:\/\/karin.stampis.com\/blog\/index.php?rest_route=\/wp\/v2\/posts"}],"about":[{"href":"http:\/\/karin.stampis.com\/blog\/index.php?rest_route=\/wp\/v2\/types\/post"}],"author":[{"embeddable":true,"href":"http:\/\/karin.stampis.com\/blog\/index.php?rest_route=\/wp\/v2\/users\/1"}],"replies":[{"embeddable":true,"href":"http:\/\/karin.stampis.com\/blog\/index.php?rest_route=%2Fwp%2Fv2%2Fcomments&post=23114"}],"version-history":[{"count":4,"href":"http:\/\/karin.stampis.com\/blog\/index.php?rest_route=\/wp\/v2\/posts\/23114\/revisions"}],"predecessor-version":[{"id":23186,"href":"http:\/\/karin.stampis.com\/blog\/index.php?rest_route=\/wp\/v2\/posts\/23114\/revisions\/23186"}],"wp:attachment":[{"href":"http:\/\/karin.stampis.com\/blog\/index.php?rest_route=%2Fwp%2Fv2%2Fmedia&parent=23114"}],"wp:term":[{"taxonomy":"category","embeddable":true,"href":"http:\/\/karin.stampis.com\/blog\/index.php?rest_route=%2Fwp%2Fv2%2Fcategories&post=23114"},{"taxonomy":"post_tag","embeddable":true,"href":"http:\/\/karin.stampis.com\/blog\/index.php?rest_route=%2Fwp%2Fv2%2Ftags&post=23114"}],"curies":[{"name":"wp","href":"https:\/\/api.w.org\/{rel}","templated":true}]}}