{"id":23116,"date":"2018-03-21T06:18:41","date_gmt":"2018-03-21T05:18:41","guid":{"rendered":"http:\/\/karin.stampis.com\/blog\/?p=23116"},"modified":"2018-03-19T13:41:40","modified_gmt":"2018-03-19T12:41:40","slug":"atande","status":"publish","type":"post","link":"http:\/\/karin.stampis.com\/blog\/?p=23116","title":{"rendered":"\u00c4tande"},"content":{"rendered":"<p>En h\u00e4rlig sak med att vara p\u00e5 semester \u00e4r att man varken beh\u00f6ver laga mat eller diska. Eller st\u00e4da efter sig (en av servit\u00f6rerna sa flera g\u00e5nger till oss att vi inte fick lov att plocka undan och fixa &#8211; det var deras jobb!). Efter att killarna \u00e4tit s\u00e5g det ut som rena kriget :p. En mycket trevlig sak var att vi kunde sitta l\u00e4nge och \u00e4ta &#8211; vi satt n\u00e4stan en timme var till frukost, lunch och middag.<\/p>\n<p><a href=\"http:\/\/karin.stampis.com\/blog\/wp-content\/uploads\/2018\/03\/DSC_0052.jpg\"><img loading=\"lazy\" decoding=\"async\" class=\"aligncenter size-full wp-image-23154\" src=\"http:\/\/karin.stampis.com\/blog\/wp-content\/uploads\/2018\/03\/DSC_0052.jpg\" alt=\"\" width=\"1000\" height=\"563\" srcset=\"http:\/\/karin.stampis.com\/blog\/wp-content\/uploads\/2018\/03\/DSC_0052.jpg 1000w, http:\/\/karin.stampis.com\/blog\/wp-content\/uploads\/2018\/03\/DSC_0052-360x203.jpg 360w, http:\/\/karin.stampis.com\/blog\/wp-content\/uploads\/2018\/03\/DSC_0052-768x432.jpg 768w\" sizes=\"auto, (max-width: 1000px) 100vw, 1000px\" \/><\/a>Till frukost \u00e5t kidsen pl\u00e4ttar, f\u00e4rskpressad apelsinjuice, smoothie och frukt. Det fanns alltid lax till frukost, det tyckte jag var gott.<\/p>\n<p><a href=\"http:\/\/karin.stampis.com\/blog\/wp-content\/uploads\/2018\/03\/DSCPDC_0001_BURST20180308083702266_COVER.jpg\"><img loading=\"lazy\" decoding=\"async\" class=\"aligncenter size-full wp-image-23151\" src=\"http:\/\/karin.stampis.com\/blog\/wp-content\/uploads\/2018\/03\/DSCPDC_0001_BURST20180308083702266_COVER.jpg\" alt=\"\" width=\"1000\" height=\"563\" srcset=\"http:\/\/karin.stampis.com\/blog\/wp-content\/uploads\/2018\/03\/DSCPDC_0001_BURST20180308083702266_COVER.jpg 1000w, http:\/\/karin.stampis.com\/blog\/wp-content\/uploads\/2018\/03\/DSCPDC_0001_BURST20180308083702266_COVER-360x203.jpg 360w, http:\/\/karin.stampis.com\/blog\/wp-content\/uploads\/2018\/03\/DSCPDC_0001_BURST20180308083702266_COVER-768x432.jpg 768w\" sizes=\"auto, (max-width: 1000px) 100vw, 1000px\" \/><\/a>Till frukost \u00e5t Viktor \u00e4ven sin nya favorit &#8211; churros. Han har n\u00e4sa f\u00f6r onyttig mat :p . Han gillade \u00e4ven bacon starkt till frukost. H\u00e4r ser han ut som om han ska bita p\u00e5 en om man tar hans churros :p .<\/p>\n<p><a href=\"http:\/\/karin.stampis.com\/blog\/wp-content\/uploads\/2018\/03\/DSCPDC_0001_BURST20180305140544529-1.jpg\"><img loading=\"lazy\" decoding=\"async\" class=\"aligncenter size-full wp-image-23153\" src=\"http:\/\/karin.stampis.com\/blog\/wp-content\/uploads\/2018\/03\/DSCPDC_0001_BURST20180305140544529-1.jpg\" alt=\"\" width=\"1000\" height=\"563\" srcset=\"http:\/\/karin.stampis.com\/blog\/wp-content\/uploads\/2018\/03\/DSCPDC_0001_BURST20180305140544529-1.jpg 1000w, http:\/\/karin.stampis.com\/blog\/wp-content\/uploads\/2018\/03\/DSCPDC_0001_BURST20180305140544529-1-360x203.jpg 360w, http:\/\/karin.stampis.com\/blog\/wp-content\/uploads\/2018\/03\/DSCPDC_0001_BURST20180305140544529-1-768x432.jpg 768w\" sizes=\"auto, (max-width: 1000px) 100vw, 1000px\" \/><\/a>Medan Viktor gillar stabbig mat s\u00e5 \u00e4r Alfred \u00e4r mer en s\u00f6tsaks-kille. M\u00e5nga jellys i diverse f\u00e4rger slank ner.<\/p>\n<p><a href=\"http:\/\/karin.stampis.com\/blog\/wp-content\/uploads\/2018\/03\/DSCPDC_0000_BURST20180306191425107.jpg\"><img loading=\"lazy\" decoding=\"async\" class=\"aligncenter size-full wp-image-23152\" src=\"http:\/\/karin.stampis.com\/blog\/wp-content\/uploads\/2018\/03\/DSCPDC_0000_BURST20180306191425107.jpg\" alt=\"\" width=\"1000\" height=\"563\" srcset=\"http:\/\/karin.stampis.com\/blog\/wp-content\/uploads\/2018\/03\/DSCPDC_0000_BURST20180306191425107.jpg 1000w, http:\/\/karin.stampis.com\/blog\/wp-content\/uploads\/2018\/03\/DSCPDC_0000_BURST20180306191425107-360x203.jpg 360w, http:\/\/karin.stampis.com\/blog\/wp-content\/uploads\/2018\/03\/DSCPDC_0000_BURST20180306191425107-768x432.jpg 768w\" sizes=\"auto, (max-width: 1000px) 100vw, 1000px\" \/><\/a>Men grabbarna gillar \u00e4ven frukt som man ser p\u00e5 min kiwi-kyrkog\u00e5rd under denna middagen.<\/p>\n<p><a href=\"http:\/\/karin.stampis.com\/blog\/wp-content\/uploads\/2018\/03\/DSCPDC_0000_BURST20180310140345390.jpg\"><img loading=\"lazy\" decoding=\"async\" class=\"aligncenter size-full wp-image-23146\" src=\"http:\/\/karin.stampis.com\/blog\/wp-content\/uploads\/2018\/03\/DSCPDC_0000_BURST20180310140345390.jpg\" alt=\"\" width=\"1000\" height=\"563\" srcset=\"http:\/\/karin.stampis.com\/blog\/wp-content\/uploads\/2018\/03\/DSCPDC_0000_BURST20180310140345390.jpg 1000w, http:\/\/karin.stampis.com\/blog\/wp-content\/uploads\/2018\/03\/DSCPDC_0000_BURST20180310140345390-360x203.jpg 360w, http:\/\/karin.stampis.com\/blog\/wp-content\/uploads\/2018\/03\/DSCPDC_0000_BURST20180310140345390-768x432.jpg 768w\" sizes=\"auto, (max-width: 1000px) 100vw, 1000px\" \/><\/a>Duvorna blev \u00f6verlyckliga av att se Viktor \ud83d\ude09 . &#8220;V\u00e4-v\u00e4&#8221; heter f\u00e5gel p\u00e5 Viktor-spr\u00e5k.<\/p>\n<p><a href=\"http:\/\/karin.stampis.com\/blog\/wp-content\/uploads\/2018\/03\/DSC07141.jpg\"><img loading=\"lazy\" decoding=\"async\" class=\"aligncenter size-full wp-image-23147\" src=\"http:\/\/karin.stampis.com\/blog\/wp-content\/uploads\/2018\/03\/DSC07141.jpg\" alt=\"\" width=\"1000\" height=\"667\" srcset=\"http:\/\/karin.stampis.com\/blog\/wp-content\/uploads\/2018\/03\/DSC07141.jpg 1000w, http:\/\/karin.stampis.com\/blog\/wp-content\/uploads\/2018\/03\/DSC07141-360x240.jpg 360w, http:\/\/karin.stampis.com\/blog\/wp-content\/uploads\/2018\/03\/DSC07141-768x512.jpg 768w\" sizes=\"auto, (max-width: 1000px) 100vw, 1000px\" \/><\/a>Det blev \u00e4ven n\u00e5gra shlushar i olika f\u00e4rger.<\/p>\n<p><a href=\"http:\/\/karin.stampis.com\/blog\/wp-content\/uploads\/2018\/03\/DSC07131.jpg\"><img loading=\"lazy\" decoding=\"async\" class=\"aligncenter size-full wp-image-23148\" src=\"http:\/\/karin.stampis.com\/blog\/wp-content\/uploads\/2018\/03\/DSC07131.jpg\" alt=\"\" width=\"1000\" height=\"521\" srcset=\"http:\/\/karin.stampis.com\/blog\/wp-content\/uploads\/2018\/03\/DSC07131.jpg 1000w, http:\/\/karin.stampis.com\/blog\/wp-content\/uploads\/2018\/03\/DSC07131-360x188.jpg 360w, http:\/\/karin.stampis.com\/blog\/wp-content\/uploads\/2018\/03\/DSC07131-768x400.jpg 768w\" sizes=\"auto, (max-width: 1000px) 100vw, 1000px\" \/><\/a>Och drinkar i olika f\u00e4rger till mamma och pappa! Men \u00e4ven om vi hade All Inclusive s\u00e5 blev det inte m\u00e5nga drinkar. Fanns liksom inte ork f\u00f6r det s\u00e5 m\u00e5nga kv\u00e4llar.<\/p>\n<p><a href=\"http:\/\/karin.stampis.com\/blog\/wp-content\/uploads\/2018\/03\/DSC07122.jpg\"><img loading=\"lazy\" decoding=\"async\" class=\"aligncenter size-full wp-image-23149\" src=\"http:\/\/karin.stampis.com\/blog\/wp-content\/uploads\/2018\/03\/DSC07122.jpg\" alt=\"\" width=\"1000\" height=\"667\" srcset=\"http:\/\/karin.stampis.com\/blog\/wp-content\/uploads\/2018\/03\/DSC07122.jpg 1000w, http:\/\/karin.stampis.com\/blog\/wp-content\/uploads\/2018\/03\/DSC07122-360x240.jpg 360w, http:\/\/karin.stampis.com\/blog\/wp-content\/uploads\/2018\/03\/DSC07122-768x512.jpg 768w\" sizes=\"auto, (max-width: 1000px) 100vw, 1000px\" \/><\/a>Men det var mysigt att sitta p\u00e5 balkongen d\u00e5 vi v\u00e4l orkade \ud83d\ude42 . Hotellet var dessutom r\u00f6kfritt, S\u00c5 h\u00e4rligt att slippa st\u00f6ra sig p\u00e5 alla r\u00f6kare.<\/p>\n","protected":false},"excerpt":{"rendered":"<p>En h\u00e4rlig sak med att vara p\u00e5 semester \u00e4r att man varken beh\u00f6ver laga mat eller diska. Eller st\u00e4da efter sig (en av servit\u00f6rerna sa flera g\u00e5nger till oss att vi inte fick lov att plocka undan och fixa &#8211; &hellip; <a href=\"http:\/\/karin.stampis.com\/blog\/?p=23116\">Continue reading <span class=\"meta-nav\">&rarr;<\/span><\/a><\/p>\n","protected":false},"author":1,"featured_media":0,"comment_status":"open","ping_status":"open","sticky":false,"template":"","format":"standard","meta":{"footnotes":""},"categories":[436,441,145,409,442],"tags":[],"class_list":["post-23116","post","type-post","status-publish","format-standard","hentry","category-436","category-mars-2018","category-resebloggar","category-syskonen","category-teneriffa-2018"],"_links":{"self":[{"href":"http:\/\/karin.stampis.com\/blog\/index.php?rest_route=\/wp\/v2\/posts\/23116","targetHints":{"allow":["GET"]}}],"collection":[{"href":"http:\/\/karin.stampis.com\/blog\/index.php?rest_route=\/wp\/v2\/posts"}],"about":[{"href":"http:\/\/karin.stampis.com\/blog\/index.php?rest_route=\/wp\/v2\/types\/post"}],"author":[{"embeddable":true,"href":"http:\/\/karin.stampis.com\/blog\/index.php?rest_route=\/wp\/v2\/users\/1"}],"replies":[{"embeddable":true,"href":"http:\/\/karin.stampis.com\/blog\/index.php?rest_route=%2Fwp%2Fv2%2Fcomments&post=23116"}],"version-history":[{"count":5,"href":"http:\/\/karin.stampis.com\/blog\/index.php?rest_route=\/wp\/v2\/posts\/23116\/revisions"}],"predecessor-version":[{"id":23165,"href":"http:\/\/karin.stampis.com\/blog\/index.php?rest_route=\/wp\/v2\/posts\/23116\/revisions\/23165"}],"wp:attachment":[{"href":"http:\/\/karin.stampis.com\/blog\/index.php?rest_route=%2Fwp%2Fv2%2Fmedia&parent=23116"}],"wp:term":[{"taxonomy":"category","embeddable":true,"href":"http:\/\/karin.stampis.com\/blog\/index.php?rest_route=%2Fwp%2Fv2%2Fcategories&post=23116"},{"taxonomy":"post_tag","embeddable":true,"href":"http:\/\/karin.stampis.com\/blog\/index.php?rest_route=%2Fwp%2Fv2%2Ftags&post=23116"}],"curies":[{"name":"wp","href":"https:\/\/api.w.org\/{rel}","templated":true}]}}