{"id":23167,"date":"2018-03-22T14:58:13","date_gmt":"2018-03-22T13:58:13","guid":{"rendered":"http:\/\/karin.stampis.com\/blog\/?p=23167"},"modified":"2018-03-22T14:58:13","modified_gmt":"2018-03-22T13:58:13","slug":"sjukstuga-2","status":"publish","type":"post","link":"http:\/\/karin.stampis.com\/blog\/?p=23167","title":{"rendered":"Sjukstuga"},"content":{"rendered":"<p>En liten paus bland alla semesterinl\u00e4ggen f\u00f6r att beskriva vardagens realiteter. Denna veckan har det varit vab f\u00f6r hela slanten &#8211; det \u00e4r nog influensan som kommit hit. Viktor blev sjuk i fredags kv\u00e4ll, och Alfred ringdes hem p\u00e5 m\u00e5ndagslunchen. Viktor var pigg och feberfri d\u00e5 jag var hemma med honom p\u00e5 m\u00e5ndagen, s\u00e5 jag l\u00e4mnade honom p\u00e5 f\u00f6rskolan p\u00e5 tisdagen, men han kom i retur efter 2 timmar och sen kom febern tillbaks. Jag har varit lite sjuk sj\u00e4lv, s\u00e5 har frivilligt tagit p\u00e5 mig allt vab. Det har varit tv\u00e5 tr\u00f6tta killar, men det har samtidigt varit lite mysigt att de inte har varit hyperaktiva, f\u00f6r d\u00e5 kan man kramas och l\u00e4sa b\u00f6cker \ud83d\ude09 . Och s\u00e5 k\u00e4nns det lite som att vara f\u00f6r\u00e4ldraledig igen, att man bara har v\u00e4rlden som \u00e4r h\u00e4r och nu. Det hade ju aldrig g\u00e5tt p\u00e5 mitt gamla jobb, jag hade ju haft en mailbox full med stress-mail och s\u00e4kert f\u00e5tt endel sms ocks\u00e5 is\u00e5fall. Men mina nuvarande chefer l\u00e4mnar mig helt i fred \ud83d\ude42 . Jag \u00e4r inte s\u00e5 f\u00f6rtjust i att vobba, f\u00f6redrar att vabba framf\u00f6r vobba.<\/p>\n<p style=\"text-align: center;\"><a href=\"http:\/\/karin.stampis.com\/blog\/wp-content\/uploads\/2018\/03\/DSC_0011_20.jpg\"><img loading=\"lazy\" decoding=\"async\" class=\"aligncenter size-full wp-image-23172\" src=\"http:\/\/karin.stampis.com\/blog\/wp-content\/uploads\/2018\/03\/DSC_0011_20.jpg\" alt=\"\" width=\"1000\" height=\"610\" srcset=\"http:\/\/karin.stampis.com\/blog\/wp-content\/uploads\/2018\/03\/DSC_0011_20.jpg 1000w, http:\/\/karin.stampis.com\/blog\/wp-content\/uploads\/2018\/03\/DSC_0011_20-360x220.jpg 360w, http:\/\/karin.stampis.com\/blog\/wp-content\/uploads\/2018\/03\/DSC_0011_20-768x468.jpg 768w\" sizes=\"auto, (max-width: 1000px) 100vw, 1000px\" \/><\/a><em>\u00c4ven stora killen kan ligga i ens kn\u00e4 (han har p\u00e5 sig Viktors tr\u00f6ja).<\/em><\/p>\n<p style=\"text-align: center;\"><a href=\"http:\/\/karin.stampis.com\/blog\/wp-content\/uploads\/2018\/03\/DSC_0012_20.jpg\"><img loading=\"lazy\" decoding=\"async\" class=\"aligncenter size-full wp-image-23171\" src=\"http:\/\/karin.stampis.com\/blog\/wp-content\/uploads\/2018\/03\/DSC_0012_20.jpg\" alt=\"\" width=\"563\" height=\"1000\" srcset=\"http:\/\/karin.stampis.com\/blog\/wp-content\/uploads\/2018\/03\/DSC_0012_20.jpg 563w, http:\/\/karin.stampis.com\/blog\/wp-content\/uploads\/2018\/03\/DSC_0012_20-203x360.jpg 203w\" sizes=\"auto, (max-width: 563px) 100vw, 563px\" \/><\/a><em>Han vill helst inte ligga i sin s\u00e4ng p\u00e5 dagtid utan p\u00e5 soffan med oss i n\u00e4rheten.<\/em><\/p>\n<p style=\"text-align: center;\"><a href=\"http:\/\/karin.stampis.com\/blog\/wp-content\/uploads\/2018\/03\/DSC_0013_20.jpg\"><img loading=\"lazy\" decoding=\"async\" class=\"aligncenter size-full wp-image-23170\" src=\"http:\/\/karin.stampis.com\/blog\/wp-content\/uploads\/2018\/03\/DSC_0013_20.jpg\" alt=\"\" width=\"1000\" height=\"750\" srcset=\"http:\/\/karin.stampis.com\/blog\/wp-content\/uploads\/2018\/03\/DSC_0013_20.jpg 1000w, http:\/\/karin.stampis.com\/blog\/wp-content\/uploads\/2018\/03\/DSC_0013_20-360x270.jpg 360w, http:\/\/karin.stampis.com\/blog\/wp-content\/uploads\/2018\/03\/DSC_0013_20-768x576.jpg 768w\" sizes=\"auto, (max-width: 1000px) 100vw, 1000px\" \/><\/a><em>Viktor vill sitta i kn\u00e4t hela tiden, \u00e4ven d\u00e5 jag \u00e4ter.<\/em><\/p>\n<p style=\"text-align: center;\"><a href=\"http:\/\/karin.stampis.com\/blog\/wp-content\/uploads\/2018\/03\/DSC_0016_19-1.jpg\"><img loading=\"lazy\" decoding=\"async\" class=\"aligncenter size-full wp-image-23173\" src=\"http:\/\/karin.stampis.com\/blog\/wp-content\/uploads\/2018\/03\/DSC_0016_19-1.jpg\" alt=\"\" width=\"667\" height=\"1000\" srcset=\"http:\/\/karin.stampis.com\/blog\/wp-content\/uploads\/2018\/03\/DSC_0016_19-1.jpg 667w, http:\/\/karin.stampis.com\/blog\/wp-content\/uploads\/2018\/03\/DSC_0016_19-1-240x360.jpg 240w\" sizes=\"auto, (max-width: 667px) 100vw, 667px\" \/><\/a><em>Tr\u00f6tta grabbar.<\/em><\/p>\n<p style=\"text-align: center;\"><a href=\"http:\/\/karin.stampis.com\/blog\/wp-content\/uploads\/2018\/03\/DSC_0018_19.jpg\"><img loading=\"lazy\" decoding=\"async\" class=\"aligncenter size-full wp-image-23168\" src=\"http:\/\/karin.stampis.com\/blog\/wp-content\/uploads\/2018\/03\/DSC_0018_19.jpg\" alt=\"\" width=\"1000\" height=\"563\" srcset=\"http:\/\/karin.stampis.com\/blog\/wp-content\/uploads\/2018\/03\/DSC_0018_19.jpg 1000w, http:\/\/karin.stampis.com\/blog\/wp-content\/uploads\/2018\/03\/DSC_0018_19-360x203.jpg 360w, http:\/\/karin.stampis.com\/blog\/wp-content\/uploads\/2018\/03\/DSC_0018_19-768x432.jpg 768w\" sizes=\"auto, (max-width: 1000px) 100vw, 1000px\" \/><\/a><em>Viktor kan sj\u00e4lv ta tempen.<\/em><\/p>\n","protected":false},"excerpt":{"rendered":"<p>En liten paus bland alla semesterinl\u00e4ggen f\u00f6r att beskriva vardagens realiteter. Denna veckan har det varit vab f\u00f6r hela slanten &#8211; det \u00e4r nog influensan som kommit hit. Viktor blev sjuk i fredags kv\u00e4ll, och Alfred ringdes hem p\u00e5 m\u00e5ndagslunchen. &hellip; <a href=\"http:\/\/karin.stampis.com\/blog\/?p=23167\">Continue reading <span class=\"meta-nav\">&rarr;<\/span><\/a><\/p>\n","protected":false},"author":1,"featured_media":0,"comment_status":"open","ping_status":"open","sticky":false,"template":"","format":"standard","meta":{"footnotes":""},"categories":[436,441,409],"tags":[],"class_list":["post-23167","post","type-post","status-publish","format-standard","hentry","category-436","category-mars-2018","category-syskonen"],"_links":{"self":[{"href":"http:\/\/karin.stampis.com\/blog\/index.php?rest_route=\/wp\/v2\/posts\/23167","targetHints":{"allow":["GET"]}}],"collection":[{"href":"http:\/\/karin.stampis.com\/blog\/index.php?rest_route=\/wp\/v2\/posts"}],"about":[{"href":"http:\/\/karin.stampis.com\/blog\/index.php?rest_route=\/wp\/v2\/types\/post"}],"author":[{"embeddable":true,"href":"http:\/\/karin.stampis.com\/blog\/index.php?rest_route=\/wp\/v2\/users\/1"}],"replies":[{"embeddable":true,"href":"http:\/\/karin.stampis.com\/blog\/index.php?rest_route=%2Fwp%2Fv2%2Fcomments&post=23167"}],"version-history":[{"count":3,"href":"http:\/\/karin.stampis.com\/blog\/index.php?rest_route=\/wp\/v2\/posts\/23167\/revisions"}],"predecessor-version":[{"id":23176,"href":"http:\/\/karin.stampis.com\/blog\/index.php?rest_route=\/wp\/v2\/posts\/23167\/revisions\/23176"}],"wp:attachment":[{"href":"http:\/\/karin.stampis.com\/blog\/index.php?rest_route=%2Fwp%2Fv2%2Fmedia&parent=23167"}],"wp:term":[{"taxonomy":"category","embeddable":true,"href":"http:\/\/karin.stampis.com\/blog\/index.php?rest_route=%2Fwp%2Fv2%2Fcategories&post=23167"},{"taxonomy":"post_tag","embeddable":true,"href":"http:\/\/karin.stampis.com\/blog\/index.php?rest_route=%2Fwp%2Fv2%2Ftags&post=23167"}],"curies":[{"name":"wp","href":"https:\/\/api.w.org\/{rel}","templated":true}]}}