{"id":23187,"date":"2018-03-28T06:16:31","date_gmt":"2018-03-28T05:16:31","guid":{"rendered":"http:\/\/karin.stampis.com\/blog\/?p=23187"},"modified":"2018-03-22T19:26:10","modified_gmt":"2018-03-22T18:26:10","slug":"viktor-och-bjornarna","status":"publish","type":"post","link":"http:\/\/karin.stampis.com\/blog\/?p=23187","title":{"rendered":"Viktor och bj\u00f6rnarna"},"content":{"rendered":"<p>Innan det var teater s\u00e5 sprang karakt\u00e4rerna runt p\u00e5 hotellomr\u00e5det (vilket ju egentligen var roligare \u00e4n sj\u00e4lva teatern :p ). H\u00e4r \u00e4r Viktor och bj\u00f6rnarna.<\/p>\n<p style=\"text-align: center;\"><a href=\"http:\/\/karin.stampis.com\/blog\/wp-content\/uploads\/2018\/03\/DSC_0484.jpg\"><img loading=\"lazy\" decoding=\"async\" class=\"aligncenter size-full wp-image-23195\" src=\"http:\/\/karin.stampis.com\/blog\/wp-content\/uploads\/2018\/03\/DSC_0484.jpg\" alt=\"\" width=\"501\" height=\"1000\" srcset=\"http:\/\/karin.stampis.com\/blog\/wp-content\/uploads\/2018\/03\/DSC_0484.jpg 501w, http:\/\/karin.stampis.com\/blog\/wp-content\/uploads\/2018\/03\/DSC_0484-180x360.jpg 180w\" sizes=\"auto, (max-width: 501px) 100vw, 501px\" \/><\/a><em>Kollar p\u00e5 bj\u00f6rnen i hissen, s\u00e5 blir \u00f6verraskad av en annan bj\u00f6rn som kommer bakifr\u00e5n.<\/em><\/p>\n<p style=\"text-align: center;\"><a href=\"http:\/\/karin.stampis.com\/blog\/wp-content\/uploads\/2018\/03\/DSC_0485.jpg\"><img loading=\"lazy\" decoding=\"async\" class=\"aligncenter size-full wp-image-23193\" src=\"http:\/\/karin.stampis.com\/blog\/wp-content\/uploads\/2018\/03\/DSC_0485.jpg\" alt=\"\" width=\"705\" height=\"1000\" srcset=\"http:\/\/karin.stampis.com\/blog\/wp-content\/uploads\/2018\/03\/DSC_0485.jpg 705w, http:\/\/karin.stampis.com\/blog\/wp-content\/uploads\/2018\/03\/DSC_0485-254x360.jpg 254w\" sizes=\"auto, (max-width: 705px) 100vw, 705px\" \/><\/a><em>Hej p\u00e5 dig!<\/em><\/p>\n<p style=\"text-align: center;\"><a href=\"http:\/\/karin.stampis.com\/blog\/wp-content\/uploads\/2018\/03\/DSC_0487.jpg\"><img loading=\"lazy\" decoding=\"async\" class=\"aligncenter size-full wp-image-23191\" src=\"http:\/\/karin.stampis.com\/blog\/wp-content\/uploads\/2018\/03\/DSC_0487.jpg\" alt=\"\" width=\"602\" height=\"1000\" srcset=\"http:\/\/karin.stampis.com\/blog\/wp-content\/uploads\/2018\/03\/DSC_0487.jpg 602w, http:\/\/karin.stampis.com\/blog\/wp-content\/uploads\/2018\/03\/DSC_0487-217x360.jpg 217w\" sizes=\"auto, (max-width: 602px) 100vw, 602px\" \/><\/a><em>De var ju r\u00e4tt roliga de h\u00e4r!<\/em><\/p>\n<p style=\"text-align: center;\"><a href=\"http:\/\/karin.stampis.com\/blog\/wp-content\/uploads\/2018\/03\/DSCPDC_0001_BURST20180309185936266-2.jpg\"><img loading=\"lazy\" decoding=\"async\" class=\"aligncenter size-full wp-image-23190\" src=\"http:\/\/karin.stampis.com\/blog\/wp-content\/uploads\/2018\/03\/DSCPDC_0001_BURST20180309185936266-2.jpg\" alt=\"\" width=\"573\" height=\"1000\" srcset=\"http:\/\/karin.stampis.com\/blog\/wp-content\/uploads\/2018\/03\/DSCPDC_0001_BURST20180309185936266-2.jpg 573w, http:\/\/karin.stampis.com\/blog\/wp-content\/uploads\/2018\/03\/DSCPDC_0001_BURST20180309185936266-2-206x360.jpg 206w\" sizes=\"auto, (max-width: 573px) 100vw, 573px\" \/><\/a><em>Pekar p\u00e5 bj\u00f6rnarna i hissen.<\/em><\/p>\n<p style=\"text-align: center;\"><a href=\"http:\/\/karin.stampis.com\/blog\/wp-content\/uploads\/2018\/03\/DSC_0488.jpg\"><img loading=\"lazy\" decoding=\"async\" class=\"aligncenter size-full wp-image-23188\" src=\"http:\/\/karin.stampis.com\/blog\/wp-content\/uploads\/2018\/03\/DSC_0488.jpg\" alt=\"\" width=\"995\" height=\"1000\" srcset=\"http:\/\/karin.stampis.com\/blog\/wp-content\/uploads\/2018\/03\/DSC_0488.jpg 995w, http:\/\/karin.stampis.com\/blog\/wp-content\/uploads\/2018\/03\/DSC_0488-150x150.jpg 150w, http:\/\/karin.stampis.com\/blog\/wp-content\/uploads\/2018\/03\/DSC_0488-358x360.jpg 358w, http:\/\/karin.stampis.com\/blog\/wp-content\/uploads\/2018\/03\/DSC_0488-768x772.jpg 768w\" sizes=\"auto, (max-width: 995px) 100vw, 995px\" \/><\/a><em>N\u00e4rbild av en fascinerad kille.<\/em><\/p>\n","protected":false},"excerpt":{"rendered":"<p>Innan det var teater s\u00e5 sprang karakt\u00e4rerna runt p\u00e5 hotellomr\u00e5det (vilket ju egentligen var roligare \u00e4n sj\u00e4lva teatern :p ). H\u00e4r \u00e4r Viktor och bj\u00f6rnarna. Kollar p\u00e5 bj\u00f6rnen i hissen, s\u00e5 blir \u00f6verraskad av en annan bj\u00f6rn som kommer bakifr\u00e5n. &hellip; <a href=\"http:\/\/karin.stampis.com\/blog\/?p=23187\">Continue reading <span class=\"meta-nav\">&rarr;<\/span><\/a><\/p>\n","protected":false},"author":1,"featured_media":0,"comment_status":"open","ping_status":"open","sticky":false,"template":"","format":"standard","meta":{"footnotes":""},"categories":[436,441,145,442,410],"tags":[],"class_list":["post-23187","post","type-post","status-publish","format-standard","hentry","category-436","category-mars-2018","category-resebloggar","category-teneriffa-2018","category-viktor"],"_links":{"self":[{"href":"http:\/\/karin.stampis.com\/blog\/index.php?rest_route=\/wp\/v2\/posts\/23187","targetHints":{"allow":["GET"]}}],"collection":[{"href":"http:\/\/karin.stampis.com\/blog\/index.php?rest_route=\/wp\/v2\/posts"}],"about":[{"href":"http:\/\/karin.stampis.com\/blog\/index.php?rest_route=\/wp\/v2\/types\/post"}],"author":[{"embeddable":true,"href":"http:\/\/karin.stampis.com\/blog\/index.php?rest_route=\/wp\/v2\/users\/1"}],"replies":[{"embeddable":true,"href":"http:\/\/karin.stampis.com\/blog\/index.php?rest_route=%2Fwp%2Fv2%2Fcomments&post=23187"}],"version-history":[{"count":3,"href":"http:\/\/karin.stampis.com\/blog\/index.php?rest_route=\/wp\/v2\/posts\/23187\/revisions"}],"predecessor-version":[{"id":23197,"href":"http:\/\/karin.stampis.com\/blog\/index.php?rest_route=\/wp\/v2\/posts\/23187\/revisions\/23197"}],"wp:attachment":[{"href":"http:\/\/karin.stampis.com\/blog\/index.php?rest_route=%2Fwp%2Fv2%2Fmedia&parent=23187"}],"wp:term":[{"taxonomy":"category","embeddable":true,"href":"http:\/\/karin.stampis.com\/blog\/index.php?rest_route=%2Fwp%2Fv2%2Fcategories&post=23187"},{"taxonomy":"post_tag","embeddable":true,"href":"http:\/\/karin.stampis.com\/blog\/index.php?rest_route=%2Fwp%2Fv2%2Ftags&post=23187"}],"curies":[{"name":"wp","href":"https:\/\/api.w.org\/{rel}","templated":true}]}}