{"id":23203,"date":"2018-04-04T19:21:10","date_gmt":"2018-04-04T18:21:10","guid":{"rendered":"http:\/\/karin.stampis.com\/blog\/?p=23203"},"modified":"2018-04-04T19:21:10","modified_gmt":"2018-04-04T18:21:10","slug":"nya-tider","status":"publish","type":"post","link":"http:\/\/karin.stampis.com\/blog\/?p=23203","title":{"rendered":"Nya tider"},"content":{"rendered":"<p>Idag har Viktors spj\u00e4ls\u00e4ng flyttat in till Alfred! Inte f\u00f6r att han l\u00e5g i den tidigare, d\u00e5 den var i v\u00e5rt rum, men tanken \u00e4r att han ska g\u00f6ra det nu. Han tar alldeles f\u00f6r mycket plats i v\u00e5r s\u00e4ng och ligger som ett litet pl\u00e5ster p\u00e5 mig. Alfred blev j\u00e4tteglad d\u00e5 han h\u00f6rde att Viktor skulle flytta in &#8211; han \u00e4r s\u00e5 fin mot sin lillebror \ud83d\ude42 . V\u00e5r plan \u00e4r nu att en person ska kunna dubbelnatta, vilket frig\u00f6r en hel del tid. Dock \u00e4r det inte helt enkelt h\u00f6r jag av ljuden d\u00e4ruppe :p<\/p>\n<p style=\"text-align: center;\"><a href=\"http:\/\/karin.stampis.com\/blog\/wp-content\/uploads\/2018\/04\/DSC_0051_7.jpg\"><img loading=\"lazy\" decoding=\"async\" class=\"aligncenter size-full wp-image-23204\" src=\"http:\/\/karin.stampis.com\/blog\/wp-content\/uploads\/2018\/04\/DSC_0051_7.jpg\" alt=\"\" width=\"1000\" height=\"563\" srcset=\"http:\/\/karin.stampis.com\/blog\/wp-content\/uploads\/2018\/04\/DSC_0051_7.jpg 1000w, http:\/\/karin.stampis.com\/blog\/wp-content\/uploads\/2018\/04\/DSC_0051_7-360x203.jpg 360w, http:\/\/karin.stampis.com\/blog\/wp-content\/uploads\/2018\/04\/DSC_0051_7-768x432.jpg 768w\" sizes=\"auto, (max-width: 1000px) 100vw, 1000px\" \/><\/a><em>Killarna f\u00f6rbereder sig inf\u00f6r godnattsagan.<\/em><\/p>\n<p>&nbsp;<\/p>\n","protected":false},"excerpt":{"rendered":"<p>Idag har Viktors spj\u00e4ls\u00e4ng flyttat in till Alfred! Inte f\u00f6r att han l\u00e5g i den tidigare, d\u00e5 den var i v\u00e5rt rum, men tanken \u00e4r att han ska g\u00f6ra det nu. Han tar alldeles f\u00f6r mycket plats i v\u00e5r s\u00e4ng &hellip; <a href=\"http:\/\/karin.stampis.com\/blog\/?p=23203\">Continue reading <span class=\"meta-nav\">&rarr;<\/span><\/a><\/p>\n","protected":false},"author":1,"featured_media":0,"comment_status":"open","ping_status":"open","sticky":false,"template":"","format":"standard","meta":{"footnotes":""},"categories":[436,443],"tags":[],"class_list":["post-23203","post","type-post","status-publish","format-standard","hentry","category-436","category-april-2018"],"_links":{"self":[{"href":"http:\/\/karin.stampis.com\/blog\/index.php?rest_route=\/wp\/v2\/posts\/23203","targetHints":{"allow":["GET"]}}],"collection":[{"href":"http:\/\/karin.stampis.com\/blog\/index.php?rest_route=\/wp\/v2\/posts"}],"about":[{"href":"http:\/\/karin.stampis.com\/blog\/index.php?rest_route=\/wp\/v2\/types\/post"}],"author":[{"embeddable":true,"href":"http:\/\/karin.stampis.com\/blog\/index.php?rest_route=\/wp\/v2\/users\/1"}],"replies":[{"embeddable":true,"href":"http:\/\/karin.stampis.com\/blog\/index.php?rest_route=%2Fwp%2Fv2%2Fcomments&post=23203"}],"version-history":[{"count":1,"href":"http:\/\/karin.stampis.com\/blog\/index.php?rest_route=\/wp\/v2\/posts\/23203\/revisions"}],"predecessor-version":[{"id":23205,"href":"http:\/\/karin.stampis.com\/blog\/index.php?rest_route=\/wp\/v2\/posts\/23203\/revisions\/23205"}],"wp:attachment":[{"href":"http:\/\/karin.stampis.com\/blog\/index.php?rest_route=%2Fwp%2Fv2%2Fmedia&parent=23203"}],"wp:term":[{"taxonomy":"category","embeddable":true,"href":"http:\/\/karin.stampis.com\/blog\/index.php?rest_route=%2Fwp%2Fv2%2Fcategories&post=23203"},{"taxonomy":"post_tag","embeddable":true,"href":"http:\/\/karin.stampis.com\/blog\/index.php?rest_route=%2Fwp%2Fv2%2Ftags&post=23203"}],"curies":[{"name":"wp","href":"https:\/\/api.w.org\/{rel}","templated":true}]}}