{"id":2321,"date":"2009-03-03T08:42:14","date_gmt":"2009-03-03T07:42:14","guid":{"rendered":"http:\/\/karin.stampis.com\/blog\/?p=2321"},"modified":"2009-03-03T08:42:15","modified_gmt":"2009-03-03T07:42:15","slug":"mandag-2","status":"publish","type":"post","link":"http:\/\/karin.stampis.com\/blog\/?p=2321","title":{"rendered":"M\u00e5ndag"},"content":{"rendered":"<p>Kom p\u00e5 att det var l\u00e4ngesen jag hade en m\u00e5ndags-klagol\u00e5t p\u00e5 bloggen \ud83d\ude09 . Jag har varit r\u00e4tt energisk p\u00e5 m\u00e5ndagar p\u00e5 sistone, jobbat p\u00e5 som bara den och sen skyndat hem till mina favoritpass p\u00e5 gymmet. S\u00e5 var det av naturliga sj\u00e4l dock inte ig\u00e5r. S\u00e5h\u00e4r var g\u00e5rdagen:<\/p>\n<p>00.00 &#8211; 07.00. Huvudet ner i toalettstolen n\u00e5gra g\u00e5nger i timmen, eventuellt med fragmentariska sovpauser emellan.<\/p>\n<p style=\"text-align: center;\"><a rel=\"attachment wp-att-2334\" href=\"http:\/\/karin.stampis.com\/blog\/?attachment_id=2334\"><img loading=\"lazy\" decoding=\"async\" class=\"size-full wp-image-2334 aligncenter\" title=\"images66_226779052\" src=\"http:\/\/karin.stampis.com\/blog\/wp-content\/uploads\/2009\/03\/images66_226779052.jpg\" alt=\"images66_226779052\" width=\"118\" height=\"118\" \/><\/a><\/p>\n<p>07.00 &#8211; 11.15. Toalettstolen kallade inte l\u00e4ngre p\u00e5 mig och jag fick nanna lite tillslut.<\/p>\n<p><a rel=\"attachment wp-att-2338\" href=\"http:\/\/karin.stampis.com\/blog\/?attachment_id=2338\"><img loading=\"lazy\" decoding=\"async\" class=\"aligncenter size-medium wp-image-2338\" title=\"snark\" src=\"http:\/\/karin.stampis.com\/blog\/wp-content\/uploads\/2009\/03\/nanan-360x270.jpg\" alt=\"snark\" width=\"360\" height=\"270\" srcset=\"http:\/\/karin.stampis.com\/blog\/wp-content\/uploads\/2009\/03\/nanan-360x270.jpg 360w, http:\/\/karin.stampis.com\/blog\/wp-content\/uploads\/2009\/03\/nanan.jpg 500w\" sizes=\"auto, (max-width: 360px) 100vw, 360px\" \/><\/a><\/p>\n<p>12.00. Efter ett tag p\u00e5 s\u00e4ngen drog jag mig upp och \u00e5t en tallrik Proviva-fil.<\/p>\n<p><a rel=\"attachment wp-att-2337\" href=\"http:\/\/karin.stampis.com\/blog\/?attachment_id=2337\"><img loading=\"lazy\" decoding=\"async\" class=\"aligncenter size-full wp-image-2337\" title=\"fil_naturell\" src=\"http:\/\/karin.stampis.com\/blog\/wp-content\/uploads\/2009\/03\/fil_naturell.jpg\" alt=\"fil_naturell\" width=\"227\" height=\"347\" \/><\/a><\/p>\n<p>13.00. Efter att legat i soffan och zappat ins\u00e5g jag att jag inte ens orkade se p\u00e5 TV. Orkar man inte det orkar man nog inget annat&#8230;<\/p>\n<p><a rel=\"attachment wp-att-2339\" href=\"http:\/\/karin.stampis.com\/blog\/?attachment_id=2339\"><img loading=\"lazy\" decoding=\"async\" class=\"aligncenter size-medium wp-image-2339\" title=\"tv\" src=\"http:\/\/karin.stampis.com\/blog\/wp-content\/uploads\/2009\/03\/tv-360x270.jpg\" alt=\"tv\" width=\"360\" height=\"270\" srcset=\"http:\/\/karin.stampis.com\/blog\/wp-content\/uploads\/2009\/03\/tv-360x270.jpg 360w, http:\/\/karin.stampis.com\/blog\/wp-content\/uploads\/2009\/03\/tv.jpg 500w\" sizes=\"auto, (max-width: 360px) 100vw, 360px\" \/><\/a><\/p>\n<p>13.05. S\u00e4ngen. L\u00e5g och googlade vinterkr\u00e4ksjukan och l\u00e4ste om virus. Mina kunskaper om virus \u00e4r r\u00e4tt l\u00e5ga f\u00f6r att ha g\u00e5tt min utbildning s\u00e5 l\u00e4rde mig iallafall lite. Calicivirus heter skurken. Sen lyckades Jimmy somna och sov mer eller mindre hela dagen. Jag sov n\u00e5gon timme.<\/p>\n<p style=\"text-align: center;\"><a rel=\"attachment wp-att-2323\" href=\"http:\/\/karin.stampis.com\/blog\/?attachment_id=2323\"><img loading=\"lazy\" decoding=\"async\" class=\"size-full wp-image-2323 aligncenter\" title=\"calicivirus\" src=\"http:\/\/karin.stampis.com\/blog\/wp-content\/uploads\/2009\/03\/calicivirus.jpg\" alt=\"calicivirus\" width=\"218\" height=\"233\" \/><\/a><\/p>\n<p style=\"text-align: left;\"><em>En elaking. Har dessutom l\u00e4st att vinterkr\u00e4ksjukan \u00e4r ovanligt elak i \u00e5r eftersom det finns en ny muterad form av viruset.<\/em> <em>1,5 miljoner svenskar kan komma att insjukna s\u00e5 \u00e4r inte ensamma precis<\/em>&#8230;<\/p>\n<p>15.00 Vaknade. Ringde morsan, fick instruktioner att vila l\u00e4nge.<\/p>\n<p>15.30 &#8211; 18.30. Sov<\/p>\n<p><a rel=\"attachment wp-att-2340\" href=\"http:\/\/karin.stampis.com\/blog\/?attachment_id=2340\"><img loading=\"lazy\" decoding=\"async\" class=\"aligncenter size-medium wp-image-2340\" title=\"tottig\" src=\"http:\/\/karin.stampis.com\/blog\/wp-content\/uploads\/2009\/03\/tottig-360x270.jpg\" alt=\"tottig\" width=\"360\" height=\"270\" srcset=\"http:\/\/karin.stampis.com\/blog\/wp-content\/uploads\/2009\/03\/tottig-360x270.jpg 360w, http:\/\/karin.stampis.com\/blog\/wp-content\/uploads\/2009\/03\/tottig.jpg 400w\" sizes=\"auto, (max-width: 360px) 100vw, 360px\" \/><\/a><\/p>\n<p>19.00 Pratade med farsan, fick instruktioner att vila l\u00e4nge.<\/p>\n<p>19.30 \u00c5t 2 mackor med margarin.<\/p>\n<p><a rel=\"attachment wp-att-2345\" href=\"http:\/\/karin.stampis.com\/blog\/?attachment_id=2345\"><img loading=\"lazy\" decoding=\"async\" class=\"aligncenter size-medium wp-image-2345\" title=\"lingongrova_500g_s\" src=\"http:\/\/karin.stampis.com\/blog\/wp-content\/uploads\/2009\/03\/lingongrova_500g_s-360x267.jpg\" alt=\"lingongrova_500g_s\" width=\"360\" height=\"267\" srcset=\"http:\/\/karin.stampis.com\/blog\/wp-content\/uploads\/2009\/03\/lingongrova_500g_s-360x267.jpg 360w, http:\/\/karin.stampis.com\/blog\/wp-content\/uploads\/2009\/03\/lingongrova_500g_s.jpg 405w\" sizes=\"auto, (max-width: 360px) 100vw, 360px\" \/><\/a><\/p>\n<p>20.00. V\u00e4ckte Jimmy, \u00e5t middag (saltlakrits, h\u00e4lften av vad som ligger i sk\u00e5len) och s\u00e5g TV.<\/p>\n<p><a rel=\"attachment wp-att-2342\" href=\"http:\/\/karin.stampis.com\/blog\/?attachment_id=2342\"><img loading=\"lazy\" decoding=\"async\" class=\"aligncenter size-medium wp-image-2342\" title=\"blommor-2372\" src=\"http:\/\/karin.stampis.com\/blog\/wp-content\/uploads\/2009\/03\/blommor-2372-360x270.jpg\" alt=\"blommor-2372\" width=\"360\" height=\"270\" srcset=\"http:\/\/karin.stampis.com\/blog\/wp-content\/uploads\/2009\/03\/blommor-2372-360x270.jpg 360w, http:\/\/karin.stampis.com\/blog\/wp-content\/uploads\/2009\/03\/blommor-2372-1024x768.jpg 1024w, http:\/\/karin.stampis.com\/blog\/wp-content\/uploads\/2009\/03\/blommor-2372.jpg 1824w\" sizes=\"auto, (max-width: 360px) 100vw, 360px\" \/><\/a><\/p>\n<p>22.00. Illam\u00e5ende. Lade oss i s\u00e4ngen och pratade lite och somnade inom en halvtimme eller s\u00e5.<\/p>\n<p><a rel=\"attachment wp-att-2346\" href=\"http:\/\/karin.stampis.com\/blog\/?attachment_id=2346\"><img loading=\"lazy\" decoding=\"async\" class=\"aligncenter size-medium wp-image-2346\" title=\"_\" src=\"http:\/\/karin.stampis.com\/blog\/wp-content\/uploads\/2009\/03\/_-225x360.jpg\" alt=\"_\" width=\"225\" height=\"360\" srcset=\"http:\/\/karin.stampis.com\/blog\/wp-content\/uploads\/2009\/03\/_-225x360.jpg 225w, http:\/\/karin.stampis.com\/blog\/wp-content\/uploads\/2009\/03\/_.jpg 625w\" sizes=\"auto, (max-width: 225px) 100vw, 225px\" \/><\/a><\/p>\n<p>Kanske inte den mest inneh\u00e5llsrika dagen, men i slut\u00e4ndan \u00e4r jag \u00e4nd\u00e5 tacksam att vi inte fick utbrottet n\u00e5gra timmar tidigare p\u00e5 t\u00e5get ner fr\u00e5n Stockholm p\u00e5 s\u00f6ndagen&#8230;<\/p>\n<p>Men idag k\u00e4nner jag mig b\u00e4ttre! Sovit hela natten till halv 8 och \u00e4ven f\u00e5tt i mig frukost!<\/p>\n","protected":false},"excerpt":{"rendered":"<p>Kom p\u00e5 att det var l\u00e4ngesen jag hade en m\u00e5ndags-klagol\u00e5t p\u00e5 bloggen \ud83d\ude09 . Jag har varit r\u00e4tt energisk p\u00e5 m\u00e5ndagar p\u00e5 sistone, jobbat p\u00e5 som bara den och sen skyndat hem till mina favoritpass p\u00e5 gymmet. S\u00e5 var det &hellip; <a href=\"http:\/\/karin.stampis.com\/blog\/?p=2321\">Continue reading <span class=\"meta-nav\">&rarr;<\/span><\/a><\/p>\n","protected":false},"author":1,"featured_media":0,"comment_status":"open","ping_status":"open","sticky":false,"template":"","format":"standard","meta":{"footnotes":""},"categories":[176],"tags":[34,177],"class_list":["post-2321","post","type-post","status-publish","format-standard","hentry","category-mars-2009","tag-mandag","tag-sjuk"],"_links":{"self":[{"href":"http:\/\/karin.stampis.com\/blog\/index.php?rest_route=\/wp\/v2\/posts\/2321","targetHints":{"allow":["GET"]}}],"collection":[{"href":"http:\/\/karin.stampis.com\/blog\/index.php?rest_route=\/wp\/v2\/posts"}],"about":[{"href":"http:\/\/karin.stampis.com\/blog\/index.php?rest_route=\/wp\/v2\/types\/post"}],"author":[{"embeddable":true,"href":"http:\/\/karin.stampis.com\/blog\/index.php?rest_route=\/wp\/v2\/users\/1"}],"replies":[{"embeddable":true,"href":"http:\/\/karin.stampis.com\/blog\/index.php?rest_route=%2Fwp%2Fv2%2Fcomments&post=2321"}],"version-history":[{"count":17,"href":"http:\/\/karin.stampis.com\/blog\/index.php?rest_route=\/wp\/v2\/posts\/2321\/revisions"}],"predecessor-version":[{"id":2354,"href":"http:\/\/karin.stampis.com\/blog\/index.php?rest_route=\/wp\/v2\/posts\/2321\/revisions\/2354"}],"wp:attachment":[{"href":"http:\/\/karin.stampis.com\/blog\/index.php?rest_route=%2Fwp%2Fv2%2Fmedia&parent=2321"}],"wp:term":[{"taxonomy":"category","embeddable":true,"href":"http:\/\/karin.stampis.com\/blog\/index.php?rest_route=%2Fwp%2Fv2%2Fcategories&post=2321"},{"taxonomy":"post_tag","embeddable":true,"href":"http:\/\/karin.stampis.com\/blog\/index.php?rest_route=%2Fwp%2Fv2%2Ftags&post=2321"}],"curies":[{"name":"wp","href":"https:\/\/api.w.org\/{rel}","templated":true}]}}