{"id":23431,"date":"2018-05-25T20:37:39","date_gmt":"2018-05-25T19:37:39","guid":{"rendered":"http:\/\/karin.stampis.com\/blog\/?p=23431"},"modified":"2018-05-25T20:37:39","modified_gmt":"2018-05-25T19:37:39","slug":"leos-lekland-3","status":"publish","type":"post","link":"http:\/\/karin.stampis.com\/blog\/?p=23431","title":{"rendered":"Leos lekland"},"content":{"rendered":"<p>F\u00f6rrf\u00f6rra helgen var Alfred&amp;Viktor p\u00e5 Mimmis f\u00f6delsedagsfest p\u00e5 Leos lekland. De hade S\u00c5 skoj. Viktor kunde kl\u00e4ttra och \u00e5ka p\u00e5 alla storbarnsgrejor. Festen b\u00f6rjade vid 1, och sen stannade dom n\u00e4stan \u00e4nda tills st\u00e4ngning vid 7. Sen somnade de i bilen och mamman&amp;pappan kunde \u00e4ta sushi, dricka vin, och se en 3 timmar l\u00e5ng film i lugn och ro!<\/p>\n<p style=\"text-align: center;\"><a href=\"http:\/\/karin.stampis.com\/blog\/wp-content\/uploads\/2018\/05\/DSC_0003_41.jpg\"><img loading=\"lazy\" decoding=\"async\" class=\"aligncenter size-full wp-image-23439\" src=\"http:\/\/karin.stampis.com\/blog\/wp-content\/uploads\/2018\/05\/DSC_0003_41.jpg\" alt=\"\" width=\"714\" height=\"1000\" srcset=\"http:\/\/karin.stampis.com\/blog\/wp-content\/uploads\/2018\/05\/DSC_0003_41.jpg 714w, http:\/\/karin.stampis.com\/blog\/wp-content\/uploads\/2018\/05\/DSC_0003_41-257x360.jpg 257w\" sizes=\"auto, (max-width: 714px) 100vw, 714px\" \/><\/a><em>F\u00f6rst popcorn, korv och glass i prinsessrummet<\/em><\/p>\n<p style=\"text-align: center;\"><a href=\"http:\/\/karin.stampis.com\/blog\/wp-content\/uploads\/2018\/05\/DSC_0016_26.jpg\"><img loading=\"lazy\" decoding=\"async\" class=\"aligncenter size-full wp-image-23436\" src=\"http:\/\/karin.stampis.com\/blog\/wp-content\/uploads\/2018\/05\/DSC_0016_26.jpg\" alt=\"\" width=\"1000\" height=\"563\" srcset=\"http:\/\/karin.stampis.com\/blog\/wp-content\/uploads\/2018\/05\/DSC_0016_26.jpg 1000w, http:\/\/karin.stampis.com\/blog\/wp-content\/uploads\/2018\/05\/DSC_0016_26-360x203.jpg 360w, http:\/\/karin.stampis.com\/blog\/wp-content\/uploads\/2018\/05\/DSC_0016_26-768x432.jpg 768w\" sizes=\"auto, (max-width: 1000px) 100vw, 1000px\" \/><\/a><em>Alfred och Alicia var mycket p\u00e5 vulkanen.<\/em><\/p>\n<p style=\"text-align: center;\"><a href=\"http:\/\/karin.stampis.com\/blog\/wp-content\/uploads\/2018\/05\/DSC_0025_21.jpg\"><img loading=\"lazy\" decoding=\"async\" class=\"aligncenter size-full wp-image-23435\" src=\"http:\/\/karin.stampis.com\/blog\/wp-content\/uploads\/2018\/05\/DSC_0025_21.jpg\" alt=\"\" width=\"1000\" height=\"563\" srcset=\"http:\/\/karin.stampis.com\/blog\/wp-content\/uploads\/2018\/05\/DSC_0025_21.jpg 1000w, http:\/\/karin.stampis.com\/blog\/wp-content\/uploads\/2018\/05\/DSC_0025_21-360x203.jpg 360w, http:\/\/karin.stampis.com\/blog\/wp-content\/uploads\/2018\/05\/DSC_0025_21-768x432.jpg 768w\" sizes=\"auto, (max-width: 1000px) 100vw, 1000px\" \/><\/a><em>\u00c4ven Viktor fick \u00e5ka med!<\/em><\/p>\n<p style=\"text-align: center;\"><a href=\"http:\/\/karin.stampis.com\/blog\/wp-content\/uploads\/2018\/05\/DSC_0012_28.jpg\"><img loading=\"lazy\" decoding=\"async\" class=\"aligncenter size-full wp-image-23437\" src=\"http:\/\/karin.stampis.com\/blog\/wp-content\/uploads\/2018\/05\/DSC_0012_28.jpg\" alt=\"\" width=\"1000\" height=\"563\" srcset=\"http:\/\/karin.stampis.com\/blog\/wp-content\/uploads\/2018\/05\/DSC_0012_28.jpg 1000w, http:\/\/karin.stampis.com\/blog\/wp-content\/uploads\/2018\/05\/DSC_0012_28-360x203.jpg 360w, http:\/\/karin.stampis.com\/blog\/wp-content\/uploads\/2018\/05\/DSC_0012_28-768x432.jpg 768w\" sizes=\"auto, (max-width: 1000px) 100vw, 1000px\" \/><\/a><em>Viktor gillade de stora bollarna<\/em><\/p>\n<p style=\"text-align: center;\"><a href=\"http:\/\/karin.stampis.com\/blog\/wp-content\/uploads\/2018\/05\/DSC_0010_29.jpg\"><img loading=\"lazy\" decoding=\"async\" class=\"aligncenter size-full wp-image-23438\" src=\"http:\/\/karin.stampis.com\/blog\/wp-content\/uploads\/2018\/05\/DSC_0010_29.jpg\" alt=\"\" width=\"1000\" height=\"563\" srcset=\"http:\/\/karin.stampis.com\/blog\/wp-content\/uploads\/2018\/05\/DSC_0010_29.jpg 1000w, http:\/\/karin.stampis.com\/blog\/wp-content\/uploads\/2018\/05\/DSC_0010_29-360x203.jpg 360w, http:\/\/karin.stampis.com\/blog\/wp-content\/uploads\/2018\/05\/DSC_0010_29-768x432.jpg 768w\" sizes=\"auto, (max-width: 1000px) 100vw, 1000px\" \/><\/a><em>Speciellt att bli studsad p\u00e5 dom<\/em><\/p>\n<p style=\"text-align: center;\"><a href=\"http:\/\/karin.stampis.com\/blog\/wp-content\/uploads\/2018\/05\/DSC_0006_24.jpg\"><img loading=\"lazy\" decoding=\"async\" class=\"aligncenter size-full wp-image-23440\" src=\"http:\/\/karin.stampis.com\/blog\/wp-content\/uploads\/2018\/05\/DSC_0006_24.jpg\" alt=\"\" width=\"1000\" height=\"619\" srcset=\"http:\/\/karin.stampis.com\/blog\/wp-content\/uploads\/2018\/05\/DSC_0006_24.jpg 1000w, http:\/\/karin.stampis.com\/blog\/wp-content\/uploads\/2018\/05\/DSC_0006_24-360x223.jpg 360w, http:\/\/karin.stampis.com\/blog\/wp-content\/uploads\/2018\/05\/DSC_0006_24-768x475.jpg 768w\" sizes=\"auto, (max-width: 1000px) 100vw, 1000px\" \/><\/a><em>Cyklar (med lite putt-hj\u00e4lp)<\/em><\/p>\n","protected":false},"excerpt":{"rendered":"<p>F\u00f6rrf\u00f6rra helgen var Alfred&amp;Viktor p\u00e5 Mimmis f\u00f6delsedagsfest p\u00e5 Leos lekland. De hade S\u00c5 skoj. Viktor kunde kl\u00e4ttra och \u00e5ka p\u00e5 alla storbarnsgrejor. Festen b\u00f6rjade vid 1, och sen stannade dom n\u00e4stan \u00e4nda tills st\u00e4ngning vid 7. Sen somnade de i &hellip; <a href=\"http:\/\/karin.stampis.com\/blog\/?p=23431\">Continue reading <span class=\"meta-nav\">&rarr;<\/span><\/a><\/p>\n","protected":false},"author":1,"featured_media":0,"comment_status":"open","ping_status":"open","sticky":false,"template":"","format":"standard","meta":{"footnotes":""},"categories":[436,322,444,409,410],"tags":[],"class_list":["post-23431","post","type-post","status-publish","format-standard","hentry","category-436","category-alfred","category-maj-2018","category-syskonen","category-viktor"],"_links":{"self":[{"href":"http:\/\/karin.stampis.com\/blog\/index.php?rest_route=\/wp\/v2\/posts\/23431","targetHints":{"allow":["GET"]}}],"collection":[{"href":"http:\/\/karin.stampis.com\/blog\/index.php?rest_route=\/wp\/v2\/posts"}],"about":[{"href":"http:\/\/karin.stampis.com\/blog\/index.php?rest_route=\/wp\/v2\/types\/post"}],"author":[{"embeddable":true,"href":"http:\/\/karin.stampis.com\/blog\/index.php?rest_route=\/wp\/v2\/users\/1"}],"replies":[{"embeddable":true,"href":"http:\/\/karin.stampis.com\/blog\/index.php?rest_route=%2Fwp%2Fv2%2Fcomments&post=23431"}],"version-history":[{"count":3,"href":"http:\/\/karin.stampis.com\/blog\/index.php?rest_route=\/wp\/v2\/posts\/23431\/revisions"}],"predecessor-version":[{"id":23442,"href":"http:\/\/karin.stampis.com\/blog\/index.php?rest_route=\/wp\/v2\/posts\/23431\/revisions\/23442"}],"wp:attachment":[{"href":"http:\/\/karin.stampis.com\/blog\/index.php?rest_route=%2Fwp%2Fv2%2Fmedia&parent=23431"}],"wp:term":[{"taxonomy":"category","embeddable":true,"href":"http:\/\/karin.stampis.com\/blog\/index.php?rest_route=%2Fwp%2Fv2%2Fcategories&post=23431"},{"taxonomy":"post_tag","embeddable":true,"href":"http:\/\/karin.stampis.com\/blog\/index.php?rest_route=%2Fwp%2Fv2%2Ftags&post=23431"}],"curies":[{"name":"wp","href":"https:\/\/api.w.org\/{rel}","templated":true}]}}