{"id":23532,"date":"2018-06-13T19:27:17","date_gmt":"2018-06-13T18:27:17","guid":{"rendered":"http:\/\/karin.stampis.com\/blog\/?p=23532"},"modified":"2018-06-13T19:27:17","modified_gmt":"2018-06-13T18:27:17","slug":"viktor-22-manader","status":"publish","type":"post","link":"http:\/\/karin.stampis.com\/blog\/?p=23532","title":{"rendered":"Viktor 22 m\u00e5nader"},"content":{"rendered":"<p>D\u00e5 \u00e4r det bara 2 m\u00e5nader kvar till 2-\u00e5rsdagen!<\/p>\n<p>Viktor \u00e4r inne i en r\u00e4tt intensiv period, pust! Han har ju r\u00e4tt mycket hum\u00f6r&#8230; Han l\u00e4gger sig ibland ner p\u00e5 golvet och skriker om han inte f\u00e5r som han vill. Och oftast vill han inte \u00e4ta alls. Eller s\u00e5 vill han g\u00e5 ut. Han vill g\u00e5 ut hela tiden, och tar p\u00e5 sig vilka skor han hittar, vems det \u00e4n \u00e4r. D\u00e5 fr\u00e5gar han ofta efter &#8220;hatt&#8221;. Han gillar att vara p\u00e5 tr\u00e4d\u00e4cket och k\u00f6ra motorcykel. Han har mycket spring i benen.<\/p>\n<p><a href=\"http:\/\/karin.stampis.com\/blog\/wp-content\/uploads\/2018\/06\/DSCPDC_0002_BURST20180527112504569.jpg\"><img loading=\"lazy\" decoding=\"async\" class=\"aligncenter size-full wp-image-23536\" src=\"http:\/\/karin.stampis.com\/blog\/wp-content\/uploads\/2018\/06\/DSCPDC_0002_BURST20180527112504569.jpg\" alt=\"\" width=\"1000\" height=\"563\" srcset=\"http:\/\/karin.stampis.com\/blog\/wp-content\/uploads\/2018\/06\/DSCPDC_0002_BURST20180527112504569.jpg 1000w, http:\/\/karin.stampis.com\/blog\/wp-content\/uploads\/2018\/06\/DSCPDC_0002_BURST20180527112504569-360x203.jpg 360w, http:\/\/karin.stampis.com\/blog\/wp-content\/uploads\/2018\/06\/DSCPDC_0002_BURST20180527112504569-768x432.jpg 768w\" sizes=\"auto, (max-width: 1000px) 100vw, 1000px\" \/><\/a><\/p>\n<p style=\"text-align: center;\"><a href=\"http:\/\/karin.stampis.com\/blog\/wp-content\/uploads\/2018\/06\/DSC_0019_21.jpg\"><img loading=\"lazy\" decoding=\"async\" class=\"aligncenter size-full wp-image-23537\" src=\"http:\/\/karin.stampis.com\/blog\/wp-content\/uploads\/2018\/06\/DSC_0019_21.jpg\" alt=\"\" width=\"1000\" height=\"563\" srcset=\"http:\/\/karin.stampis.com\/blog\/wp-content\/uploads\/2018\/06\/DSC_0019_21.jpg 1000w, http:\/\/karin.stampis.com\/blog\/wp-content\/uploads\/2018\/06\/DSC_0019_21-360x203.jpg 360w, http:\/\/karin.stampis.com\/blog\/wp-content\/uploads\/2018\/06\/DSC_0019_21-768x432.jpg 768w\" sizes=\"auto, (max-width: 1000px) 100vw, 1000px\" \/><\/a><em>Gillar att vara ute<\/em><\/p>\n<p>Fortfarande s\u00e5 tyker han bara om musikvideor p\u00e5 TV. &#8220;Baba&#8221; \u00e4r ordet vi har f\u00f6r att se p\u00e5 TV (efter &#8220;babblarna&#8221;) och se p\u00e5 TV f\u00f6r barn kommer nog alltid heta &#8220;baba&#8221;. Han \u00e4lskar musik, och nya favoriten \u00e4r Crazy frog. Jag brukar ta p\u00e5 den p\u00e5 morgonen f\u00f6r att Alfred ska vakna till och kl\u00e4 p\u00e5 sig (det kan ta l\u00e5ng tid&#8230;) och d\u00e5 springer de b\u00e5da runt p\u00e5 nedanv\u00e5ningen.<\/p>\n<p>En nyhet \u00e4r att han har b\u00f6rjat med potta! Han har bl\u00f6ja p\u00e5 sig annars, men ibland f\u00e5r han sitta lite p\u00e5 pottan och kan sitta d\u00e4r frivilligt ett tag och \u00e4ven kissa i den.<\/p>\n<p>Han tycker b\u00f6cker \u00e4r kul, speciellt en typ av b\u00f6cker d\u00e4r det finns ett litet tecknat djur som g\u00f6mmer sig p\u00e5 varje sida. P\u00e5 en av de f\u00f6rsta sidorna p\u00e5 dessa b\u00f6ckerna finns alla djuren i boken tecknade. Han kan s\u00e4ga vad de flesta djur heter, men d\u00e5 han kommer till ormen bankar han alltid argt p\u00e5 den :p<\/p>\n<p style=\"text-align: center;\"><a href=\"http:\/\/karin.stampis.com\/blog\/wp-content\/uploads\/2018\/06\/DSC_0023_25.jpg\"><img loading=\"lazy\" decoding=\"async\" class=\"aligncenter size-full wp-image-23535\" src=\"http:\/\/karin.stampis.com\/blog\/wp-content\/uploads\/2018\/06\/DSC_0023_25.jpg\" alt=\"\" width=\"563\" height=\"1000\" srcset=\"http:\/\/karin.stampis.com\/blog\/wp-content\/uploads\/2018\/06\/DSC_0023_25.jpg 563w, http:\/\/karin.stampis.com\/blog\/wp-content\/uploads\/2018\/06\/DSC_0023_25-203x360.jpg 203w\" sizes=\"auto, (max-width: 563px) 100vw, 563px\" \/><\/a><em>Somnat med bok<\/em><\/p>\n<p>P\u00e5tal om djur s\u00e5 forts\u00e4tter han att vid de flesta f\u00f6rskoleh\u00e4mtningar g\u00e5 till &#8220;ajarna&#8221; och peka (stor pappershaj som h\u00e4nger i taket).<\/p>\n<p>Talat g\u00e5r fram\u00e5t och nu kan han s\u00e4ga m\u00e5nga olika ord. De senaste \u00e4r att han s\u00e4ger &#8220;prutt&#8221;! d\u00e5 det \u00e4r relevant :p . Och han har \u00e4ven l\u00e4rt sig att s\u00e4ga b\u00e5de sitt eget namn och Alfreds namn.<\/p>\n<p>Och s\u00f6mnstatusen \u00e4r samma som vid 21-m\u00e5nadersinl\u00e4gget.<\/p>\n<p style=\"text-align: center;\"><a href=\"http:\/\/karin.stampis.com\/blog\/wp-content\/uploads\/2018\/06\/DSC_0021_25.jpg\"><img loading=\"lazy\" decoding=\"async\" class=\"aligncenter size-full wp-image-23534\" src=\"http:\/\/karin.stampis.com\/blog\/wp-content\/uploads\/2018\/06\/DSC_0021_25.jpg\" alt=\"\" width=\"799\" height=\"1000\" srcset=\"http:\/\/karin.stampis.com\/blog\/wp-content\/uploads\/2018\/06\/DSC_0021_25.jpg 799w, http:\/\/karin.stampis.com\/blog\/wp-content\/uploads\/2018\/06\/DSC_0021_25-288x360.jpg 288w, http:\/\/karin.stampis.com\/blog\/wp-content\/uploads\/2018\/06\/DSC_0021_25-768x961.jpg 768w\" sizes=\"auto, (max-width: 799px) 100vw, 799px\" \/><\/a><em>22-m\u00e5naders Viktor!<\/em><\/p>\n","protected":false},"excerpt":{"rendered":"<p>D\u00e5 \u00e4r det bara 2 m\u00e5nader kvar till 2-\u00e5rsdagen! Viktor \u00e4r inne i en r\u00e4tt intensiv period, pust! Han har ju r\u00e4tt mycket hum\u00f6r&#8230; Han l\u00e4gger sig ibland ner p\u00e5 golvet och skriker om han inte f\u00e5r som han vill. &hellip; <a href=\"http:\/\/karin.stampis.com\/blog\/?p=23532\">Continue reading <span class=\"meta-nav\">&rarr;<\/span><\/a><\/p>\n","protected":false},"author":1,"featured_media":0,"comment_status":"open","ping_status":"open","sticky":false,"template":"","format":"standard","meta":{"footnotes":""},"categories":[436,445,410,413],"tags":[],"class_list":["post-23532","post","type-post","status-publish","format-standard","hentry","category-436","category-juni-2018","category-viktor","category-viktor-fyller-manad"],"_links":{"self":[{"href":"http:\/\/karin.stampis.com\/blog\/index.php?rest_route=\/wp\/v2\/posts\/23532","targetHints":{"allow":["GET"]}}],"collection":[{"href":"http:\/\/karin.stampis.com\/blog\/index.php?rest_route=\/wp\/v2\/posts"}],"about":[{"href":"http:\/\/karin.stampis.com\/blog\/index.php?rest_route=\/wp\/v2\/types\/post"}],"author":[{"embeddable":true,"href":"http:\/\/karin.stampis.com\/blog\/index.php?rest_route=\/wp\/v2\/users\/1"}],"replies":[{"embeddable":true,"href":"http:\/\/karin.stampis.com\/blog\/index.php?rest_route=%2Fwp%2Fv2%2Fcomments&post=23532"}],"version-history":[{"count":3,"href":"http:\/\/karin.stampis.com\/blog\/index.php?rest_route=\/wp\/v2\/posts\/23532\/revisions"}],"predecessor-version":[{"id":23539,"href":"http:\/\/karin.stampis.com\/blog\/index.php?rest_route=\/wp\/v2\/posts\/23532\/revisions\/23539"}],"wp:attachment":[{"href":"http:\/\/karin.stampis.com\/blog\/index.php?rest_route=%2Fwp%2Fv2%2Fmedia&parent=23532"}],"wp:term":[{"taxonomy":"category","embeddable":true,"href":"http:\/\/karin.stampis.com\/blog\/index.php?rest_route=%2Fwp%2Fv2%2Fcategories&post=23532"},{"taxonomy":"post_tag","embeddable":true,"href":"http:\/\/karin.stampis.com\/blog\/index.php?rest_route=%2Fwp%2Fv2%2Ftags&post=23532"}],"curies":[{"name":"wp","href":"https:\/\/api.w.org\/{rel}","templated":true}]}}