{"id":23549,"date":"2018-06-18T06:41:51","date_gmt":"2018-06-18T05:41:51","guid":{"rendered":"http:\/\/karin.stampis.com\/blog\/?p=23549"},"modified":"2018-06-16T11:42:04","modified_gmt":"2018-06-16T10:42:04","slug":"svenska-flaggans-dag","status":"publish","type":"post","link":"http:\/\/karin.stampis.com\/blog\/?p=23549","title":{"rendered":"Svenska flaggans dag"},"content":{"rendered":"<p>Ligger lite efter h\u00e4r, men h\u00e4r \u00e4r foton fr\u00e5n 6 juni d\u00e5 vi \u00e5kte till Fredriksdals firande av Sveriges nationaldag.<\/p>\n<p style=\"text-align: center;\"><a href=\"http:\/\/karin.stampis.com\/blog\/wp-content\/uploads\/2018\/06\/DSC07408.jpg\"><img loading=\"lazy\" decoding=\"async\" class=\"aligncenter size-full wp-image-23560\" src=\"http:\/\/karin.stampis.com\/blog\/wp-content\/uploads\/2018\/06\/DSC07408.jpg\" alt=\"\" width=\"1000\" height=\"667\" srcset=\"http:\/\/karin.stampis.com\/blog\/wp-content\/uploads\/2018\/06\/DSC07408.jpg 1000w, http:\/\/karin.stampis.com\/blog\/wp-content\/uploads\/2018\/06\/DSC07408-360x240.jpg 360w, http:\/\/karin.stampis.com\/blog\/wp-content\/uploads\/2018\/06\/DSC07408-768x512.jpg 768w\" sizes=\"auto, (max-width: 1000px) 100vw, 1000px\" \/><\/a><em>Skulptur utanf\u00f6r Olympia.<\/em><\/p>\n<p style=\"text-align: center;\"><a href=\"http:\/\/karin.stampis.com\/blog\/wp-content\/uploads\/2018\/06\/DSC_0004_27.jpg\"><img loading=\"lazy\" decoding=\"async\" class=\"aligncenter size-full wp-image-23559\" src=\"http:\/\/karin.stampis.com\/blog\/wp-content\/uploads\/2018\/06\/DSC_0004_27.jpg\" alt=\"\" width=\"1000\" height=\"563\" srcset=\"http:\/\/karin.stampis.com\/blog\/wp-content\/uploads\/2018\/06\/DSC_0004_27.jpg 1000w, http:\/\/karin.stampis.com\/blog\/wp-content\/uploads\/2018\/06\/DSC_0004_27-360x203.jpg 360w, http:\/\/karin.stampis.com\/blog\/wp-content\/uploads\/2018\/06\/DSC_0004_27-768x432.jpg 768w\" sizes=\"auto, (max-width: 1000px) 100vw, 1000px\" \/><\/a><em>Alla fick flaggor p\u00e5 Fredriksdal.<\/em><\/p>\n<p style=\"text-align: center;\"><a href=\"http:\/\/karin.stampis.com\/blog\/wp-content\/uploads\/2018\/06\/DSC07413.jpg\"><img loading=\"lazy\" decoding=\"async\" class=\"aligncenter size-full wp-image-23558\" src=\"http:\/\/karin.stampis.com\/blog\/wp-content\/uploads\/2018\/06\/DSC07413.jpg\" alt=\"\" width=\"1000\" height=\"791\" srcset=\"http:\/\/karin.stampis.com\/blog\/wp-content\/uploads\/2018\/06\/DSC07413.jpg 1000w, http:\/\/karin.stampis.com\/blog\/wp-content\/uploads\/2018\/06\/DSC07413-360x285.jpg 360w, http:\/\/karin.stampis.com\/blog\/wp-content\/uploads\/2018\/06\/DSC07413-768x607.jpg 768w\" sizes=\"auto, (max-width: 1000px) 100vw, 1000px\" \/><\/a><\/p>\n<p style=\"text-align: center;\"><a href=\"http:\/\/karin.stampis.com\/blog\/wp-content\/uploads\/2018\/06\/DSC07418.jpg\"><img loading=\"lazy\" decoding=\"async\" class=\"aligncenter size-full wp-image-23557\" src=\"http:\/\/karin.stampis.com\/blog\/wp-content\/uploads\/2018\/06\/DSC07418.jpg\" alt=\"\" width=\"1000\" height=\"667\" srcset=\"http:\/\/karin.stampis.com\/blog\/wp-content\/uploads\/2018\/06\/DSC07418.jpg 1000w, http:\/\/karin.stampis.com\/blog\/wp-content\/uploads\/2018\/06\/DSC07418-360x240.jpg 360w, http:\/\/karin.stampis.com\/blog\/wp-content\/uploads\/2018\/06\/DSC07418-768x512.jpg 768w\" sizes=\"auto, (max-width: 1000px) 100vw, 1000px\" \/><\/a><em>Hade med picknick hemifr\u00e5n s\u00e5 vi slapp k\u00f6a. En h\u00e4r har lite myror i brallan.<\/em><\/p>\n<p style=\"text-align: center;\"><a href=\"http:\/\/karin.stampis.com\/blog\/wp-content\/uploads\/2018\/06\/DSC07424.jpg\"><img loading=\"lazy\" decoding=\"async\" class=\"aligncenter size-full wp-image-23556\" src=\"http:\/\/karin.stampis.com\/blog\/wp-content\/uploads\/2018\/06\/DSC07424.jpg\" alt=\"\" width=\"1000\" height=\"667\" srcset=\"http:\/\/karin.stampis.com\/blog\/wp-content\/uploads\/2018\/06\/DSC07424.jpg 1000w, http:\/\/karin.stampis.com\/blog\/wp-content\/uploads\/2018\/06\/DSC07424-360x240.jpg 360w, http:\/\/karin.stampis.com\/blog\/wp-content\/uploads\/2018\/06\/DSC07424-768x512.jpg 768w\" sizes=\"auto, (max-width: 1000px) 100vw, 1000px\" \/><\/a><em>Ibland ville Viktor hellre k\u00f6ra barnvagnen \u00e4n sitta i den.<\/em><\/p>\n<p style=\"text-align: center;\"><a href=\"http:\/\/karin.stampis.com\/blog\/wp-content\/uploads\/2018\/06\/DSC_0020_22.jpg\"><img loading=\"lazy\" decoding=\"async\" class=\"aligncenter size-full wp-image-23555\" src=\"http:\/\/karin.stampis.com\/blog\/wp-content\/uploads\/2018\/06\/DSC_0020_22.jpg\" alt=\"\" width=\"1000\" height=\"563\" srcset=\"http:\/\/karin.stampis.com\/blog\/wp-content\/uploads\/2018\/06\/DSC_0020_22.jpg 1000w, http:\/\/karin.stampis.com\/blog\/wp-content\/uploads\/2018\/06\/DSC_0020_22-360x203.jpg 360w, http:\/\/karin.stampis.com\/blog\/wp-content\/uploads\/2018\/06\/DSC_0020_22-768x432.jpg 768w\" sizes=\"auto, (max-width: 1000px) 100vw, 1000px\" \/><\/a><em>Det var sp\u00e4nnande att kolla i alla gamla byggnader.<\/em><\/p>\n<p style=\"text-align: center;\"><a href=\"http:\/\/karin.stampis.com\/blog\/wp-content\/uploads\/2018\/06\/DSC07430.jpg\"><img loading=\"lazy\" decoding=\"async\" class=\"aligncenter size-full wp-image-23554\" src=\"http:\/\/karin.stampis.com\/blog\/wp-content\/uploads\/2018\/06\/DSC07430.jpg\" alt=\"\" width=\"1000\" height=\"667\" srcset=\"http:\/\/karin.stampis.com\/blog\/wp-content\/uploads\/2018\/06\/DSC07430.jpg 1000w, http:\/\/karin.stampis.com\/blog\/wp-content\/uploads\/2018\/06\/DSC07430-360x240.jpg 360w, http:\/\/karin.stampis.com\/blog\/wp-content\/uploads\/2018\/06\/DSC07430-768x512.jpg 768w\" sizes=\"auto, (max-width: 1000px) 100vw, 1000px\" \/><\/a><\/p>\n<p style=\"text-align: center;\"><a href=\"http:\/\/karin.stampis.com\/blog\/wp-content\/uploads\/2018\/06\/DSC07433.jpg\"><img loading=\"lazy\" decoding=\"async\" class=\"aligncenter size-full wp-image-23553\" src=\"http:\/\/karin.stampis.com\/blog\/wp-content\/uploads\/2018\/06\/DSC07433.jpg\" alt=\"\" width=\"1000\" height=\"667\" srcset=\"http:\/\/karin.stampis.com\/blog\/wp-content\/uploads\/2018\/06\/DSC07433.jpg 1000w, http:\/\/karin.stampis.com\/blog\/wp-content\/uploads\/2018\/06\/DSC07433-360x240.jpg 360w, http:\/\/karin.stampis.com\/blog\/wp-content\/uploads\/2018\/06\/DSC07433-768x512.jpg 768w\" sizes=\"auto, (max-width: 1000px) 100vw, 1000px\" \/><\/a><\/p>\n<p style=\"text-align: center;\"><a href=\"http:\/\/karin.stampis.com\/blog\/wp-content\/uploads\/2018\/06\/DSC07434.jpg\"><img loading=\"lazy\" decoding=\"async\" class=\"aligncenter size-full wp-image-23552\" src=\"http:\/\/karin.stampis.com\/blog\/wp-content\/uploads\/2018\/06\/DSC07434.jpg\" alt=\"\" width=\"1000\" height=\"667\" srcset=\"http:\/\/karin.stampis.com\/blog\/wp-content\/uploads\/2018\/06\/DSC07434.jpg 1000w, http:\/\/karin.stampis.com\/blog\/wp-content\/uploads\/2018\/06\/DSC07434-360x240.jpg 360w, http:\/\/karin.stampis.com\/blog\/wp-content\/uploads\/2018\/06\/DSC07434-768x512.jpg 768w\" sizes=\"auto, (max-width: 1000px) 100vw, 1000px\" \/><\/a><em>Rosentr\u00e4dg\u00e5rden var vacker nu.<\/em><\/p>\n<p style=\"text-align: center;\"><a href=\"http:\/\/karin.stampis.com\/blog\/wp-content\/uploads\/2018\/06\/DSC07436.jpg\"><img loading=\"lazy\" decoding=\"async\" class=\"aligncenter size-full wp-image-23551\" src=\"http:\/\/karin.stampis.com\/blog\/wp-content\/uploads\/2018\/06\/DSC07436.jpg\" alt=\"\" width=\"667\" height=\"1000\" srcset=\"http:\/\/karin.stampis.com\/blog\/wp-content\/uploads\/2018\/06\/DSC07436.jpg 667w, http:\/\/karin.stampis.com\/blog\/wp-content\/uploads\/2018\/06\/DSC07436-240x360.jpg 240w\" sizes=\"auto, (max-width: 667px) 100vw, 667px\" \/><\/a><\/p>\n<p style=\"text-align: center;\"><a href=\"http:\/\/karin.stampis.com\/blog\/wp-content\/uploads\/2018\/06\/DSC07440.jpg\"><img loading=\"lazy\" decoding=\"async\" class=\"aligncenter size-full wp-image-23550\" src=\"http:\/\/karin.stampis.com\/blog\/wp-content\/uploads\/2018\/06\/DSC07440.jpg\" alt=\"\" width=\"1000\" height=\"667\" srcset=\"http:\/\/karin.stampis.com\/blog\/wp-content\/uploads\/2018\/06\/DSC07440.jpg 1000w, http:\/\/karin.stampis.com\/blog\/wp-content\/uploads\/2018\/06\/DSC07440-360x240.jpg 360w, http:\/\/karin.stampis.com\/blog\/wp-content\/uploads\/2018\/06\/DSC07440-768x512.jpg 768w\" sizes=\"auto, (max-width: 1000px) 100vw, 1000px\" \/><\/a><em>Lekplatsen<\/em><\/p>\n","protected":false},"excerpt":{"rendered":"<p>Ligger lite efter h\u00e4r, men h\u00e4r \u00e4r foton fr\u00e5n 6 juni d\u00e5 vi \u00e5kte till Fredriksdals firande av Sveriges nationaldag. Skulptur utanf\u00f6r Olympia. Alla fick flaggor p\u00e5 Fredriksdal. Hade med picknick hemifr\u00e5n s\u00e5 vi slapp k\u00f6a. En h\u00e4r har lite &hellip; <a href=\"http:\/\/karin.stampis.com\/blog\/?p=23549\">Continue reading <span class=\"meta-nav\">&rarr;<\/span><\/a><\/p>\n","protected":false},"author":1,"featured_media":0,"comment_status":"open","ping_status":"open","sticky":false,"template":"","format":"standard","meta":{"footnotes":""},"categories":[436,322,445,409,410],"tags":[],"class_list":["post-23549","post","type-post","status-publish","format-standard","hentry","category-436","category-alfred","category-juni-2018","category-syskonen","category-viktor"],"_links":{"self":[{"href":"http:\/\/karin.stampis.com\/blog\/index.php?rest_route=\/wp\/v2\/posts\/23549","targetHints":{"allow":["GET"]}}],"collection":[{"href":"http:\/\/karin.stampis.com\/blog\/index.php?rest_route=\/wp\/v2\/posts"}],"about":[{"href":"http:\/\/karin.stampis.com\/blog\/index.php?rest_route=\/wp\/v2\/types\/post"}],"author":[{"embeddable":true,"href":"http:\/\/karin.stampis.com\/blog\/index.php?rest_route=\/wp\/v2\/users\/1"}],"replies":[{"embeddable":true,"href":"http:\/\/karin.stampis.com\/blog\/index.php?rest_route=%2Fwp%2Fv2%2Fcomments&post=23549"}],"version-history":[{"count":1,"href":"http:\/\/karin.stampis.com\/blog\/index.php?rest_route=\/wp\/v2\/posts\/23549\/revisions"}],"predecessor-version":[{"id":23561,"href":"http:\/\/karin.stampis.com\/blog\/index.php?rest_route=\/wp\/v2\/posts\/23549\/revisions\/23561"}],"wp:attachment":[{"href":"http:\/\/karin.stampis.com\/blog\/index.php?rest_route=%2Fwp%2Fv2%2Fmedia&parent=23549"}],"wp:term":[{"taxonomy":"category","embeddable":true,"href":"http:\/\/karin.stampis.com\/blog\/index.php?rest_route=%2Fwp%2Fv2%2Fcategories&post=23549"},{"taxonomy":"post_tag","embeddable":true,"href":"http:\/\/karin.stampis.com\/blog\/index.php?rest_route=%2Fwp%2Fv2%2Ftags&post=23549"}],"curies":[{"name":"wp","href":"https:\/\/api.w.org\/{rel}","templated":true}]}}