{"id":23563,"date":"2018-06-26T09:25:45","date_gmt":"2018-06-26T08:25:45","guid":{"rendered":"http:\/\/karin.stampis.com\/blog\/?p=23563"},"modified":"2018-06-26T09:25:45","modified_gmt":"2018-06-26T08:25:45","slug":"returhuset","status":"publish","type":"post","link":"http:\/\/karin.stampis.com\/blog\/?p=23563","title":{"rendered":"Returhuset"},"content":{"rendered":"<p>Risigt med tid f\u00f6r bloggande p\u00e5 sistone, men sl\u00e4nger in n\u00e5gra bilder fr\u00e5n d\u00e5 Viktor var p\u00e5 Returhuset f\u00f6rra veckan. Alfred var p\u00e5 kalas i Staffanstorp, s\u00e5 vi passade p\u00e5 att handla lite grejor. Han fick en egen korg att k\u00f6ra runt med vilket han var mycket n\u00f6jd \u00f6ver. Han hittade \u00e4ven barnstolar som han gillade skarpt att sitta p\u00e5 samt organisera i grupp. Han plockade upp en plast-humla som man ska ha i rabatter (tror jag) och den fick h\u00e4nga med honom, dock s\u00e5 f\u00f6rlorade den stackaren b\u00e5de ben och armar :p.<\/p>\n<p><a href=\"http:\/\/karin.stampis.com\/blog\/wp-content\/uploads\/2018\/06\/DSC_0013_31.jpg\"><img loading=\"lazy\" decoding=\"async\" class=\"aligncenter size-full wp-image-23566\" src=\"http:\/\/karin.stampis.com\/blog\/wp-content\/uploads\/2018\/06\/DSC_0013_31.jpg\" alt=\"\" width=\"1000\" height=\"744\" srcset=\"http:\/\/karin.stampis.com\/blog\/wp-content\/uploads\/2018\/06\/DSC_0013_31.jpg 1000w, http:\/\/karin.stampis.com\/blog\/wp-content\/uploads\/2018\/06\/DSC_0013_31-360x268.jpg 360w, http:\/\/karin.stampis.com\/blog\/wp-content\/uploads\/2018\/06\/DSC_0013_31-768x571.jpg 768w\" sizes=\"auto, (max-width: 1000px) 100vw, 1000px\" \/><\/a><\/p>\n<p><a href=\"http:\/\/karin.stampis.com\/blog\/wp-content\/uploads\/2018\/06\/DSC_0016_30.jpg\"><img loading=\"lazy\" decoding=\"async\" class=\"aligncenter size-full wp-image-23565\" src=\"http:\/\/karin.stampis.com\/blog\/wp-content\/uploads\/2018\/06\/DSC_0016_30.jpg\" alt=\"\" width=\"1000\" height=\"563\" srcset=\"http:\/\/karin.stampis.com\/blog\/wp-content\/uploads\/2018\/06\/DSC_0016_30.jpg 1000w, http:\/\/karin.stampis.com\/blog\/wp-content\/uploads\/2018\/06\/DSC_0016_30-360x203.jpg 360w, http:\/\/karin.stampis.com\/blog\/wp-content\/uploads\/2018\/06\/DSC_0016_30-768x432.jpg 768w\" sizes=\"auto, (max-width: 1000px) 100vw, 1000px\" \/><\/a><\/p>\n<p><a href=\"http:\/\/karin.stampis.com\/blog\/wp-content\/uploads\/2018\/06\/DSC_0017_30.jpg\"><img loading=\"lazy\" decoding=\"async\" class=\"aligncenter size-full wp-image-23564\" src=\"http:\/\/karin.stampis.com\/blog\/wp-content\/uploads\/2018\/06\/DSC_0017_30.jpg\" alt=\"\" width=\"720\" height=\"1000\" srcset=\"http:\/\/karin.stampis.com\/blog\/wp-content\/uploads\/2018\/06\/DSC_0017_30.jpg 720w, http:\/\/karin.stampis.com\/blog\/wp-content\/uploads\/2018\/06\/DSC_0017_30-259x360.jpg 259w\" sizes=\"auto, (max-width: 720px) 100vw, 720px\" \/><\/a><\/p>\n","protected":false},"excerpt":{"rendered":"<p>Risigt med tid f\u00f6r bloggande p\u00e5 sistone, men sl\u00e4nger in n\u00e5gra bilder fr\u00e5n d\u00e5 Viktor var p\u00e5 Returhuset f\u00f6rra veckan. Alfred var p\u00e5 kalas i Staffanstorp, s\u00e5 vi passade p\u00e5 att handla lite grejor. Han fick en egen korg att &hellip; <a href=\"http:\/\/karin.stampis.com\/blog\/?p=23563\">Continue reading <span class=\"meta-nav\">&rarr;<\/span><\/a><\/p>\n","protected":false},"author":1,"featured_media":0,"comment_status":"open","ping_status":"open","sticky":false,"template":"","format":"standard","meta":{"footnotes":""},"categories":[436,445,410],"tags":[],"class_list":["post-23563","post","type-post","status-publish","format-standard","hentry","category-436","category-juni-2018","category-viktor"],"_links":{"self":[{"href":"http:\/\/karin.stampis.com\/blog\/index.php?rest_route=\/wp\/v2\/posts\/23563","targetHints":{"allow":["GET"]}}],"collection":[{"href":"http:\/\/karin.stampis.com\/blog\/index.php?rest_route=\/wp\/v2\/posts"}],"about":[{"href":"http:\/\/karin.stampis.com\/blog\/index.php?rest_route=\/wp\/v2\/types\/post"}],"author":[{"embeddable":true,"href":"http:\/\/karin.stampis.com\/blog\/index.php?rest_route=\/wp\/v2\/users\/1"}],"replies":[{"embeddable":true,"href":"http:\/\/karin.stampis.com\/blog\/index.php?rest_route=%2Fwp%2Fv2%2Fcomments&post=23563"}],"version-history":[{"count":1,"href":"http:\/\/karin.stampis.com\/blog\/index.php?rest_route=\/wp\/v2\/posts\/23563\/revisions"}],"predecessor-version":[{"id":23567,"href":"http:\/\/karin.stampis.com\/blog\/index.php?rest_route=\/wp\/v2\/posts\/23563\/revisions\/23567"}],"wp:attachment":[{"href":"http:\/\/karin.stampis.com\/blog\/index.php?rest_route=%2Fwp%2Fv2%2Fmedia&parent=23563"}],"wp:term":[{"taxonomy":"category","embeddable":true,"href":"http:\/\/karin.stampis.com\/blog\/index.php?rest_route=%2Fwp%2Fv2%2Fcategories&post=23563"},{"taxonomy":"post_tag","embeddable":true,"href":"http:\/\/karin.stampis.com\/blog\/index.php?rest_route=%2Fwp%2Fv2%2Ftags&post=23563"}],"curies":[{"name":"wp","href":"https:\/\/api.w.org\/{rel}","templated":true}]}}