{"id":23772,"date":"2018-07-28T09:23:09","date_gmt":"2018-07-28T08:23:09","guid":{"rendered":"http:\/\/karin.stampis.com\/blog\/?p=23772"},"modified":"2018-07-28T09:23:09","modified_gmt":"2018-07-28T08:23:09","slug":"skrylle-3","status":"publish","type":"post","link":"http:\/\/karin.stampis.com\/blog\/?p=23772","title":{"rendered":"Skrylle"},"content":{"rendered":"<p>Jag ligger v\u00e4ldigt mycket efter med inl\u00e4gg &#8211; nu \u00e4r jag v\u00e4l p\u00e5 vad vi gjorde f\u00f6r en ca 10-14 dagar sen. Vi har varit ute p\u00e5 en hel del skogspromenader &#8211; det \u00e4r v\u00e4ldigt sk\u00f6nt i v\u00e4rmen. Vi var bl.a. p\u00e5 en tur i Skrylle, d\u00e5 jag joggade f\u00f6r f\u00f6rsta g\u00e5ngen p\u00e5 l\u00e4nge (och ins\u00e5g att kondisen \u00e4r riktigt risig &#8211; den fina formen jag hade efter ett \u00e5rs f\u00f6r\u00e4ldraledighet med mycket r\u00f6relse f\u00f6rst\u00f6rdes r\u00e4tt l\u00e4tt av kontorslivet&#8230;). Men nu ska det bli mer tr\u00e4ning! Dock \u00e4r det inte s\u00e5 l\u00e4tt i denna v\u00e4rme, men n\u00e5gra g\u00e5nger s\u00e5 har jag kommit ut.<\/p>\n<p style=\"text-align: center;\"><a href=\"http:\/\/karin.stampis.com\/blog\/wp-content\/uploads\/2018\/07\/DSC_0034_23.jpg\"><img loading=\"lazy\" decoding=\"async\" class=\"aligncenter size-full wp-image-23777\" src=\"http:\/\/karin.stampis.com\/blog\/wp-content\/uploads\/2018\/07\/DSC_0034_23.jpg\" alt=\"\" width=\"1000\" height=\"563\" srcset=\"http:\/\/karin.stampis.com\/blog\/wp-content\/uploads\/2018\/07\/DSC_0034_23.jpg 1000w, http:\/\/karin.stampis.com\/blog\/wp-content\/uploads\/2018\/07\/DSC_0034_23-360x203.jpg 360w, http:\/\/karin.stampis.com\/blog\/wp-content\/uploads\/2018\/07\/DSC_0034_23-768x432.jpg 768w\" sizes=\"auto, (max-width: 1000px) 100vw, 1000px\" \/><\/a><em>Alfred motionerar p\u00e5 naturlekplatsen<\/em><\/p>\n<p style=\"text-align: center;\"><a href=\"http:\/\/karin.stampis.com\/blog\/wp-content\/uploads\/2018\/07\/DSC_0040_20.jpg\"><img loading=\"lazy\" decoding=\"async\" class=\"aligncenter size-full wp-image-23776\" src=\"http:\/\/karin.stampis.com\/blog\/wp-content\/uploads\/2018\/07\/DSC_0040_20.jpg\" alt=\"\" width=\"1000\" height=\"563\" srcset=\"http:\/\/karin.stampis.com\/blog\/wp-content\/uploads\/2018\/07\/DSC_0040_20.jpg 1000w, http:\/\/karin.stampis.com\/blog\/wp-content\/uploads\/2018\/07\/DSC_0040_20-360x203.jpg 360w, http:\/\/karin.stampis.com\/blog\/wp-content\/uploads\/2018\/07\/DSC_0040_20-768x432.jpg 768w\" sizes=\"auto, (max-width: 1000px) 100vw, 1000px\" \/><\/a><em>Linbana!<\/em><\/p>\n<p style=\"text-align: center;\"><a href=\"http:\/\/karin.stampis.com\/blog\/wp-content\/uploads\/2018\/07\/DSC_0047_19.jpg\"><img loading=\"lazy\" decoding=\"async\" class=\"aligncenter size-full wp-image-23775\" src=\"http:\/\/karin.stampis.com\/blog\/wp-content\/uploads\/2018\/07\/DSC_0047_19.jpg\" alt=\"\" width=\"621\" height=\"1000\" srcset=\"http:\/\/karin.stampis.com\/blog\/wp-content\/uploads\/2018\/07\/DSC_0047_19.jpg 621w, http:\/\/karin.stampis.com\/blog\/wp-content\/uploads\/2018\/07\/DSC_0047_19-224x360.jpg 224w\" sizes=\"auto, (max-width: 621px) 100vw, 621px\" \/><\/a><em>\u00c4ven Viktor fick \u00e5ka linbana, i s\u00e4llskap med mor sin.<\/em><\/p>\n","protected":false},"excerpt":{"rendered":"<p>Jag ligger v\u00e4ldigt mycket efter med inl\u00e4gg &#8211; nu \u00e4r jag v\u00e4l p\u00e5 vad vi gjorde f\u00f6r en ca 10-14 dagar sen. Vi har varit ute p\u00e5 en hel del skogspromenader &#8211; det \u00e4r v\u00e4ldigt sk\u00f6nt i v\u00e4rmen. Vi var &hellip; <a href=\"http:\/\/karin.stampis.com\/blog\/?p=23772\">Continue reading <span class=\"meta-nav\">&rarr;<\/span><\/a><\/p>\n","protected":false},"author":1,"featured_media":0,"comment_status":"open","ping_status":"open","sticky":false,"template":"","format":"standard","meta":{"footnotes":""},"categories":[436,322,446,410],"tags":[],"class_list":["post-23772","post","type-post","status-publish","format-standard","hentry","category-436","category-alfred","category-juli-2018","category-viktor"],"_links":{"self":[{"href":"http:\/\/karin.stampis.com\/blog\/index.php?rest_route=\/wp\/v2\/posts\/23772","targetHints":{"allow":["GET"]}}],"collection":[{"href":"http:\/\/karin.stampis.com\/blog\/index.php?rest_route=\/wp\/v2\/posts"}],"about":[{"href":"http:\/\/karin.stampis.com\/blog\/index.php?rest_route=\/wp\/v2\/types\/post"}],"author":[{"embeddable":true,"href":"http:\/\/karin.stampis.com\/blog\/index.php?rest_route=\/wp\/v2\/users\/1"}],"replies":[{"embeddable":true,"href":"http:\/\/karin.stampis.com\/blog\/index.php?rest_route=%2Fwp%2Fv2%2Fcomments&post=23772"}],"version-history":[{"count":2,"href":"http:\/\/karin.stampis.com\/blog\/index.php?rest_route=\/wp\/v2\/posts\/23772\/revisions"}],"predecessor-version":[{"id":23778,"href":"http:\/\/karin.stampis.com\/blog\/index.php?rest_route=\/wp\/v2\/posts\/23772\/revisions\/23778"}],"wp:attachment":[{"href":"http:\/\/karin.stampis.com\/blog\/index.php?rest_route=%2Fwp%2Fv2%2Fmedia&parent=23772"}],"wp:term":[{"taxonomy":"category","embeddable":true,"href":"http:\/\/karin.stampis.com\/blog\/index.php?rest_route=%2Fwp%2Fv2%2Fcategories&post=23772"},{"taxonomy":"post_tag","embeddable":true,"href":"http:\/\/karin.stampis.com\/blog\/index.php?rest_route=%2Fwp%2Fv2%2Ftags&post=23772"}],"curies":[{"name":"wp","href":"https:\/\/api.w.org\/{rel}","templated":true}]}}