{"id":23779,"date":"2018-07-29T07:34:43","date_gmt":"2018-07-29T06:34:43","guid":{"rendered":"http:\/\/karin.stampis.com\/blog\/?p=23779"},"modified":"2018-07-28T19:43:23","modified_gmt":"2018-07-28T18:43:23","slug":"tivoli-2","status":"publish","type":"post","link":"http:\/\/karin.stampis.com\/blog\/?p=23779","title":{"rendered":"Tivoli"},"content":{"rendered":"<p>D\u00e5 Lena var och h\u00e4lsade p\u00e5 f\u00f6r ett tag sen s\u00e5 lovade hon Alfred att han skulle f\u00e5 f\u00f6lja med p\u00e5 valfri uflykt till K\u00f6penhamn. Valet fr\u00e5n Alfreds sida f\u00f6ll snabbt p\u00e5 Tivioli. S\u00e5 Lena, Alfred och jag tog t\u00e5get dit och var d\u00e4r fr\u00e5n \u00f6ppning till klockan 7 (fast vi hade kunnat stanna mycket l\u00e4ngre). Tivoli hade ett fiffigt \u00e5kband, d\u00e4r ett barn kunde ta med valfri vuxen p\u00e5 varje tur (s\u00e5 inte tv\u00e5 vuxna beh\u00f6vde k\u00f6pa \u00e5kband). Alfred \u00e5kte massor! Den gamla tr\u00e4-berg-och-dalbanan var hans favorit, men han \u00e5kte allt l\u00e4skigt som man kunde d\u00e5 man \u00e4r strax \u00f6ver 120 cm, bl.a. Aquila. Han hade S\u00c5 roligt (det hade mor hans med \ud83d\ude09 ) !<\/p>\n<p style=\"text-align: center;\"><a href=\"http:\/\/karin.stampis.com\/blog\/wp-content\/uploads\/2018\/07\/DSC07545.jpg\"><img loading=\"lazy\" decoding=\"async\" class=\"aligncenter size-full wp-image-23785\" src=\"http:\/\/karin.stampis.com\/blog\/wp-content\/uploads\/2018\/07\/DSC07545.jpg\" alt=\"\" width=\"667\" height=\"1000\" srcset=\"http:\/\/karin.stampis.com\/blog\/wp-content\/uploads\/2018\/07\/DSC07545.jpg 667w, http:\/\/karin.stampis.com\/blog\/wp-content\/uploads\/2018\/07\/DSC07545-240x360.jpg 240w\" sizes=\"auto, (max-width: 667px) 100vw, 667px\" \/><\/a><em>H\u00e4r n\u00e5gonstans \u00e4r Alfred och Lena<\/em><\/p>\n<p style=\"text-align: center;\"><a href=\"http:\/\/karin.stampis.com\/blog\/wp-content\/uploads\/2018\/07\/DSCN2761.jpg\"><img loading=\"lazy\" decoding=\"async\" class=\"aligncenter size-full wp-image-23834\" src=\"http:\/\/karin.stampis.com\/blog\/wp-content\/uploads\/2018\/07\/DSCN2761.jpg\" alt=\"\" width=\"750\" height=\"1000\" srcset=\"http:\/\/karin.stampis.com\/blog\/wp-content\/uploads\/2018\/07\/DSCN2761.jpg 750w, http:\/\/karin.stampis.com\/blog\/wp-content\/uploads\/2018\/07\/DSCN2761-270x360.jpg 270w\" sizes=\"auto, (max-width: 750px) 100vw, 750px\" \/><\/a><em>Aqulia!<\/em><\/p>\n<p style=\"text-align: center;\"><a href=\"http:\/\/karin.stampis.com\/blog\/wp-content\/uploads\/2018\/07\/DSCN2759.jpg\"><img loading=\"lazy\" decoding=\"async\" class=\"aligncenter size-full wp-image-23835\" src=\"http:\/\/karin.stampis.com\/blog\/wp-content\/uploads\/2018\/07\/DSCN2759.jpg\" alt=\"\" width=\"642\" height=\"1000\" srcset=\"http:\/\/karin.stampis.com\/blog\/wp-content\/uploads\/2018\/07\/DSCN2759.jpg 642w, http:\/\/karin.stampis.com\/blog\/wp-content\/uploads\/2018\/07\/DSCN2759-231x360.jpg 231w\" sizes=\"auto, (max-width: 642px) 100vw, 642px\" \/><\/a><\/p>\n<p style=\"text-align: center;\"><a href=\"http:\/\/karin.stampis.com\/blog\/wp-content\/uploads\/2018\/07\/DSCN2772.jpg\"><img loading=\"lazy\" decoding=\"async\" class=\"aligncenter size-full wp-image-23836\" src=\"http:\/\/karin.stampis.com\/blog\/wp-content\/uploads\/2018\/07\/DSCN2772.jpg\" alt=\"\" width=\"750\" height=\"1000\" srcset=\"http:\/\/karin.stampis.com\/blog\/wp-content\/uploads\/2018\/07\/DSCN2772.jpg 750w, http:\/\/karin.stampis.com\/blog\/wp-content\/uploads\/2018\/07\/DSCN2772-270x360.jpg 270w\" sizes=\"auto, (max-width: 750px) 100vw, 750px\" \/><\/a>I denna attraktionen skulle man dra upp sig sj\u00e4lv. Jag hj\u00e4lpte till (\u00e4ven om det inte syns p\u00e5 fotot \ud83d\ude09 ) , och j\u00e4klar vad det k\u00e4ndes i ryggen :p.<\/p>\n<p style=\"text-align: center;\"><a href=\"http:\/\/karin.stampis.com\/blog\/wp-content\/uploads\/2018\/07\/DSCN2765.jpg\"><img loading=\"lazy\" decoding=\"async\" class=\"aligncenter size-full wp-image-23837\" src=\"http:\/\/karin.stampis.com\/blog\/wp-content\/uploads\/2018\/07\/DSCN2765.jpg\" alt=\"\" width=\"750\" height=\"1000\" srcset=\"http:\/\/karin.stampis.com\/blog\/wp-content\/uploads\/2018\/07\/DSCN2765.jpg 750w, http:\/\/karin.stampis.com\/blog\/wp-content\/uploads\/2018\/07\/DSCN2765-270x360.jpg 270w\" sizes=\"auto, (max-width: 750px) 100vw, 750px\" \/><\/a><em>V\u00e4ntar p\u00e5 mat och ser en berg-och-dalbana rakt \u00f6ver oss.<\/em><\/p>\n<p style=\"text-align: center;\"><em><a href=\"http:\/\/karin.stampis.com\/blog\/wp-content\/uploads\/2018\/07\/DSC07567.jpg\"><img loading=\"lazy\" decoding=\"async\" class=\"aligncenter size-full wp-image-23784\" src=\"http:\/\/karin.stampis.com\/blog\/wp-content\/uploads\/2018\/07\/DSC07567.jpg\" alt=\"\" width=\"1000\" height=\"667\" srcset=\"http:\/\/karin.stampis.com\/blog\/wp-content\/uploads\/2018\/07\/DSC07567.jpg 1000w, http:\/\/karin.stampis.com\/blog\/wp-content\/uploads\/2018\/07\/DSC07567-360x240.jpg 360w, http:\/\/karin.stampis.com\/blog\/wp-content\/uploads\/2018\/07\/DSC07567-768x512.jpg 768w\" sizes=\"auto, (max-width: 1000px) 100vw, 1000px\" \/><\/a>&#8220;Lite f\u00f6r l\u00e5ngsamt&#8221; enligt Alfred.<\/em><\/p>\n<p style=\"text-align: center;\"><a href=\"http:\/\/karin.stampis.com\/blog\/wp-content\/uploads\/2018\/07\/DSC_0043_15.jpg\"><img loading=\"lazy\" decoding=\"async\" class=\"aligncenter size-full wp-image-23783\" src=\"http:\/\/karin.stampis.com\/blog\/wp-content\/uploads\/2018\/07\/DSC_0043_15.jpg\" alt=\"\" width=\"596\" height=\"1000\" srcset=\"http:\/\/karin.stampis.com\/blog\/wp-content\/uploads\/2018\/07\/DSC_0043_15.jpg 596w, http:\/\/karin.stampis.com\/blog\/wp-content\/uploads\/2018\/07\/DSC_0043_15-215x360.jpg 215w\" sizes=\"auto, (max-width: 596px) 100vw, 596px\" \/><\/a><em>Fick \u00e4ntligen smaka p\u00e5 sockervadd!<\/em><\/p>\n<p style=\"text-align: center;\"><a href=\"http:\/\/karin.stampis.com\/blog\/wp-content\/uploads\/2018\/07\/DSC_0044_13.jpg\"><img loading=\"lazy\" decoding=\"async\" class=\"aligncenter size-full wp-image-23782\" src=\"http:\/\/karin.stampis.com\/blog\/wp-content\/uploads\/2018\/07\/DSC_0044_13.jpg\" alt=\"\" width=\"563\" height=\"1000\" srcset=\"http:\/\/karin.stampis.com\/blog\/wp-content\/uploads\/2018\/07\/DSC_0044_13.jpg 563w, http:\/\/karin.stampis.com\/blog\/wp-content\/uploads\/2018\/07\/DSC_0044_13-203x360.jpg 203w\" sizes=\"auto, (max-width: 563px) 100vw, 563px\" \/><\/a><em>Kladdigt&#8230;<\/em><\/p>\n<p style=\"text-align: center;\"><a href=\"http:\/\/karin.stampis.com\/blog\/wp-content\/uploads\/2018\/07\/DSC07570.jpg\"><img loading=\"lazy\" decoding=\"async\" class=\"aligncenter size-full wp-image-23781\" src=\"http:\/\/karin.stampis.com\/blog\/wp-content\/uploads\/2018\/07\/DSC07570.jpg\" alt=\"\" width=\"1000\" height=\"667\" srcset=\"http:\/\/karin.stampis.com\/blog\/wp-content\/uploads\/2018\/07\/DSC07570.jpg 1000w, http:\/\/karin.stampis.com\/blog\/wp-content\/uploads\/2018\/07\/DSC07570-360x240.jpg 360w, http:\/\/karin.stampis.com\/blog\/wp-content\/uploads\/2018\/07\/DSC07570-768x512.jpg 768w\" sizes=\"auto, (max-width: 1000px) 100vw, 1000px\" \/><\/a><em>Vackra tr\u00e4dg\u00e5rdar.<\/em><\/p>\n<p style=\"text-align: center;\"><a href=\"http:\/\/karin.stampis.com\/blog\/wp-content\/uploads\/2018\/07\/DSC07573.jpg\"><img loading=\"lazy\" decoding=\"async\" class=\"aligncenter size-full wp-image-23780\" src=\"http:\/\/karin.stampis.com\/blog\/wp-content\/uploads\/2018\/07\/DSC07573.jpg\" alt=\"\" width=\"821\" height=\"1000\" srcset=\"http:\/\/karin.stampis.com\/blog\/wp-content\/uploads\/2018\/07\/DSC07573.jpg 821w, http:\/\/karin.stampis.com\/blog\/wp-content\/uploads\/2018\/07\/DSC07573-296x360.jpg 296w, http:\/\/karin.stampis.com\/blog\/wp-content\/uploads\/2018\/07\/DSC07573-768x935.jpg 768w\" sizes=\"auto, (max-width: 821px) 100vw, 821px\" \/><\/a><em>Vinkar fr\u00e5n Pariserhjulet.<\/em><\/p>\n<p style=\"text-align: center;\">\n","protected":false},"excerpt":{"rendered":"<p>D\u00e5 Lena var och h\u00e4lsade p\u00e5 f\u00f6r ett tag sen s\u00e5 lovade hon Alfred att han skulle f\u00e5 f\u00f6lja med p\u00e5 valfri uflykt till K\u00f6penhamn. Valet fr\u00e5n Alfreds sida f\u00f6ll snabbt p\u00e5 Tivioli. S\u00e5 Lena, Alfred och jag tog t\u00e5get &hellip; <a href=\"http:\/\/karin.stampis.com\/blog\/?p=23779\">Continue reading <span class=\"meta-nav\">&rarr;<\/span><\/a><\/p>\n","protected":false},"author":1,"featured_media":0,"comment_status":"open","ping_status":"open","sticky":false,"template":"","format":"standard","meta":{"footnotes":""},"categories":[436,322,446],"tags":[],"class_list":["post-23779","post","type-post","status-publish","format-standard","hentry","category-436","category-alfred","category-juli-2018"],"_links":{"self":[{"href":"http:\/\/karin.stampis.com\/blog\/index.php?rest_route=\/wp\/v2\/posts\/23779","targetHints":{"allow":["GET"]}}],"collection":[{"href":"http:\/\/karin.stampis.com\/blog\/index.php?rest_route=\/wp\/v2\/posts"}],"about":[{"href":"http:\/\/karin.stampis.com\/blog\/index.php?rest_route=\/wp\/v2\/types\/post"}],"author":[{"embeddable":true,"href":"http:\/\/karin.stampis.com\/blog\/index.php?rest_route=\/wp\/v2\/users\/1"}],"replies":[{"embeddable":true,"href":"http:\/\/karin.stampis.com\/blog\/index.php?rest_route=%2Fwp%2Fv2%2Fcomments&post=23779"}],"version-history":[{"count":5,"href":"http:\/\/karin.stampis.com\/blog\/index.php?rest_route=\/wp\/v2\/posts\/23779\/revisions"}],"predecessor-version":[{"id":23840,"href":"http:\/\/karin.stampis.com\/blog\/index.php?rest_route=\/wp\/v2\/posts\/23779\/revisions\/23840"}],"wp:attachment":[{"href":"http:\/\/karin.stampis.com\/blog\/index.php?rest_route=%2Fwp%2Fv2%2Fmedia&parent=23779"}],"wp:term":[{"taxonomy":"category","embeddable":true,"href":"http:\/\/karin.stampis.com\/blog\/index.php?rest_route=%2Fwp%2Fv2%2Fcategories&post=23779"},{"taxonomy":"post_tag","embeddable":true,"href":"http:\/\/karin.stampis.com\/blog\/index.php?rest_route=%2Fwp%2Fv2%2Ftags&post=23779"}],"curies":[{"name":"wp","href":"https:\/\/api.w.org\/{rel}","templated":true}]}}