{"id":23953,"date":"2018-08-19T16:07:34","date_gmt":"2018-08-19T15:07:34","guid":{"rendered":"http:\/\/karin.stampis.com\/blog\/?p=23953"},"modified":"2018-08-19T16:07:34","modified_gmt":"2018-08-19T15:07:34","slug":"hemma-med-viktor","status":"publish","type":"post","link":"http:\/\/karin.stampis.com\/blog\/?p=23953","title":{"rendered":"Hemma med Viktor"},"content":{"rendered":"<p>Alfreds skolstart gick fint och han verkar trivas \ud83d\ude42 . Nu denna helgen har Alfred och Jimmy \u00e5kt t\u00e5g till Stockholm, f\u00f6r att h\u00e4mta upp Ywonne och h\u00e4lsa p\u00e5 sl\u00e4kten. S\u00e5 jag \u00e4r ensam hemma med Viktor. Oj vad lugnt det \u00e4r utan syskonbr\u00e5k!! Eller ja, ensam har jag ju inte varit hela tiden, f\u00f6r mommo och moffa har h\u00e4lsat p\u00e5.<\/p>\n<p style=\"text-align: center;\"><a href=\"http:\/\/karin.stampis.com\/blog\/wp-content\/uploads\/2018\/08\/6094132823433154764.jpg\"><img loading=\"lazy\" decoding=\"async\" class=\"aligncenter size-full wp-image-23956\" src=\"http:\/\/karin.stampis.com\/blog\/wp-content\/uploads\/2018\/08\/6094132823433154764.jpg\" alt=\"\" width=\"2048\" height=\"1536\" srcset=\"http:\/\/karin.stampis.com\/blog\/wp-content\/uploads\/2018\/08\/6094132823433154764.jpg 2048w, http:\/\/karin.stampis.com\/blog\/wp-content\/uploads\/2018\/08\/6094132823433154764-360x270.jpg 360w, http:\/\/karin.stampis.com\/blog\/wp-content\/uploads\/2018\/08\/6094132823433154764-768x576.jpg 768w, http:\/\/karin.stampis.com\/blog\/wp-content\/uploads\/2018\/08\/6094132823433154764-1024x768.jpg 1024w\" sizes=\"auto, (max-width: 2048px) 100vw, 2048px\" \/><\/a><em>T\u00e5gkillarna.<\/em><\/p>\n<p style=\"text-align: center;\"><a href=\"http:\/\/karin.stampis.com\/blog\/wp-content\/uploads\/2018\/08\/DSC_0010_41.jpg\"><img loading=\"lazy\" decoding=\"async\" class=\"aligncenter size-full wp-image-23964\" src=\"http:\/\/karin.stampis.com\/blog\/wp-content\/uploads\/2018\/08\/DSC_0010_41.jpg\" alt=\"\" width=\"1000\" height=\"563\" srcset=\"http:\/\/karin.stampis.com\/blog\/wp-content\/uploads\/2018\/08\/DSC_0010_41.jpg 1000w, http:\/\/karin.stampis.com\/blog\/wp-content\/uploads\/2018\/08\/DSC_0010_41-360x203.jpg 360w, http:\/\/karin.stampis.com\/blog\/wp-content\/uploads\/2018\/08\/DSC_0010_41-768x432.jpg 768w\" sizes=\"auto, (max-width: 1000px) 100vw, 1000px\" \/><\/a><em>D\u00e5 vi kom hem p\u00e5 fredagseftermiddagen s\u00e5 regnade det, s\u00e5 vi var inne och lekte.<\/em><\/p>\n<p style=\"text-align: center;\"><a href=\"http:\/\/karin.stampis.com\/blog\/wp-content\/uploads\/2018\/08\/DSC_0011_41.jpg\"><img loading=\"lazy\" decoding=\"async\" class=\"aligncenter size-full wp-image-23963\" src=\"http:\/\/karin.stampis.com\/blog\/wp-content\/uploads\/2018\/08\/DSC_0011_41.jpg\" alt=\"\" width=\"1000\" height=\"563\" srcset=\"http:\/\/karin.stampis.com\/blog\/wp-content\/uploads\/2018\/08\/DSC_0011_41.jpg 1000w, http:\/\/karin.stampis.com\/blog\/wp-content\/uploads\/2018\/08\/DSC_0011_41-360x203.jpg 360w, http:\/\/karin.stampis.com\/blog\/wp-content\/uploads\/2018\/08\/DSC_0011_41-768x432.jpg 768w\" sizes=\"auto, (max-width: 1000px) 100vw, 1000px\" \/><\/a><em>Favoritr\u00e4tten till fredagsmiddag.<\/em><\/p>\n<p style=\"text-align: center;\"><a href=\"http:\/\/karin.stampis.com\/blog\/wp-content\/uploads\/2018\/08\/DSC_0012_40.jpg\"><img loading=\"lazy\" decoding=\"async\" class=\"aligncenter size-full wp-image-23962\" src=\"http:\/\/karin.stampis.com\/blog\/wp-content\/uploads\/2018\/08\/DSC_0012_40.jpg\" alt=\"\" width=\"563\" height=\"1000\" srcset=\"http:\/\/karin.stampis.com\/blog\/wp-content\/uploads\/2018\/08\/DSC_0012_40.jpg 563w, http:\/\/karin.stampis.com\/blog\/wp-content\/uploads\/2018\/08\/DSC_0012_40-203x360.jpg 203w\" sizes=\"auto, (max-width: 563px) 100vw, 563px\" \/><\/a><em>Kv\u00e4llsbad. Viktor har l\u00e4rt sig hur vatten och duschen startas nu&#8230;<br \/>\n<\/em><\/p>\n<p style=\"text-align: center;\"><a href=\"http:\/\/karin.stampis.com\/blog\/wp-content\/uploads\/2018\/08\/DSC_0014_37.jpg\"><img loading=\"lazy\" decoding=\"async\" class=\"aligncenter size-full wp-image-23961\" src=\"http:\/\/karin.stampis.com\/blog\/wp-content\/uploads\/2018\/08\/DSC_0014_37.jpg\" alt=\"\" width=\"563\" height=\"1000\" srcset=\"http:\/\/karin.stampis.com\/blog\/wp-content\/uploads\/2018\/08\/DSC_0014_37.jpg 563w, http:\/\/karin.stampis.com\/blog\/wp-content\/uploads\/2018\/08\/DSC_0014_37-203x360.jpg 203w\" sizes=\"auto, (max-width: 563px) 100vw, 563px\" \/><\/a><em>&#8220;Fiiiiiisk!&#8221; ropar han.<\/em><\/p>\n<p style=\"text-align: center;\"><a href=\"http:\/\/karin.stampis.com\/blog\/wp-content\/uploads\/2018\/08\/DSC_0018_37.jpg\"><img loading=\"lazy\" decoding=\"async\" class=\"aligncenter size-full wp-image-23966\" src=\"http:\/\/karin.stampis.com\/blog\/wp-content\/uploads\/2018\/08\/DSC_0018_37.jpg\" alt=\"\" width=\"1000\" height=\"563\" srcset=\"http:\/\/karin.stampis.com\/blog\/wp-content\/uploads\/2018\/08\/DSC_0018_37.jpg 1000w, http:\/\/karin.stampis.com\/blog\/wp-content\/uploads\/2018\/08\/DSC_0018_37-360x203.jpg 360w, http:\/\/karin.stampis.com\/blog\/wp-content\/uploads\/2018\/08\/DSC_0018_37-768x432.jpg 768w\" sizes=\"auto, (max-width: 1000px) 100vw, 1000px\" \/><\/a><em>Lugn frukost s\u00e5 mamma kunde l\u00e4sa tidningen, yeah!<\/em><\/p>\n<p style=\"text-align: center;\"><a href=\"http:\/\/karin.stampis.com\/blog\/wp-content\/uploads\/2018\/08\/DSC_0026_30.jpg\"><img loading=\"lazy\" decoding=\"async\" class=\"aligncenter size-full wp-image-23957\" src=\"http:\/\/karin.stampis.com\/blog\/wp-content\/uploads\/2018\/08\/DSC_0026_30.jpg\" alt=\"\" width=\"1000\" height=\"563\" srcset=\"http:\/\/karin.stampis.com\/blog\/wp-content\/uploads\/2018\/08\/DSC_0026_30.jpg 1000w, http:\/\/karin.stampis.com\/blog\/wp-content\/uploads\/2018\/08\/DSC_0026_30-360x203.jpg 360w, http:\/\/karin.stampis.com\/blog\/wp-content\/uploads\/2018\/08\/DSC_0026_30-768x432.jpg 768w\" sizes=\"auto, (max-width: 1000px) 100vw, 1000px\" \/><\/a><em>P\u00e5 morgon\/f\u00f6rmiddag var vi ute och fixade i tr\u00e4dg\u00e5rden. Viktor gillar och hj\u00e4lpa till. Nu finns det knappt en maskros kvar ;). H\u00e4rligt att den tidigare helt gula gr\u00e4smatten \u00e4ndrat f\u00e4rg nu efter lite regn. Viktor \u00e4lskar tr\u00e4dg\u00e5rden och alla dess leksaker, &#8220;b\u00e5ten&#8221; bakom rutschbanan \u00e4r mycket popul\u00e4r.<\/em><\/p>\n<p style=\"text-align: center;\"><a href=\"http:\/\/karin.stampis.com\/blog\/wp-content\/uploads\/2018\/08\/DSC_0016_37.jpg\"><img loading=\"lazy\" decoding=\"async\" class=\"aligncenter size-full wp-image-23960\" src=\"http:\/\/karin.stampis.com\/blog\/wp-content\/uploads\/2018\/08\/DSC_0016_37.jpg\" alt=\"\" width=\"1000\" height=\"563\" srcset=\"http:\/\/karin.stampis.com\/blog\/wp-content\/uploads\/2018\/08\/DSC_0016_37.jpg 1000w, http:\/\/karin.stampis.com\/blog\/wp-content\/uploads\/2018\/08\/DSC_0016_37-360x203.jpg 360w, http:\/\/karin.stampis.com\/blog\/wp-content\/uploads\/2018\/08\/DSC_0016_37-768x432.jpg 768w\" sizes=\"auto, (max-width: 1000px) 100vw, 1000px\" \/><\/a><em>Tr\u00e4dg\u00e5rden h\u00e4mtar sig nu d\u00e5 det kommit mer regn. Magnolian hade tappat massor med l\u00f6v men nu \u00e4r det nya knoppar p\u00e5 den.<\/em><a href=\"http:\/\/karin.stampis.com\/blog\/wp-content\/uploads\/2018\/08\/DSC_0017_37.jpg\"><img loading=\"lazy\" decoding=\"async\" class=\"aligncenter size-full wp-image-23959\" src=\"http:\/\/karin.stampis.com\/blog\/wp-content\/uploads\/2018\/08\/DSC_0017_37.jpg\" alt=\"\" width=\"1000\" height=\"563\" srcset=\"http:\/\/karin.stampis.com\/blog\/wp-content\/uploads\/2018\/08\/DSC_0017_37.jpg 1000w, http:\/\/karin.stampis.com\/blog\/wp-content\/uploads\/2018\/08\/DSC_0017_37-360x203.jpg 360w, http:\/\/karin.stampis.com\/blog\/wp-content\/uploads\/2018\/08\/DSC_0017_37-768x432.jpg 768w\" sizes=\"auto, (max-width: 1000px) 100vw, 1000px\" \/><\/a><\/p>\n<p style=\"text-align: center;\"><a href=\"http:\/\/karin.stampis.com\/blog\/wp-content\/uploads\/2018\/08\/DSC_0021_32.jpg\"><img loading=\"lazy\" decoding=\"async\" class=\"aligncenter size-full wp-image-23958\" src=\"http:\/\/karin.stampis.com\/blog\/wp-content\/uploads\/2018\/08\/DSC_0021_32.jpg\" alt=\"\" width=\"563\" height=\"1000\" srcset=\"http:\/\/karin.stampis.com\/blog\/wp-content\/uploads\/2018\/08\/DSC_0021_32.jpg 563w, http:\/\/karin.stampis.com\/blog\/wp-content\/uploads\/2018\/08\/DSC_0021_32-203x360.jpg 203w\" sizes=\"auto, (max-width: 563px) 100vw, 563px\" \/><\/a><em>Egna handskar beh\u00f6vs d\u00e5 man hj\u00e4lper till!<\/em><\/p>\n<p style=\"text-align: center;\"><a href=\"http:\/\/karin.stampis.com\/blog\/wp-content\/uploads\/2018\/08\/DSC_0002_57.jpg\"><img loading=\"lazy\" decoding=\"async\" class=\"aligncenter size-full wp-image-24010\" src=\"http:\/\/karin.stampis.com\/blog\/wp-content\/uploads\/2018\/08\/DSC_0002_57.jpg\" alt=\"\" width=\"563\" height=\"1000\" srcset=\"http:\/\/karin.stampis.com\/blog\/wp-content\/uploads\/2018\/08\/DSC_0002_57.jpg 563w, http:\/\/karin.stampis.com\/blog\/wp-content\/uploads\/2018\/08\/DSC_0002_57-203x360.jpg 203w\" sizes=\"auto, (max-width: 563px) 100vw, 563px\" \/><\/a><em>Sen kom Mommo och Moffa p\u00e5 l\u00f6rdagseftermiddagen och d\u00e5 gick vi en runda i Dalby S\u00f6derskog.<\/em><\/p>\n<p style=\"text-align: center;\"><em><a href=\"http:\/\/karin.stampis.com\/blog\/wp-content\/uploads\/2018\/08\/DSC_0003_57.jpg\"><img loading=\"lazy\" decoding=\"async\" class=\"aligncenter size-full wp-image-24009\" src=\"http:\/\/karin.stampis.com\/blog\/wp-content\/uploads\/2018\/08\/DSC_0003_57.jpg\" alt=\"\" width=\"563\" height=\"1000\" srcset=\"http:\/\/karin.stampis.com\/blog\/wp-content\/uploads\/2018\/08\/DSC_0003_57.jpg 563w, http:\/\/karin.stampis.com\/blog\/wp-content\/uploads\/2018\/08\/DSC_0003_57-203x360.jpg 203w\" sizes=\"auto, (max-width: 563px) 100vw, 563px\" \/><\/a>Eller gick och gick &#8211; vissa sprang.<\/em><\/p>\n<p style=\"text-align: center;\"><em><a href=\"http:\/\/karin.stampis.com\/blog\/wp-content\/uploads\/2018\/08\/DSC_0006_55.jpg\"><img loading=\"lazy\" decoding=\"async\" class=\"aligncenter size-full wp-image-24008\" src=\"http:\/\/karin.stampis.com\/blog\/wp-content\/uploads\/2018\/08\/DSC_0006_55.jpg\" alt=\"\" width=\"1000\" height=\"563\" srcset=\"http:\/\/karin.stampis.com\/blog\/wp-content\/uploads\/2018\/08\/DSC_0006_55.jpg 1000w, http:\/\/karin.stampis.com\/blog\/wp-content\/uploads\/2018\/08\/DSC_0006_55-360x203.jpg 360w, http:\/\/karin.stampis.com\/blog\/wp-content\/uploads\/2018\/08\/DSC_0006_55-768x432.jpg 768w\" sizes=\"auto, (max-width: 1000px) 100vw, 1000px\" \/><\/a>Och satte sig i en grop i Dalby Hage.<\/em><\/p>\n<p style=\"text-align: center;\"><em><a href=\"http:\/\/karin.stampis.com\/blog\/wp-content\/uploads\/2018\/08\/DSC_0007_53.jpg\"><img loading=\"lazy\" decoding=\"async\" class=\"aligncenter size-full wp-image-24007\" src=\"http:\/\/karin.stampis.com\/blog\/wp-content\/uploads\/2018\/08\/DSC_0007_53.jpg\" alt=\"\" width=\"988\" height=\"1000\" srcset=\"http:\/\/karin.stampis.com\/blog\/wp-content\/uploads\/2018\/08\/DSC_0007_53.jpg 988w, http:\/\/karin.stampis.com\/blog\/wp-content\/uploads\/2018\/08\/DSC_0007_53-356x360.jpg 356w, http:\/\/karin.stampis.com\/blog\/wp-content\/uploads\/2018\/08\/DSC_0007_53-768x777.jpg 768w\" sizes=\"auto, (max-width: 988px) 100vw, 988px\" \/><\/a>Sen var det mys i soffan. Moffa i bakgrunden plockar leksaker.<\/em><\/p>\n<p>P\u00e5 s\u00f6ndagen \u00e5kte vi en runda och handlade. Nu har p\u00e4ronen \u00e5kt s\u00e5 nu v\u00e4ntar jag p\u00e5 grabbarna som k\u00f6rt ner fr\u00e5n huvudstaden.<\/p>\n<p style=\"text-align: center;\">\n","protected":false},"excerpt":{"rendered":"<p>Alfreds skolstart gick fint och han verkar trivas \ud83d\ude42 . Nu denna helgen har Alfred och Jimmy \u00e5kt t\u00e5g till Stockholm, f\u00f6r att h\u00e4mta upp Ywonne och h\u00e4lsa p\u00e5 sl\u00e4kten. S\u00e5 jag \u00e4r ensam hemma med Viktor. Oj vad lugnt &hellip; <a href=\"http:\/\/karin.stampis.com\/blog\/?p=23953\">Continue reading <span class=\"meta-nav\">&rarr;<\/span><\/a><\/p>\n","protected":false},"author":1,"featured_media":0,"comment_status":"open","ping_status":"open","sticky":false,"template":"","format":"standard","meta":{"footnotes":""},"categories":[436,322,449,410],"tags":[],"class_list":["post-23953","post","type-post","status-publish","format-standard","hentry","category-436","category-alfred","category-augusti-2018","category-viktor"],"_links":{"self":[{"href":"http:\/\/karin.stampis.com\/blog\/index.php?rest_route=\/wp\/v2\/posts\/23953","targetHints":{"allow":["GET"]}}],"collection":[{"href":"http:\/\/karin.stampis.com\/blog\/index.php?rest_route=\/wp\/v2\/posts"}],"about":[{"href":"http:\/\/karin.stampis.com\/blog\/index.php?rest_route=\/wp\/v2\/types\/post"}],"author":[{"embeddable":true,"href":"http:\/\/karin.stampis.com\/blog\/index.php?rest_route=\/wp\/v2\/users\/1"}],"replies":[{"embeddable":true,"href":"http:\/\/karin.stampis.com\/blog\/index.php?rest_route=%2Fwp%2Fv2%2Fcomments&post=23953"}],"version-history":[{"count":4,"href":"http:\/\/karin.stampis.com\/blog\/index.php?rest_route=\/wp\/v2\/posts\/23953\/revisions"}],"predecessor-version":[{"id":24012,"href":"http:\/\/karin.stampis.com\/blog\/index.php?rest_route=\/wp\/v2\/posts\/23953\/revisions\/24012"}],"wp:attachment":[{"href":"http:\/\/karin.stampis.com\/blog\/index.php?rest_route=%2Fwp%2Fv2%2Fmedia&parent=23953"}],"wp:term":[{"taxonomy":"category","embeddable":true,"href":"http:\/\/karin.stampis.com\/blog\/index.php?rest_route=%2Fwp%2Fv2%2Fcategories&post=23953"},{"taxonomy":"post_tag","embeddable":true,"href":"http:\/\/karin.stampis.com\/blog\/index.php?rest_route=%2Fwp%2Fv2%2Ftags&post=23953"}],"curies":[{"name":"wp","href":"https:\/\/api.w.org\/{rel}","templated":true}]}}