{"id":23982,"date":"2018-08-22T07:43:05","date_gmt":"2018-08-22T06:43:05","guid":{"rendered":"http:\/\/karin.stampis.com\/blog\/?p=23982"},"modified":"2018-08-19T15:55:45","modified_gmt":"2018-08-19T14:55:45","slug":"diverse-fran-landet","status":"publish","type":"post","link":"http:\/\/karin.stampis.com\/blog\/?p=23982","title":{"rendered":"Diverse fr\u00e5n landet"},"content":{"rendered":"<p>Lite sm\u00e5tt och gott fr\u00e5n turen till landet under semesterns sista vecka. Vi hade inte direkt tur med v\u00e4dret &#8211; regnet som g\u00e4ckat oss hela sommaren best\u00e4mde sig f\u00f6r att dyka upp under denna veckan. Men man kan inte klaga p\u00e5 det, naturen beh\u00f6vde det verkligen och vi har ju f\u00e5tt en r\u00e4tt hygglig dos sol i sommar.<\/p>\n<p style=\"text-align: center;\"><a href=\"http:\/\/karin.stampis.com\/blog\/wp-content\/uploads\/2018\/08\/DSC_0089.jpg\"><img loading=\"lazy\" decoding=\"async\" class=\"aligncenter size-full wp-image-23993\" src=\"http:\/\/karin.stampis.com\/blog\/wp-content\/uploads\/2018\/08\/DSC_0089.jpg\" alt=\"\" width=\"1000\" height=\"563\" srcset=\"http:\/\/karin.stampis.com\/blog\/wp-content\/uploads\/2018\/08\/DSC_0089.jpg 1000w, http:\/\/karin.stampis.com\/blog\/wp-content\/uploads\/2018\/08\/DSC_0089-360x203.jpg 360w, http:\/\/karin.stampis.com\/blog\/wp-content\/uploads\/2018\/08\/DSC_0089-768x432.jpg 768w\" sizes=\"auto, (max-width: 1000px) 100vw, 1000px\" \/><\/a><em>Alfred fick lite egentid med pappa d\u00e5 jag var hos mommo och moffa med Vicke. D\u00e5 spelade de spel.<\/em><\/p>\n<p style=\"text-align: center;\"><a href=\"http:\/\/karin.stampis.com\/blog\/wp-content\/uploads\/2018\/08\/DSC_0093_12-2-1.jpg\"><img loading=\"lazy\" decoding=\"async\" class=\"aligncenter size-full wp-image-23992\" src=\"http:\/\/karin.stampis.com\/blog\/wp-content\/uploads\/2018\/08\/DSC_0093_12-2-1.jpg\" alt=\"\" width=\"1000\" height=\"563\" srcset=\"http:\/\/karin.stampis.com\/blog\/wp-content\/uploads\/2018\/08\/DSC_0093_12-2-1.jpg 1000w, http:\/\/karin.stampis.com\/blog\/wp-content\/uploads\/2018\/08\/DSC_0093_12-2-1-360x203.jpg 360w, http:\/\/karin.stampis.com\/blog\/wp-content\/uploads\/2018\/08\/DSC_0093_12-2-1-768x432.jpg 768w\" sizes=\"auto, (max-width: 1000px) 100vw, 1000px\" \/><\/a><em>Alfred satt uppe en kv\u00e4ll och l\u00e4ste en bok h\u00f6gt f\u00f6r oss.<\/em><\/p>\n<p><a href=\"http:\/\/karin.stampis.com\/blog\/wp-content\/uploads\/2018\/08\/DSC_0098_11.jpg\"><img loading=\"lazy\" decoding=\"async\" class=\"aligncenter size-full wp-image-23991\" src=\"http:\/\/karin.stampis.com\/blog\/wp-content\/uploads\/2018\/08\/DSC_0098_11.jpg\" alt=\"\" width=\"1000\" height=\"563\" srcset=\"http:\/\/karin.stampis.com\/blog\/wp-content\/uploads\/2018\/08\/DSC_0098_11.jpg 1000w, http:\/\/karin.stampis.com\/blog\/wp-content\/uploads\/2018\/08\/DSC_0098_11-360x203.jpg 360w, http:\/\/karin.stampis.com\/blog\/wp-content\/uploads\/2018\/08\/DSC_0098_11-768x432.jpg 768w\" sizes=\"auto, (max-width: 1000px) 100vw, 1000px\" \/><\/a><em>En dag skulle vi kolla p\u00e5 uterum i B\u00e5stad och handla mat, men s\u00e5 hamnade vi Halland d\u00e4r vi k\u00e4kade lunch och handlade mat. Killarna var duktiga p\u00e5 att \u00e4ta lunch ute. Alfred tog v\u00e4ldigt m\u00e5nga kakor, och Viktor kommunicerade med hela kroppen s\u00e5 att vi var lite oroliga att han skulle s\u00e4tta gaffeln i armen p\u00e5 mannen som satt bredvid :p.<\/em><\/p>\n<p style=\"text-align: center;\"><a href=\"http:\/\/karin.stampis.com\/blog\/wp-content\/uploads\/2018\/08\/DSC_0105_11.jpg\"><img loading=\"lazy\" decoding=\"async\" class=\"aligncenter size-full wp-image-23990\" src=\"http:\/\/karin.stampis.com\/blog\/wp-content\/uploads\/2018\/08\/DSC_0105_11.jpg\" alt=\"\" width=\"1000\" height=\"563\" srcset=\"http:\/\/karin.stampis.com\/blog\/wp-content\/uploads\/2018\/08\/DSC_0105_11.jpg 1000w, http:\/\/karin.stampis.com\/blog\/wp-content\/uploads\/2018\/08\/DSC_0105_11-360x203.jpg 360w, http:\/\/karin.stampis.com\/blog\/wp-content\/uploads\/2018\/08\/DSC_0105_11-768x432.jpg 768w\" sizes=\"auto, (max-width: 1000px) 100vw, 1000px\" \/><\/a><em>P\u00e4ronen passade kidsen en stund s\u00e5 vi kunde ta en fin kv\u00e4llspromenad.<\/em><\/p>\n<p style=\"text-align: center;\"><a href=\"http:\/\/karin.stampis.com\/blog\/wp-content\/uploads\/2018\/08\/DSC07709.jpg\"><img loading=\"lazy\" decoding=\"async\" class=\"aligncenter size-full wp-image-23989\" src=\"http:\/\/karin.stampis.com\/blog\/wp-content\/uploads\/2018\/08\/DSC07709.jpg\" alt=\"\" width=\"1000\" height=\"667\" srcset=\"http:\/\/karin.stampis.com\/blog\/wp-content\/uploads\/2018\/08\/DSC07709.jpg 1000w, http:\/\/karin.stampis.com\/blog\/wp-content\/uploads\/2018\/08\/DSC07709-360x240.jpg 360w, http:\/\/karin.stampis.com\/blog\/wp-content\/uploads\/2018\/08\/DSC07709-768x512.jpg 768w\" sizes=\"auto, (max-width: 1000px) 100vw, 1000px\" \/><\/a><em>Efter festen fanns det en massa ballonger att leka med. Eller f\u00f6rs\u00f6ka ta s\u00f6nder&#8230; De \u00e4r iaf inte r\u00e4dda f\u00f6r ljudet av ballonger som sm\u00e4lls.<\/em><\/p>\n<p style=\"text-align: center;\"><a href=\"http:\/\/karin.stampis.com\/blog\/wp-content\/uploads\/2018\/08\/DSC07717.jpg\"><img loading=\"lazy\" decoding=\"async\" class=\"size-full wp-image-23988 alignnone\" src=\"http:\/\/karin.stampis.com\/blog\/wp-content\/uploads\/2018\/08\/DSC07717.jpg\" alt=\"\" width=\"1000\" height=\"667\" srcset=\"http:\/\/karin.stampis.com\/blog\/wp-content\/uploads\/2018\/08\/DSC07717.jpg 1000w, http:\/\/karin.stampis.com\/blog\/wp-content\/uploads\/2018\/08\/DSC07717-360x240.jpg 360w, http:\/\/karin.stampis.com\/blog\/wp-content\/uploads\/2018\/08\/DSC07717-768x512.jpg 768w\" sizes=\"auto, (max-width: 1000px) 100vw, 1000px\" \/><\/a><em>Endel gungande blev det.<\/em><\/p>\n<p style=\"text-align: center;\"><a href=\"http:\/\/karin.stampis.com\/blog\/wp-content\/uploads\/2018\/08\/DSC_0122_9-1.jpg\"><img loading=\"lazy\" decoding=\"async\" class=\"aligncenter size-full wp-image-23987\" src=\"http:\/\/karin.stampis.com\/blog\/wp-content\/uploads\/2018\/08\/DSC_0122_9-1.jpg\" alt=\"\" width=\"1000\" height=\"563\" srcset=\"http:\/\/karin.stampis.com\/blog\/wp-content\/uploads\/2018\/08\/DSC_0122_9-1.jpg 1000w, http:\/\/karin.stampis.com\/blog\/wp-content\/uploads\/2018\/08\/DSC_0122_9-1-360x203.jpg 360w, http:\/\/karin.stampis.com\/blog\/wp-content\/uploads\/2018\/08\/DSC_0122_9-1-768x432.jpg 768w\" sizes=\"auto, (max-width: 1000px) 100vw, 1000px\" \/><\/a><em>Vi var hos Eva och Kjell och \u00e5t ostbricka och killarna tyckte det var superkul att leka med kattungarna.<\/em><\/p>\n<p style=\"text-align: center;\"><a href=\"http:\/\/karin.stampis.com\/blog\/wp-content\/uploads\/2018\/08\/DSC_0001_54.jpg\"><img loading=\"lazy\" decoding=\"async\" class=\"aligncenter size-full wp-image-23986\" src=\"http:\/\/karin.stampis.com\/blog\/wp-content\/uploads\/2018\/08\/DSC_0001_54.jpg\" alt=\"\" width=\"1000\" height=\"563\" srcset=\"http:\/\/karin.stampis.com\/blog\/wp-content\/uploads\/2018\/08\/DSC_0001_54.jpg 1000w, http:\/\/karin.stampis.com\/blog\/wp-content\/uploads\/2018\/08\/DSC_0001_54-360x203.jpg 360w, http:\/\/karin.stampis.com\/blog\/wp-content\/uploads\/2018\/08\/DSC_0001_54-768x432.jpg 768w\" sizes=\"auto, (max-width: 1000px) 100vw, 1000px\" \/><\/a><em>En leksak som Viktor fick var bra att anv\u00e4nda f\u00f6r att massera benen (dessa h\u00e5riga ben \u00e4r dock Jimmys \ud83d\ude09 ) . Det var dock ett kortvarigt n\u00f6je eftersom Viktor sen kn\u00e4ckte hela st\u00e5ngen :p.<\/em><\/p>\n<p style=\"text-align: center;\"><a href=\"http:\/\/karin.stampis.com\/blog\/wp-content\/uploads\/2018\/08\/DSC_0024_32.jpg\"><img loading=\"lazy\" decoding=\"async\" class=\"aligncenter size-full wp-image-23985\" src=\"http:\/\/karin.stampis.com\/blog\/wp-content\/uploads\/2018\/08\/DSC_0024_32.jpg\" alt=\"\" width=\"1000\" height=\"563\" srcset=\"http:\/\/karin.stampis.com\/blog\/wp-content\/uploads\/2018\/08\/DSC_0024_32.jpg 1000w, http:\/\/karin.stampis.com\/blog\/wp-content\/uploads\/2018\/08\/DSC_0024_32-360x203.jpg 360w, http:\/\/karin.stampis.com\/blog\/wp-content\/uploads\/2018\/08\/DSC_0024_32-768x432.jpg 768w\" sizes=\"auto, (max-width: 1000px) 100vw, 1000px\" \/><\/a><em>Viktor tycker det \u00e4r j\u00e4ttekul att han har h\u00e4ngt upp traktorn i lampan \ud83d\ude42 .<\/em><\/p>\n<p style=\"text-align: center;\"><a href=\"http:\/\/karin.stampis.com\/blog\/wp-content\/uploads\/2018\/08\/DSC_0004_54.jpg\"><img loading=\"lazy\" decoding=\"async\" class=\"aligncenter size-full wp-image-23984\" src=\"http:\/\/karin.stampis.com\/blog\/wp-content\/uploads\/2018\/08\/DSC_0004_54.jpg\" alt=\"\" width=\"1000\" height=\"563\" srcset=\"http:\/\/karin.stampis.com\/blog\/wp-content\/uploads\/2018\/08\/DSC_0004_54.jpg 1000w, http:\/\/karin.stampis.com\/blog\/wp-content\/uploads\/2018\/08\/DSC_0004_54-360x203.jpg 360w, http:\/\/karin.stampis.com\/blog\/wp-content\/uploads\/2018\/08\/DSC_0004_54-768x432.jpg 768w\" sizes=\"auto, (max-width: 1000px) 100vw, 1000px\" \/><\/a>P\u00e5 Viktors riktiga f\u00f6delsedag s\u00e5 blev det en liten t\u00e5rtbjudning med mommo och moffa. Jag hade \u00e4ven bokat in en fotograf f\u00f6r att ta lite fina familjebilder, ehuuuuum, det gick ju lite s\u00e5d\u00e4r :p . Vi f\u00e5r se.<\/p>\n","protected":false},"excerpt":{"rendered":"<p>Lite sm\u00e5tt och gott fr\u00e5n turen till landet under semesterns sista vecka. Vi hade inte direkt tur med v\u00e4dret &#8211; regnet som g\u00e4ckat oss hela sommaren best\u00e4mde sig f\u00f6r att dyka upp under denna veckan. Men man kan inte klaga &hellip; <a href=\"http:\/\/karin.stampis.com\/blog\/?p=23982\">Continue reading <span class=\"meta-nav\">&rarr;<\/span><\/a><\/p>\n","protected":false},"author":1,"featured_media":0,"comment_status":"open","ping_status":"open","sticky":false,"template":"","format":"standard","meta":{"footnotes":""},"categories":[436,322,449,410],"tags":[],"class_list":["post-23982","post","type-post","status-publish","format-standard","hentry","category-436","category-alfred","category-augusti-2018","category-viktor"],"_links":{"self":[{"href":"http:\/\/karin.stampis.com\/blog\/index.php?rest_route=\/wp\/v2\/posts\/23982","targetHints":{"allow":["GET"]}}],"collection":[{"href":"http:\/\/karin.stampis.com\/blog\/index.php?rest_route=\/wp\/v2\/posts"}],"about":[{"href":"http:\/\/karin.stampis.com\/blog\/index.php?rest_route=\/wp\/v2\/types\/post"}],"author":[{"embeddable":true,"href":"http:\/\/karin.stampis.com\/blog\/index.php?rest_route=\/wp\/v2\/users\/1"}],"replies":[{"embeddable":true,"href":"http:\/\/karin.stampis.com\/blog\/index.php?rest_route=%2Fwp%2Fv2%2Fcomments&post=23982"}],"version-history":[{"count":6,"href":"http:\/\/karin.stampis.com\/blog\/index.php?rest_route=\/wp\/v2\/posts\/23982\/revisions"}],"predecessor-version":[{"id":23998,"href":"http:\/\/karin.stampis.com\/blog\/index.php?rest_route=\/wp\/v2\/posts\/23982\/revisions\/23998"}],"wp:attachment":[{"href":"http:\/\/karin.stampis.com\/blog\/index.php?rest_route=%2Fwp%2Fv2%2Fmedia&parent=23982"}],"wp:term":[{"taxonomy":"category","embeddable":true,"href":"http:\/\/karin.stampis.com\/blog\/index.php?rest_route=%2Fwp%2Fv2%2Fcategories&post=23982"},{"taxonomy":"post_tag","embeddable":true,"href":"http:\/\/karin.stampis.com\/blog\/index.php?rest_route=%2Fwp%2Fv2%2Ftags&post=23982"}],"curies":[{"name":"wp","href":"https:\/\/api.w.org\/{rel}","templated":true}]}}