{"id":24038,"date":"2018-09-02T06:52:56","date_gmt":"2018-09-02T05:52:56","guid":{"rendered":"http:\/\/karin.stampis.com\/blog\/?p=24038"},"modified":"2018-08-31T11:54:12","modified_gmt":"2018-08-31T10:54:12","slug":"tur-till-malmo-2","status":"publish","type":"post","link":"http:\/\/karin.stampis.com\/blog\/?p=24038","title":{"rendered":"Tur till Malm\u00f6"},"content":{"rendered":"<p>Vi var en sv\u00e4ng i Malm\u00f6 f\u00f6rra helgen. F\u00f6rst skulle vi \u00e4ta p\u00e5 Ricemarket, som vi brukar g\u00f6ra, men den hade lagts ner (som restauranger\/butiker i Caroli brukar g\u00f6ra&#8230;). S\u00e5 det fick bli Rosegarden ist\u00e4llet, men det var lika bra det (eller \u00e4nnu b\u00e4ttre, f\u00f6r det var fri glass!).<\/p>\n<p style=\"text-align: center;\"><a href=\"http:\/\/karin.stampis.com\/blog\/wp-content\/uploads\/2018\/08\/DSC_0096_11.jpg\"><img loading=\"lazy\" decoding=\"async\" class=\"aligncenter size-full wp-image-24042\" src=\"http:\/\/karin.stampis.com\/blog\/wp-content\/uploads\/2018\/08\/DSC_0096_11.jpg\" alt=\"\" width=\"1000\" height=\"563\" srcset=\"http:\/\/karin.stampis.com\/blog\/wp-content\/uploads\/2018\/08\/DSC_0096_11.jpg 1000w, http:\/\/karin.stampis.com\/blog\/wp-content\/uploads\/2018\/08\/DSC_0096_11-360x203.jpg 360w, http:\/\/karin.stampis.com\/blog\/wp-content\/uploads\/2018\/08\/DSC_0096_11-768x432.jpg 768w\" sizes=\"auto, (max-width: 1000px) 100vw, 1000px\" \/><\/a><em>Killarna kollar hellre ut \u00e4n p\u00e5 mig.<\/em><\/p>\n<p style=\"text-align: center;\"><a href=\"http:\/\/karin.stampis.com\/blog\/wp-content\/uploads\/2018\/08\/DSC_0098_12.jpg\"><img loading=\"lazy\" decoding=\"async\" class=\"aligncenter size-full wp-image-24041\" src=\"http:\/\/karin.stampis.com\/blog\/wp-content\/uploads\/2018\/08\/DSC_0098_12.jpg\" alt=\"\" width=\"750\" height=\"1000\" srcset=\"http:\/\/karin.stampis.com\/blog\/wp-content\/uploads\/2018\/08\/DSC_0098_12.jpg 750w, http:\/\/karin.stampis.com\/blog\/wp-content\/uploads\/2018\/08\/DSC_0098_12-270x360.jpg 270w\" sizes=\"auto, (max-width: 750px) 100vw, 750px\" \/><\/a><em>Viktor blev j\u00e4tteglad \u00f6ver glassen. &#8220;MYYYYCKET!&#8221; sa han. Det satt en man bakom Viktor, som sen d\u00e5 han gick ut sa &#8220;usch vilken svinstia!&#8221;. Han hade nog inga barn :p .<br \/>\n<\/em><\/p>\n<p style=\"text-align: center;\"><a href=\"http:\/\/karin.stampis.com\/blog\/wp-content\/uploads\/2018\/08\/DSC_0101_11.jpg\"><img loading=\"lazy\" decoding=\"async\" class=\"aligncenter size-full wp-image-24040\" src=\"http:\/\/karin.stampis.com\/blog\/wp-content\/uploads\/2018\/08\/DSC_0101_11.jpg\" alt=\"\" width=\"1000\" height=\"563\" srcset=\"http:\/\/karin.stampis.com\/blog\/wp-content\/uploads\/2018\/08\/DSC_0101_11.jpg 1000w, http:\/\/karin.stampis.com\/blog\/wp-content\/uploads\/2018\/08\/DSC_0101_11-360x203.jpg 360w, http:\/\/karin.stampis.com\/blog\/wp-content\/uploads\/2018\/08\/DSC_0101_11-768x432.jpg 768w\" sizes=\"auto, (max-width: 1000px) 100vw, 1000px\" \/><\/a><em>K\u00f6r bil p\u00e5 ICA Maxi.<\/em><\/p>\n<p style=\"text-align: center;\"><a href=\"http:\/\/karin.stampis.com\/blog\/wp-content\/uploads\/2018\/08\/DSC_0124_9.jpg\"><img loading=\"lazy\" decoding=\"async\" class=\"aligncenter size-full wp-image-24039\" src=\"http:\/\/karin.stampis.com\/blog\/wp-content\/uploads\/2018\/08\/DSC_0124_9.jpg\" alt=\"\" width=\"563\" height=\"1000\" srcset=\"http:\/\/karin.stampis.com\/blog\/wp-content\/uploads\/2018\/08\/DSC_0124_9.jpg 563w, http:\/\/karin.stampis.com\/blog\/wp-content\/uploads\/2018\/08\/DSC_0124_9-203x360.jpg 203w\" sizes=\"auto, (max-width: 563px) 100vw, 563px\" \/><\/a><em>Sen var vi och h\u00e4lsade p\u00e5 hos Mimmi. &#8220;Korridoren&#8221; \u00e4r popul\u00e4r att springa i (foto taget av Alfred).<\/em><\/p>\n","protected":false},"excerpt":{"rendered":"<p>Vi var en sv\u00e4ng i Malm\u00f6 f\u00f6rra helgen. F\u00f6rst skulle vi \u00e4ta p\u00e5 Ricemarket, som vi brukar g\u00f6ra, men den hade lagts ner (som restauranger\/butiker i Caroli brukar g\u00f6ra&#8230;). S\u00e5 det fick bli Rosegarden ist\u00e4llet, men det var lika bra &hellip; <a href=\"http:\/\/karin.stampis.com\/blog\/?p=24038\">Continue reading <span class=\"meta-nav\">&rarr;<\/span><\/a><\/p>\n","protected":false},"author":1,"featured_media":0,"comment_status":"open","ping_status":"open","sticky":false,"template":"","format":"standard","meta":{"footnotes":""},"categories":[436,322,449,410],"tags":[],"class_list":["post-24038","post","type-post","status-publish","format-standard","hentry","category-436","category-alfred","category-augusti-2018","category-viktor"],"_links":{"self":[{"href":"http:\/\/karin.stampis.com\/blog\/index.php?rest_route=\/wp\/v2\/posts\/24038","targetHints":{"allow":["GET"]}}],"collection":[{"href":"http:\/\/karin.stampis.com\/blog\/index.php?rest_route=\/wp\/v2\/posts"}],"about":[{"href":"http:\/\/karin.stampis.com\/blog\/index.php?rest_route=\/wp\/v2\/types\/post"}],"author":[{"embeddable":true,"href":"http:\/\/karin.stampis.com\/blog\/index.php?rest_route=\/wp\/v2\/users\/1"}],"replies":[{"embeddable":true,"href":"http:\/\/karin.stampis.com\/blog\/index.php?rest_route=%2Fwp%2Fv2%2Fcomments&post=24038"}],"version-history":[{"count":1,"href":"http:\/\/karin.stampis.com\/blog\/index.php?rest_route=\/wp\/v2\/posts\/24038\/revisions"}],"predecessor-version":[{"id":24043,"href":"http:\/\/karin.stampis.com\/blog\/index.php?rest_route=\/wp\/v2\/posts\/24038\/revisions\/24043"}],"wp:attachment":[{"href":"http:\/\/karin.stampis.com\/blog\/index.php?rest_route=%2Fwp%2Fv2%2Fmedia&parent=24038"}],"wp:term":[{"taxonomy":"category","embeddable":true,"href":"http:\/\/karin.stampis.com\/blog\/index.php?rest_route=%2Fwp%2Fv2%2Fcategories&post=24038"},{"taxonomy":"post_tag","embeddable":true,"href":"http:\/\/karin.stampis.com\/blog\/index.php?rest_route=%2Fwp%2Fv2%2Ftags&post=24038"}],"curies":[{"name":"wp","href":"https:\/\/api.w.org\/{rel}","templated":true}]}}