{"id":24208,"date":"2018-10-23T07:44:21","date_gmt":"2018-10-23T06:44:21","guid":{"rendered":"http:\/\/karin.stampis.com\/blog\/?p=24208"},"modified":"2018-10-22T14:47:56","modified_gmt":"2018-10-22T13:47:56","slug":"alfred-6-ar","status":"publish","type":"post","link":"http:\/\/karin.stampis.com\/blog\/?p=24208","title":{"rendered":"Alfred 6 \u00e5r"},"content":{"rendered":"<p>T\u00e4nk, d\u00e5 har den store grabben fyllt 6 \u00e5r (han fyller ju redan kl 00.20) !<\/p>\n<p>Det h\u00e4nder mycket i en 6-\u00e5rings liv. Skolkille har han ju blivit f\u00f6r ett tag sen ocks\u00e5. Och att 6-\u00e5rs\u00e5ldern kallas f\u00f6r &#8220;lilla ton\u00e5ren&#8221; f\u00f6rst\u00e5r jag verkligen \ud83d\ude09 . Och som han har vuxit p\u00e5 sistone &#8211; alla byxben och tr\u00f6j\u00e4rmar har blivit f\u00f6r korta (det \u00e4r s\u00e4llan som jag f\u00e5r packa undan kl\u00e4der f\u00f6r att de blivit f\u00f6r sm\u00e5 i midjan, det \u00e4r alltid arm- och benl\u00e4ngd som \u00e4r begr\u00e4nsningen) . Han \u00e4r ca 122 cm, s\u00e5 han ligger runt de ca +1 sd som han legat under det mesta av uppv\u00e4xten. Och nu finns det t\u00e4nder som \u00e4r riktigt l\u00f6sa, s\u00e5 snart kommer det komma gluggar!<\/p>\n<p>Men han \u00e4r s\u00e5 go, min store lille grabb. S\u00e5 klok. Han t\u00e4nker mycket och kommer med intressanta funderingar, och s\u00e5 gillar han siffror. T.ex. s\u00e5 kollar han alltid in sistasidan p\u00e5 tidningen, d\u00e4r han noga iakttar temperaturer i v\u00e4derprognosen och priserna p\u00e5 orientaliska mattor som reas ut.<\/p>\n<p>Och han har mycket spring i benen. Han \u00e4lskar att h\u00e5lla p\u00e5 med sin fotboll. Han tycker om att leka med sin lillebror, men han uppskattar ocks\u00e5 att g\u00f6ra aktiviteter med bara mamma eller pappa &#8211; d\u00e5 blir han mycket lugnare. Han gillar att leka med sina v\u00e4nner, Adam \u00e4r fortfarande den som han leker mest med, men han har f\u00e5tt en del kompisar i nya klassen. Och springa och leka med v\u00e4nner fick han g\u00f6ra p\u00e5 hans f\u00f6delsedagsfest som firades p\u00e5 Leos lekland &#8211; foton kommer \ud83d\ude42<\/p>\n<p style=\"text-align: center;\"><a href=\"http:\/\/karin.stampis.com\/blog\/wp-content\/uploads\/2018\/10\/DSC_0040_23.jpg\"><img loading=\"lazy\" decoding=\"async\" class=\"aligncenter size-full wp-image-24268\" src=\"http:\/\/karin.stampis.com\/blog\/wp-content\/uploads\/2018\/10\/DSC_0040_23.jpg\" alt=\"\" width=\"563\" height=\"1000\" srcset=\"http:\/\/karin.stampis.com\/blog\/wp-content\/uploads\/2018\/10\/DSC_0040_23.jpg 563w, http:\/\/karin.stampis.com\/blog\/wp-content\/uploads\/2018\/10\/DSC_0040_23-203x360.jpg 203w\" sizes=\"auto, (max-width: 563px) 100vw, 563px\" \/><\/a>6-\u00e5ringen!<\/p>\n<p>&nbsp;<\/p>\n","protected":false},"excerpt":{"rendered":"<p>T\u00e4nk, d\u00e5 har den store grabben fyllt 6 \u00e5r (han fyller ju redan kl 00.20) ! Det h\u00e4nder mycket i en 6-\u00e5rings liv. Skolkille har han ju blivit f\u00f6r ett tag sen ocks\u00e5. Och att 6-\u00e5rs\u00e5ldern kallas f\u00f6r &#8220;lilla ton\u00e5ren&#8221; &hellip; <a href=\"http:\/\/karin.stampis.com\/blog\/?p=24208\">Continue reading <span class=\"meta-nav\">&rarr;<\/span><\/a><\/p>\n","protected":false},"author":1,"featured_media":0,"comment_status":"open","ping_status":"open","sticky":false,"template":"","format":"standard","meta":{"footnotes":""},"categories":[322,353,451],"tags":[],"class_list":["post-24208","post","type-post","status-publish","format-standard","hentry","category-alfred","category-alfred-fyller-ar","category-oktober-2018"],"_links":{"self":[{"href":"http:\/\/karin.stampis.com\/blog\/index.php?rest_route=\/wp\/v2\/posts\/24208","targetHints":{"allow":["GET"]}}],"collection":[{"href":"http:\/\/karin.stampis.com\/blog\/index.php?rest_route=\/wp\/v2\/posts"}],"about":[{"href":"http:\/\/karin.stampis.com\/blog\/index.php?rest_route=\/wp\/v2\/types\/post"}],"author":[{"embeddable":true,"href":"http:\/\/karin.stampis.com\/blog\/index.php?rest_route=\/wp\/v2\/users\/1"}],"replies":[{"embeddable":true,"href":"http:\/\/karin.stampis.com\/blog\/index.php?rest_route=%2Fwp%2Fv2%2Fcomments&post=24208"}],"version-history":[{"count":5,"href":"http:\/\/karin.stampis.com\/blog\/index.php?rest_route=\/wp\/v2\/posts\/24208\/revisions"}],"predecessor-version":[{"id":24269,"href":"http:\/\/karin.stampis.com\/blog\/index.php?rest_route=\/wp\/v2\/posts\/24208\/revisions\/24269"}],"wp:attachment":[{"href":"http:\/\/karin.stampis.com\/blog\/index.php?rest_route=%2Fwp%2Fv2%2Fmedia&parent=24208"}],"wp:term":[{"taxonomy":"category","embeddable":true,"href":"http:\/\/karin.stampis.com\/blog\/index.php?rest_route=%2Fwp%2Fv2%2Fcategories&post=24208"},{"taxonomy":"post_tag","embeddable":true,"href":"http:\/\/karin.stampis.com\/blog\/index.php?rest_route=%2Fwp%2Fv2%2Ftags&post=24208"}],"curies":[{"name":"wp","href":"https:\/\/api.w.org\/{rel}","templated":true}]}}