{"id":24398,"date":"2018-11-30T08:23:09","date_gmt":"2018-11-30T07:23:09","guid":{"rendered":"http:\/\/karin.stampis.com\/blog\/?p=24398"},"modified":"2018-11-29T12:06:08","modified_gmt":"2018-11-29T11:06:08","slug":"karlaby-kro","status":"publish","type":"post","link":"http:\/\/karin.stampis.com\/blog\/?p=24398","title":{"rendered":"Karlaby Kro"},"content":{"rendered":"<p>Modern och fadern i v\u00e5r familj fick sig ett v\u00e4lbeh\u00f6vligt brejk h\u00e4romhelgen. D\u00e5 var det (dagarna runt) v\u00e5r br\u00f6llopsdag och vi \u00e5kte till Karlaby Kro. Vi har varit d\u00e4r en g\u00e5ng tidigare, p\u00e5 <a href=\"http:\/\/karin.stampis.com\/blog\/?p=18323\">Jimmys f\u00f6delsedag 2014. <\/a><\/p>\n<p>Fr\u00e5n f\u00f6rra g\u00e5ngen s\u00e5 hade vi h\u00e4rliga minnen av chill vid deras inomhuspool, men tiderna \u00e4ndras och vi gick bet p\u00e5 v\u00e5r vision om poolchill, d\u00e5 det var fullt med folk d\u00e4r (inklusive ungdomar) och det inte fanns en enda solstol kvar och bastun var full hela tiden. Dessutom var luften mycket kallare inomhus denna g\u00e5ng. Men men, det gick bra \u00e4nd\u00e5, eftersom vi denna g\u00e5ng hade bokat ett stort mysigt rum, s\u00e5 vi h\u00e4ngde d\u00e4r ist\u00e4llet och l\u00e4ste b\u00f6cker. Avkopplade.<\/p>\n<p><a href=\"http:\/\/karin.stampis.com\/blog\/wp-content\/uploads\/2018\/11\/DSC08157.jpg\"><img loading=\"lazy\" decoding=\"async\" class=\"aligncenter size-full wp-image-24408\" src=\"http:\/\/karin.stampis.com\/blog\/wp-content\/uploads\/2018\/11\/DSC08157.jpg\" alt=\"\" width=\"1000\" height=\"667\" srcset=\"http:\/\/karin.stampis.com\/blog\/wp-content\/uploads\/2018\/11\/DSC08157.jpg 1000w, http:\/\/karin.stampis.com\/blog\/wp-content\/uploads\/2018\/11\/DSC08157-360x240.jpg 360w, http:\/\/karin.stampis.com\/blog\/wp-content\/uploads\/2018\/11\/DSC08157-768x512.jpg 768w\" sizes=\"auto, (max-width: 1000px) 100vw, 1000px\" \/><\/a><\/p>\n<p style=\"text-align: center;\"><a href=\"http:\/\/karin.stampis.com\/blog\/wp-content\/uploads\/2018\/11\/DSC08159.jpg\"><img loading=\"lazy\" decoding=\"async\" class=\"aligncenter size-full wp-image-24407\" src=\"http:\/\/karin.stampis.com\/blog\/wp-content\/uploads\/2018\/11\/DSC08159.jpg\" alt=\"\" width=\"1000\" height=\"667\" srcset=\"http:\/\/karin.stampis.com\/blog\/wp-content\/uploads\/2018\/11\/DSC08159.jpg 1000w, http:\/\/karin.stampis.com\/blog\/wp-content\/uploads\/2018\/11\/DSC08159-360x240.jpg 360w, http:\/\/karin.stampis.com\/blog\/wp-content\/uploads\/2018\/11\/DSC08159-768x512.jpg 768w\" sizes=\"auto, (max-width: 1000px) 100vw, 1000px\" \/><\/a><em>Maken f\u00f6revisar rummet. Det fanns \u00e4ven ett stort badkar som var sk\u00f6nt att ligga och l\u00e4sa i men det fick jag inget foto p\u00e5.<\/em><\/p>\n<p>\u00c4ven middagen blev under f\u00f6rv\u00e4ntan, men det \u00e4r ju trevligt \u00e4nd\u00e5 att komma ut och \u00e4ta s\u00e5 vi brydde oss inte s\u00e5 mycket om det. L\u00e5ngsam service och d\u00e5 vi s\u00e5g p\u00e5 menyn visade det sig vara g\u00e5smeny&#8230; 5 r\u00e4tter bara g\u00e5s, men lyckligtvis kunde man byta ut svartsoppan. G\u00e5sleverpastejen var ingen h\u00f6jdare (nog enda g\u00e5ngen jag l\u00e4mnat n\u00e4stanp\u00e5 en hel portion), och g\u00e5shalsen sl\u00e5r nog rekord i minsta m\u00e4ngd \u00e4tbar mat p\u00e5 en r\u00e4tt n\u00e5gonsin.<\/p>\n<p><a href=\"http:\/\/karin.stampis.com\/blog\/wp-content\/uploads\/2018\/11\/DSC_0008_63.jpg\"><img loading=\"lazy\" decoding=\"async\" class=\"aligncenter size-full wp-image-24406\" src=\"http:\/\/karin.stampis.com\/blog\/wp-content\/uploads\/2018\/11\/DSC_0008_63.jpg\" alt=\"\" width=\"563\" height=\"1000\" srcset=\"http:\/\/karin.stampis.com\/blog\/wp-content\/uploads\/2018\/11\/DSC_0008_63.jpg 563w, http:\/\/karin.stampis.com\/blog\/wp-content\/uploads\/2018\/11\/DSC_0008_63-203x360.jpg 203w\" sizes=\"auto, (max-width: 563px) 100vw, 563px\" \/><\/a><\/p>\n<p style=\"text-align: center;\"><a href=\"http:\/\/karin.stampis.com\/blog\/wp-content\/uploads\/2018\/11\/DSC08162.jpg\"><img loading=\"lazy\" decoding=\"async\" class=\"aligncenter size-full wp-image-24405\" src=\"http:\/\/karin.stampis.com\/blog\/wp-content\/uploads\/2018\/11\/DSC08162.jpg\" alt=\"\" width=\"1000\" height=\"667\" srcset=\"http:\/\/karin.stampis.com\/blog\/wp-content\/uploads\/2018\/11\/DSC08162.jpg 1000w, http:\/\/karin.stampis.com\/blog\/wp-content\/uploads\/2018\/11\/DSC08162-360x240.jpg 360w, http:\/\/karin.stampis.com\/blog\/wp-content\/uploads\/2018\/11\/DSC08162-768x512.jpg 768w\" sizes=\"auto, (max-width: 1000px) 100vw, 1000px\" \/><\/a><em>G\u00e5slever &#8211; inte gott.<\/em><\/p>\n<p style=\"text-align: center;\"><a href=\"http:\/\/karin.stampis.com\/blog\/wp-content\/uploads\/2018\/11\/DSC08163.jpg\"><img loading=\"lazy\" decoding=\"async\" class=\"aligncenter size-full wp-image-24404\" src=\"http:\/\/karin.stampis.com\/blog\/wp-content\/uploads\/2018\/11\/DSC08163.jpg\" alt=\"\" width=\"1000\" height=\"667\" srcset=\"http:\/\/karin.stampis.com\/blog\/wp-content\/uploads\/2018\/11\/DSC08163.jpg 1000w, http:\/\/karin.stampis.com\/blog\/wp-content\/uploads\/2018\/11\/DSC08163-360x240.jpg 360w, http:\/\/karin.stampis.com\/blog\/wp-content\/uploads\/2018\/11\/DSC08163-768x512.jpg 768w\" sizes=\"auto, (max-width: 1000px) 100vw, 1000px\" \/><\/a><em>Havskr\u00e4ftsoppan var god iallafall.<\/em><\/p>\n<p style=\"text-align: center;\"><a href=\"http:\/\/karin.stampis.com\/blog\/wp-content\/uploads\/2018\/11\/DSC08164.jpg\"><img loading=\"lazy\" decoding=\"async\" class=\"aligncenter size-full wp-image-24403\" src=\"http:\/\/karin.stampis.com\/blog\/wp-content\/uploads\/2018\/11\/DSC08164.jpg\" alt=\"\" width=\"1000\" height=\"667\" srcset=\"http:\/\/karin.stampis.com\/blog\/wp-content\/uploads\/2018\/11\/DSC08164.jpg 1000w, http:\/\/karin.stampis.com\/blog\/wp-content\/uploads\/2018\/11\/DSC08164-360x240.jpg 360w, http:\/\/karin.stampis.com\/blog\/wp-content\/uploads\/2018\/11\/DSC08164-768x512.jpg 768w\" sizes=\"auto, (max-width: 1000px) 100vw, 1000px\" \/><\/a><em>G\u00e5shals<\/em><\/p>\n<p>Gick en tur i omgivningarna innan vi \u00e5kte hem. Fascinerande att se att v\u00e4xtligheten envist klamrar sig fast detta \u00e5r, d\u00e5 den kom ig\u00e5ng s\u00e5 sent efter en ogynnsam sommar.<\/p>\n<p><a href=\"http:\/\/karin.stampis.com\/blog\/wp-content\/uploads\/2018\/11\/DSC08168.jpg\"><img loading=\"lazy\" decoding=\"async\" class=\"aligncenter size-full wp-image-24401\" src=\"http:\/\/karin.stampis.com\/blog\/wp-content\/uploads\/2018\/11\/DSC08168.jpg\" alt=\"\" width=\"1000\" height=\"667\" srcset=\"http:\/\/karin.stampis.com\/blog\/wp-content\/uploads\/2018\/11\/DSC08168.jpg 1000w, http:\/\/karin.stampis.com\/blog\/wp-content\/uploads\/2018\/11\/DSC08168-360x240.jpg 360w, http:\/\/karin.stampis.com\/blog\/wp-content\/uploads\/2018\/11\/DSC08168-768x512.jpg 768w\" sizes=\"auto, (max-width: 1000px) 100vw, 1000px\" \/><\/a><\/p>\n<p><a href=\"http:\/\/karin.stampis.com\/blog\/wp-content\/uploads\/2018\/11\/DSC08170.jpg\"><img loading=\"lazy\" decoding=\"async\" class=\"aligncenter size-full wp-image-24400\" src=\"http:\/\/karin.stampis.com\/blog\/wp-content\/uploads\/2018\/11\/DSC08170.jpg\" alt=\"\" width=\"1000\" height=\"667\" srcset=\"http:\/\/karin.stampis.com\/blog\/wp-content\/uploads\/2018\/11\/DSC08170.jpg 1000w, http:\/\/karin.stampis.com\/blog\/wp-content\/uploads\/2018\/11\/DSC08170-360x240.jpg 360w, http:\/\/karin.stampis.com\/blog\/wp-content\/uploads\/2018\/11\/DSC08170-768x512.jpg 768w\" sizes=\"auto, (max-width: 1000px) 100vw, 1000px\" \/><\/a><\/p>\n<p><a href=\"http:\/\/karin.stampis.com\/blog\/wp-content\/uploads\/2018\/11\/DSC08167.jpg\"><img loading=\"lazy\" decoding=\"async\" class=\"aligncenter size-full wp-image-24402\" src=\"http:\/\/karin.stampis.com\/blog\/wp-content\/uploads\/2018\/11\/DSC08167.jpg\" alt=\"\" width=\"1000\" height=\"667\" srcset=\"http:\/\/karin.stampis.com\/blog\/wp-content\/uploads\/2018\/11\/DSC08167.jpg 1000w, http:\/\/karin.stampis.com\/blog\/wp-content\/uploads\/2018\/11\/DSC08167-360x240.jpg 360w, http:\/\/karin.stampis.com\/blog\/wp-content\/uploads\/2018\/11\/DSC08167-768x512.jpg 768w\" sizes=\"auto, (max-width: 1000px) 100vw, 1000px\" \/><\/a> <a href=\"http:\/\/karin.stampis.com\/blog\/wp-content\/uploads\/2018\/11\/DSC08173.jpg\"><img loading=\"lazy\" decoding=\"async\" class=\"aligncenter size-full wp-image-24399\" src=\"http:\/\/karin.stampis.com\/blog\/wp-content\/uploads\/2018\/11\/DSC08173.jpg\" alt=\"\" width=\"1000\" height=\"667\" srcset=\"http:\/\/karin.stampis.com\/blog\/wp-content\/uploads\/2018\/11\/DSC08173.jpg 1000w, http:\/\/karin.stampis.com\/blog\/wp-content\/uploads\/2018\/11\/DSC08173-360x240.jpg 360w, http:\/\/karin.stampis.com\/blog\/wp-content\/uploads\/2018\/11\/DSC08173-768x512.jpg 768w\" sizes=\"auto, (max-width: 1000px) 100vw, 1000px\" \/><\/a><\/p>\n<p>P\u00e5 hemv\u00e4gen uppt\u00e4ckte vi \u00e4ven en chokladfabrik som vi aldrig h\u00f6rt talas om f\u00f6rr med god choklad, mums \ud83d\ude42 .<\/p>\n<p>&nbsp;<\/p>\n<p>&nbsp;<\/p>\n<p>&nbsp;<\/p>\n","protected":false},"excerpt":{"rendered":"<p>Modern och fadern i v\u00e5r familj fick sig ett v\u00e4lbeh\u00f6vligt brejk h\u00e4romhelgen. D\u00e5 var det (dagarna runt) v\u00e5r br\u00f6llopsdag och vi \u00e5kte till Karlaby Kro. Vi har varit d\u00e4r en g\u00e5ng tidigare, p\u00e5 Jimmys f\u00f6delsedag 2014. Fr\u00e5n f\u00f6rra g\u00e5ngen s\u00e5 &hellip; <a href=\"http:\/\/karin.stampis.com\/blog\/?p=24398\">Continue reading <span class=\"meta-nav\">&rarr;<\/span><\/a><\/p>\n","protected":false},"author":1,"featured_media":0,"comment_status":"open","ping_status":"open","sticky":false,"template":"","format":"standard","meta":{"footnotes":""},"categories":[436,452,145,301],"tags":[],"class_list":["post-24398","post","type-post","status-publish","format-standard","hentry","category-436","category-november-2018","category-resebloggar","category-utflykter-inom-skane"],"_links":{"self":[{"href":"http:\/\/karin.stampis.com\/blog\/index.php?rest_route=\/wp\/v2\/posts\/24398","targetHints":{"allow":["GET"]}}],"collection":[{"href":"http:\/\/karin.stampis.com\/blog\/index.php?rest_route=\/wp\/v2\/posts"}],"about":[{"href":"http:\/\/karin.stampis.com\/blog\/index.php?rest_route=\/wp\/v2\/types\/post"}],"author":[{"embeddable":true,"href":"http:\/\/karin.stampis.com\/blog\/index.php?rest_route=\/wp\/v2\/users\/1"}],"replies":[{"embeddable":true,"href":"http:\/\/karin.stampis.com\/blog\/index.php?rest_route=%2Fwp%2Fv2%2Fcomments&post=24398"}],"version-history":[{"count":2,"href":"http:\/\/karin.stampis.com\/blog\/index.php?rest_route=\/wp\/v2\/posts\/24398\/revisions"}],"predecessor-version":[{"id":24410,"href":"http:\/\/karin.stampis.com\/blog\/index.php?rest_route=\/wp\/v2\/posts\/24398\/revisions\/24410"}],"wp:attachment":[{"href":"http:\/\/karin.stampis.com\/blog\/index.php?rest_route=%2Fwp%2Fv2%2Fmedia&parent=24398"}],"wp:term":[{"taxonomy":"category","embeddable":true,"href":"http:\/\/karin.stampis.com\/blog\/index.php?rest_route=%2Fwp%2Fv2%2Fcategories&post=24398"},{"taxonomy":"post_tag","embeddable":true,"href":"http:\/\/karin.stampis.com\/blog\/index.php?rest_route=%2Fwp%2Fv2%2Ftags&post=24398"}],"curies":[{"name":"wp","href":"https:\/\/api.w.org\/{rel}","templated":true}]}}