{"id":24412,"date":"2018-12-02T08:04:17","date_gmt":"2018-12-02T07:04:17","guid":{"rendered":"http:\/\/karin.stampis.com\/blog\/?p=24412"},"modified":"2018-11-29T14:05:50","modified_gmt":"2018-11-29T13:05:50","slug":"eftermiddag-med-alfred","status":"publish","type":"post","link":"http:\/\/karin.stampis.com\/blog\/?p=24412","title":{"rendered":"Eftermiddag med Alfred!"},"content":{"rendered":"<p>F\u00f6r ett tag sedan var det studiedag f\u00f6r skolbarnen. D\u00e5 jobbade jag hemma p\u00e5 fm medans Alfred klarade av hela sitt mattespel p\u00e5 plattan, duktigt \ud83d\ude42 . Vi \u00e5t lunch, och sen tog vi bussen till Malm\u00f6.<\/p>\n<p style=\"text-align: center;\"><a href=\"http:\/\/karin.stampis.com\/blog\/wp-content\/uploads\/2018\/11\/DSC_0014_48.jpg\"><img loading=\"lazy\" decoding=\"async\" class=\"aligncenter size-full wp-image-24422\" src=\"http:\/\/karin.stampis.com\/blog\/wp-content\/uploads\/2018\/11\/DSC_0014_48.jpg\" alt=\"\" width=\"563\" height=\"1000\" srcset=\"http:\/\/karin.stampis.com\/blog\/wp-content\/uploads\/2018\/11\/DSC_0014_48.jpg 563w, http:\/\/karin.stampis.com\/blog\/wp-content\/uploads\/2018\/11\/DSC_0014_48-203x360.jpg 203w\" sizes=\"auto, (max-width: 563px) 100vw, 563px\" \/><\/a><em>F\u00f6rv\u00e4ntansfull kille &#8211; j\u00e4tteglad \u00f6ver att f\u00e5 \u00e5ka p\u00e5 utflykt sj\u00e4lv med mamma \ud83d\ude42 .<\/em><\/p>\n<p style=\"text-align: center;\"><a href=\"http:\/\/karin.stampis.com\/blog\/wp-content\/uploads\/2018\/11\/DSC_0017_48.jpg\"><img loading=\"lazy\" decoding=\"async\" class=\"aligncenter size-full wp-image-24421\" src=\"http:\/\/karin.stampis.com\/blog\/wp-content\/uploads\/2018\/11\/DSC_0017_48.jpg\" alt=\"\" width=\"1000\" height=\"581\" srcset=\"http:\/\/karin.stampis.com\/blog\/wp-content\/uploads\/2018\/11\/DSC_0017_48.jpg 1000w, http:\/\/karin.stampis.com\/blog\/wp-content\/uploads\/2018\/11\/DSC_0017_48-360x209.jpg 360w, http:\/\/karin.stampis.com\/blog\/wp-content\/uploads\/2018\/11\/DSC_0017_48-768x446.jpg 768w\" sizes=\"auto, (max-width: 1000px) 100vw, 1000px\" \/><\/a><em>Glad kille g\u00e5r l\u00e4ngs kanalen i Malm\u00f6.<\/em><\/p>\n<p style=\"text-align: center;\"><em><a href=\"http:\/\/karin.stampis.com\/blog\/wp-content\/uploads\/2018\/11\/DSC_0019_46.jpg\"><img loading=\"lazy\" decoding=\"async\" class=\"aligncenter size-full wp-image-24420\" src=\"http:\/\/karin.stampis.com\/blog\/wp-content\/uploads\/2018\/11\/DSC_0019_46.jpg\" alt=\"\" width=\"563\" height=\"1000\" srcset=\"http:\/\/karin.stampis.com\/blog\/wp-content\/uploads\/2018\/11\/DSC_0019_46.jpg 563w, http:\/\/karin.stampis.com\/blog\/wp-content\/uploads\/2018\/11\/DSC_0019_46-203x360.jpg 203w\" sizes=\"auto, (max-width: 563px) 100vw, 563px\" \/><\/a>Klappar katt.<\/em><\/p>\n<p style=\"text-align: center;\"><em><a href=\"http:\/\/karin.stampis.com\/blog\/wp-content\/uploads\/2018\/11\/DSC_0022_43.jpg\"><img loading=\"lazy\" decoding=\"async\" class=\"aligncenter size-full wp-image-24419\" src=\"http:\/\/karin.stampis.com\/blog\/wp-content\/uploads\/2018\/11\/DSC_0022_43.jpg\" alt=\"\" width=\"1000\" height=\"750\" srcset=\"http:\/\/karin.stampis.com\/blog\/wp-content\/uploads\/2018\/11\/DSC_0022_43.jpg 1000w, http:\/\/karin.stampis.com\/blog\/wp-content\/uploads\/2018\/11\/DSC_0022_43-360x270.jpg 360w, http:\/\/karin.stampis.com\/blog\/wp-content\/uploads\/2018\/11\/DSC_0022_43-768x576.jpg 768w\" sizes=\"auto, (max-width: 1000px) 100vw, 1000px\" \/><\/a>Biodags! Vi s\u00e5g p\u00e5 Grinchen.<\/em><\/p>\n<p style=\"text-align: center;\"><em><a href=\"http:\/\/karin.stampis.com\/blog\/wp-content\/uploads\/2018\/11\/DSC_0024_43.jpg\"><img loading=\"lazy\" decoding=\"async\" class=\"aligncenter size-full wp-image-24418\" src=\"http:\/\/karin.stampis.com\/blog\/wp-content\/uploads\/2018\/11\/DSC_0024_43.jpg\" alt=\"\" width=\"1000\" height=\"750\" srcset=\"http:\/\/karin.stampis.com\/blog\/wp-content\/uploads\/2018\/11\/DSC_0024_43.jpg 1000w, http:\/\/karin.stampis.com\/blog\/wp-content\/uploads\/2018\/11\/DSC_0024_43-360x270.jpg 360w, http:\/\/karin.stampis.com\/blog\/wp-content\/uploads\/2018\/11\/DSC_0024_43-768x576.jpg 768w\" sizes=\"auto, (max-width: 1000px) 100vw, 1000px\" \/><\/a>Popcorn till s\u00e5klart.<\/em><\/p>\n<p style=\"text-align: center;\"><em><a href=\"http:\/\/karin.stampis.com\/blog\/wp-content\/uploads\/2018\/11\/DSC_0026_39.jpg\"><img loading=\"lazy\" decoding=\"async\" class=\"aligncenter size-full wp-image-24417\" src=\"http:\/\/karin.stampis.com\/blog\/wp-content\/uploads\/2018\/11\/DSC_0026_39.jpg\" alt=\"\" width=\"1000\" height=\"563\" srcset=\"http:\/\/karin.stampis.com\/blog\/wp-content\/uploads\/2018\/11\/DSC_0026_39.jpg 1000w, http:\/\/karin.stampis.com\/blog\/wp-content\/uploads\/2018\/11\/DSC_0026_39-360x203.jpg 360w, http:\/\/karin.stampis.com\/blog\/wp-content\/uploads\/2018\/11\/DSC_0026_39-768x432.jpg 768w\" sizes=\"auto, (max-width: 1000px) 100vw, 1000px\" \/><\/a>Kollar fiskar p\u00e5 Triangeln.<\/em><\/p>\n<p style=\"text-align: center;\"><em><a href=\"http:\/\/karin.stampis.com\/blog\/wp-content\/uploads\/2018\/11\/DSC_0027_37.jpg\"><img loading=\"lazy\" decoding=\"async\" class=\"aligncenter size-full wp-image-24416\" src=\"http:\/\/karin.stampis.com\/blog\/wp-content\/uploads\/2018\/11\/DSC_0027_37.jpg\" alt=\"\" width=\"563\" height=\"1000\" srcset=\"http:\/\/karin.stampis.com\/blog\/wp-content\/uploads\/2018\/11\/DSC_0027_37.jpg 563w, http:\/\/karin.stampis.com\/blog\/wp-content\/uploads\/2018\/11\/DSC_0027_37-203x360.jpg 203w\" sizes=\"auto, (max-width: 563px) 100vw, 563px\" \/><\/a>Kille med rufsigt h\u00e5r som \u00e4ter asiatisk buffe. I slut\u00e4ndan \u00e5t han bara en kycklingklubba eftersom han v\u00e4ntade p\u00e5 glassen :p.<\/em><\/p>\n<p style=\"text-align: center;\"><em><a href=\"http:\/\/karin.stampis.com\/blog\/wp-content\/uploads\/2018\/11\/DSC_0029_35.jpg\"><img loading=\"lazy\" decoding=\"async\" class=\"aligncenter size-full wp-image-24415\" src=\"http:\/\/karin.stampis.com\/blog\/wp-content\/uploads\/2018\/11\/DSC_0029_35.jpg\" alt=\"\" width=\"563\" height=\"1000\" srcset=\"http:\/\/karin.stampis.com\/blog\/wp-content\/uploads\/2018\/11\/DSC_0029_35.jpg 563w, http:\/\/karin.stampis.com\/blog\/wp-content\/uploads\/2018\/11\/DSC_0029_35-203x360.jpg 203w\" sizes=\"auto, (max-width: 563px) 100vw, 563px\" \/><\/a>Sen ins\u00e5g han att han inte gillade den typen av glass :p . Men mamma blev m\u00e4tt i allafall.<\/em><\/p>\n","protected":false},"excerpt":{"rendered":"<p>F\u00f6r ett tag sedan var det studiedag f\u00f6r skolbarnen. D\u00e5 jobbade jag hemma p\u00e5 fm medans Alfred klarade av hela sitt mattespel p\u00e5 plattan, duktigt \ud83d\ude42 . Vi \u00e5t lunch, och sen tog vi bussen till Malm\u00f6. F\u00f6rv\u00e4ntansfull kille &#8211; &hellip; <a href=\"http:\/\/karin.stampis.com\/blog\/?p=24412\">Continue reading <span class=\"meta-nav\">&rarr;<\/span><\/a><\/p>\n","protected":false},"author":1,"featured_media":0,"comment_status":"open","ping_status":"open","sticky":false,"template":"","format":"standard","meta":{"footnotes":""},"categories":[436,322,453,452],"tags":[],"class_list":["post-24412","post","type-post","status-publish","format-standard","hentry","category-436","category-alfred","category-december-2018","category-november-2018"],"_links":{"self":[{"href":"http:\/\/karin.stampis.com\/blog\/index.php?rest_route=\/wp\/v2\/posts\/24412","targetHints":{"allow":["GET"]}}],"collection":[{"href":"http:\/\/karin.stampis.com\/blog\/index.php?rest_route=\/wp\/v2\/posts"}],"about":[{"href":"http:\/\/karin.stampis.com\/blog\/index.php?rest_route=\/wp\/v2\/types\/post"}],"author":[{"embeddable":true,"href":"http:\/\/karin.stampis.com\/blog\/index.php?rest_route=\/wp\/v2\/users\/1"}],"replies":[{"embeddable":true,"href":"http:\/\/karin.stampis.com\/blog\/index.php?rest_route=%2Fwp%2Fv2%2Fcomments&post=24412"}],"version-history":[{"count":4,"href":"http:\/\/karin.stampis.com\/blog\/index.php?rest_route=\/wp\/v2\/posts\/24412\/revisions"}],"predecessor-version":[{"id":24425,"href":"http:\/\/karin.stampis.com\/blog\/index.php?rest_route=\/wp\/v2\/posts\/24412\/revisions\/24425"}],"wp:attachment":[{"href":"http:\/\/karin.stampis.com\/blog\/index.php?rest_route=%2Fwp%2Fv2%2Fmedia&parent=24412"}],"wp:term":[{"taxonomy":"category","embeddable":true,"href":"http:\/\/karin.stampis.com\/blog\/index.php?rest_route=%2Fwp%2Fv2%2Fcategories&post=24412"},{"taxonomy":"post_tag","embeddable":true,"href":"http:\/\/karin.stampis.com\/blog\/index.php?rest_route=%2Fwp%2Fv2%2Ftags&post=24412"}],"curies":[{"name":"wp","href":"https:\/\/api.w.org\/{rel}","templated":true}]}}