{"id":24744,"date":"2019-03-17T20:02:52","date_gmt":"2019-03-17T19:02:52","guid":{"rendered":"http:\/\/karin.stampis.com\/blog\/?p=24744"},"modified":"2019-03-17T20:02:52","modified_gmt":"2019-03-17T19:02:52","slug":"firar-mommos-fodelsedag","status":"publish","type":"post","link":"http:\/\/karin.stampis.com\/blog\/?p=24744","title":{"rendered":"Firar Mommos f\u00f6delsedag"},"content":{"rendered":"\n<p>F\u00f6rra helgen s\u00e5 firade vi mommos f\u00f6delsedag!<\/p>\n\n\n\n<figure class=\"wp-block-image\"><img loading=\"lazy\" decoding=\"async\" width=\"773\" height=\"1000\" src=\"http:\/\/karin.stampis.com\/blog\/wp-content\/uploads\/2019\/03\/DSC_0051_24.jpg\" alt=\"\" class=\"wp-image-24754\" srcset=\"http:\/\/karin.stampis.com\/blog\/wp-content\/uploads\/2019\/03\/DSC_0051_24.jpg 773w, http:\/\/karin.stampis.com\/blog\/wp-content\/uploads\/2019\/03\/DSC_0051_24-278x360.jpg 278w, http:\/\/karin.stampis.com\/blog\/wp-content\/uploads\/2019\/03\/DSC_0051_24-768x994.jpg 768w\" sizes=\"auto, (max-width: 773px) 100vw, 773px\" \/><figcaption>P\u00e5 l\u00f6rdagen k\u00f6pte vi med oss   lite olika t\u00e5rtor\/kakor p\u00e5 V\u00e4la. Alfred t\u00e4nder ljusen.<\/figcaption><\/figure>\n\n\n\n<figure class=\"wp-block-image\"><img loading=\"lazy\" decoding=\"async\" width=\"1000\" height=\"638\" src=\"http:\/\/karin.stampis.com\/blog\/wp-content\/uploads\/2019\/03\/DSC_0058_20.jpg\" alt=\"\" class=\"wp-image-24755\" srcset=\"http:\/\/karin.stampis.com\/blog\/wp-content\/uploads\/2019\/03\/DSC_0058_20.jpg 1000w, http:\/\/karin.stampis.com\/blog\/wp-content\/uploads\/2019\/03\/DSC_0058_20-360x230.jpg 360w, http:\/\/karin.stampis.com\/blog\/wp-content\/uploads\/2019\/03\/DSC_0058_20-768x490.jpg 768w\" sizes=\"auto, (max-width: 1000px) 100vw, 1000px\" \/><figcaption>Sk\u00f6ns\u00e5ng f\u00f6r Mommo<\/figcaption><\/figure>\n\n\n\n<figure class=\"wp-block-image\"><img loading=\"lazy\" decoding=\"async\" width=\"1000\" height=\"563\" src=\"http:\/\/karin.stampis.com\/blog\/wp-content\/uploads\/2019\/03\/DSC_0063_16.jpg\" alt=\"\" class=\"wp-image-24753\" srcset=\"http:\/\/karin.stampis.com\/blog\/wp-content\/uploads\/2019\/03\/DSC_0063_16.jpg 1000w, http:\/\/karin.stampis.com\/blog\/wp-content\/uploads\/2019\/03\/DSC_0063_16-360x203.jpg 360w, http:\/\/karin.stampis.com\/blog\/wp-content\/uploads\/2019\/03\/DSC_0063_16-768x432.jpg 768w\" sizes=\"auto, (max-width: 1000px) 100vw, 1000px\" \/><\/figure>\n\n\n\n<figure class=\"wp-block-image\"><img loading=\"lazy\" decoding=\"async\" width=\"1000\" height=\"563\" src=\"http:\/\/karin.stampis.com\/blog\/wp-content\/uploads\/2019\/03\/DSC_0064_16.jpg\" alt=\"\" class=\"wp-image-24752\" srcset=\"http:\/\/karin.stampis.com\/blog\/wp-content\/uploads\/2019\/03\/DSC_0064_16.jpg 1000w, http:\/\/karin.stampis.com\/blog\/wp-content\/uploads\/2019\/03\/DSC_0064_16-360x203.jpg 360w, http:\/\/karin.stampis.com\/blog\/wp-content\/uploads\/2019\/03\/DSC_0064_16-768x432.jpg 768w\" sizes=\"auto, (max-width: 1000px) 100vw, 1000px\" \/><figcaption>Sm\u00e5 fingrar d\u00e4r bak som g\u00e4rna vill ta \ud83d\ude09 <\/figcaption><\/figure>\n\n\n\n<figure class=\"wp-block-image\"><img loading=\"lazy\" decoding=\"async\" width=\"1000\" height=\"563\" src=\"http:\/\/karin.stampis.com\/blog\/wp-content\/uploads\/2019\/03\/DSC_0075_13.jpg\" alt=\"\" class=\"wp-image-24751\" srcset=\"http:\/\/karin.stampis.com\/blog\/wp-content\/uploads\/2019\/03\/DSC_0075_13.jpg 1000w, http:\/\/karin.stampis.com\/blog\/wp-content\/uploads\/2019\/03\/DSC_0075_13-360x203.jpg 360w, http:\/\/karin.stampis.com\/blog\/wp-content\/uploads\/2019\/03\/DSC_0075_13-768x432.jpg 768w\" sizes=\"auto, (max-width: 1000px) 100vw, 1000px\" \/><figcaption>Jag och Jimmy tog en promenad sen f\u00f6r att g\u00e5 ner kakorna. Det var en bl\u00e5sig dag!<\/figcaption><\/figure>\n\n\n\n<figure class=\"wp-block-image\"><img loading=\"lazy\" decoding=\"async\" width=\"563\" height=\"1000\" src=\"http:\/\/karin.stampis.com\/blog\/wp-content\/uploads\/2019\/03\/DSC_0083_8.jpg\" alt=\"\" class=\"wp-image-24750\" srcset=\"http:\/\/karin.stampis.com\/blog\/wp-content\/uploads\/2019\/03\/DSC_0083_8.jpg 563w, http:\/\/karin.stampis.com\/blog\/wp-content\/uploads\/2019\/03\/DSC_0083_8-203x360.jpg 203w\" sizes=\"auto, (max-width: 563px) 100vw, 563px\" \/><figcaption>Dagen efter var vi p\u00e5 Margretetorp och \u00e5t deras sm\u00f6rg\u00e5sbord. Alfred och Viktor hade klar fokus p\u00e5 efterr\u00e4ttsbuffen, \u00e4ven om de var tvungna att \u00e4ta lite mat f\u00f6rst. Tv\u00e5 s\u00e5dana h\u00e4r glassar slank ner per person&#8230;<\/figcaption><\/figure>\n\n\n\n<figure class=\"wp-block-image\"><img loading=\"lazy\" decoding=\"async\" width=\"563\" height=\"1000\" src=\"http:\/\/karin.stampis.com\/blog\/wp-content\/uploads\/2019\/03\/DSC_0084_9.jpg\" alt=\"\" class=\"wp-image-24749\" srcset=\"http:\/\/karin.stampis.com\/blog\/wp-content\/uploads\/2019\/03\/DSC_0084_9.jpg 563w, http:\/\/karin.stampis.com\/blog\/wp-content\/uploads\/2019\/03\/DSC_0084_9-203x360.jpg 203w\" sizes=\"auto, (max-width: 563px) 100vw, 563px\" \/><\/figure>\n\n\n\n<figure class=\"wp-block-image\"><img loading=\"lazy\" decoding=\"async\" width=\"1000\" height=\"563\" src=\"http:\/\/karin.stampis.com\/blog\/wp-content\/uploads\/2019\/03\/DSC_0091_9.jpg\" alt=\"\" class=\"wp-image-24748\" srcset=\"http:\/\/karin.stampis.com\/blog\/wp-content\/uploads\/2019\/03\/DSC_0091_9.jpg 1000w, http:\/\/karin.stampis.com\/blog\/wp-content\/uploads\/2019\/03\/DSC_0091_9-360x203.jpg 360w, http:\/\/karin.stampis.com\/blog\/wp-content\/uploads\/2019\/03\/DSC_0091_9-768x432.jpg 768w\" sizes=\"auto, (max-width: 1000px) 100vw, 1000px\" \/><figcaption>Vi spelade lite schack. Jag var f\u00f6rv\u00e5nad \u00f6ver att Alfred hade koll p\u00e5 hur de olika pj\u00e4serna r\u00f6rde sig!<\/figcaption><\/figure>\n\n\n\n<figure class=\"wp-block-image\"><img loading=\"lazy\" decoding=\"async\" width=\"1000\" height=\"563\" src=\"http:\/\/karin.stampis.com\/blog\/wp-content\/uploads\/2019\/03\/DSC_0101_8.jpg\" alt=\"\" class=\"wp-image-24747\" srcset=\"http:\/\/karin.stampis.com\/blog\/wp-content\/uploads\/2019\/03\/DSC_0101_8.jpg 1000w, http:\/\/karin.stampis.com\/blog\/wp-content\/uploads\/2019\/03\/DSC_0101_8-360x203.jpg 360w, http:\/\/karin.stampis.com\/blog\/wp-content\/uploads\/2019\/03\/DSC_0101_8-768x432.jpg 768w\" sizes=\"auto, (max-width: 1000px) 100vw, 1000px\" \/><figcaption>Sen var vi ute en sv\u00e4ng i omgivningarna.<\/figcaption><\/figure>\n","protected":false},"excerpt":{"rendered":"<p>F\u00f6rra helgen s\u00e5 firade vi mommos f\u00f6delsedag!<\/p>\n","protected":false},"author":1,"featured_media":0,"comment_status":"open","ping_status":"open","sticky":false,"template":"","format":"standard","meta":{"footnotes":""},"categories":[454,457,409],"tags":[],"class_list":["post-24744","post","type-post","status-publish","format-standard","hentry","category-454","category-mars-2019","category-syskonen"],"_links":{"self":[{"href":"http:\/\/karin.stampis.com\/blog\/index.php?rest_route=\/wp\/v2\/posts\/24744","targetHints":{"allow":["GET"]}}],"collection":[{"href":"http:\/\/karin.stampis.com\/blog\/index.php?rest_route=\/wp\/v2\/posts"}],"about":[{"href":"http:\/\/karin.stampis.com\/blog\/index.php?rest_route=\/wp\/v2\/types\/post"}],"author":[{"embeddable":true,"href":"http:\/\/karin.stampis.com\/blog\/index.php?rest_route=\/wp\/v2\/users\/1"}],"replies":[{"embeddable":true,"href":"http:\/\/karin.stampis.com\/blog\/index.php?rest_route=%2Fwp%2Fv2%2Fcomments&post=24744"}],"version-history":[{"count":3,"href":"http:\/\/karin.stampis.com\/blog\/index.php?rest_route=\/wp\/v2\/posts\/24744\/revisions"}],"predecessor-version":[{"id":24757,"href":"http:\/\/karin.stampis.com\/blog\/index.php?rest_route=\/wp\/v2\/posts\/24744\/revisions\/24757"}],"wp:attachment":[{"href":"http:\/\/karin.stampis.com\/blog\/index.php?rest_route=%2Fwp%2Fv2%2Fmedia&parent=24744"}],"wp:term":[{"taxonomy":"category","embeddable":true,"href":"http:\/\/karin.stampis.com\/blog\/index.php?rest_route=%2Fwp%2Fv2%2Fcategories&post=24744"},{"taxonomy":"post_tag","embeddable":true,"href":"http:\/\/karin.stampis.com\/blog\/index.php?rest_route=%2Fwp%2Fv2%2Ftags&post=24744"}],"curies":[{"name":"wp","href":"https:\/\/api.w.org\/{rel}","templated":true}]}}