{"id":24760,"date":"2019-03-31T17:36:41","date_gmt":"2019-03-31T16:36:41","guid":{"rendered":"http:\/\/karin.stampis.com\/blog\/?p=24760"},"modified":"2019-03-31T17:36:41","modified_gmt":"2019-03-31T16:36:41","slug":"hejda-spjalsangen","status":"publish","type":"post","link":"http:\/\/karin.stampis.com\/blog\/?p=24760","title":{"rendered":"Hejd\u00e5 spj\u00e4ls\u00e4ngen!"},"content":{"rendered":"\n<p>Slutligen s\u00e5 har vi monterat ner Viktors spj\u00e4ls\u00e4ng, som han vuxit ur f\u00f6r l\u00e4ngesen. Detta eftersom vi slutligen blivit klara att k\u00f6pa en s\u00e4ng till Alfred. Det blev en ganska h\u00f6g s\u00e4ng, s\u00e5 Alfred ville ha Viktors s\u00e4ng bredvid s\u00e5 han inte trillade ner p\u00e5 golvet.<\/p>\n\n\n\n<figure class=\"wp-block-image\"><img loading=\"lazy\" decoding=\"async\" width=\"1000\" height=\"563\" src=\"http:\/\/karin.stampis.com\/blog\/wp-content\/uploads\/2019\/03\/DSC_0027_44.jpg\" alt=\"\" class=\"wp-image-24762\" srcset=\"http:\/\/karin.stampis.com\/blog\/wp-content\/uploads\/2019\/03\/DSC_0027_44.jpg 1000w, http:\/\/karin.stampis.com\/blog\/wp-content\/uploads\/2019\/03\/DSC_0027_44-360x203.jpg 360w, http:\/\/karin.stampis.com\/blog\/wp-content\/uploads\/2019\/03\/DSC_0027_44-768x432.jpg 768w\" sizes=\"auto, (max-width: 1000px) 100vw, 1000px\" \/><figcaption>Hj\u00e4lper till med nedmonteringen<\/figcaption><\/figure>\n\n\n\n<figure class=\"wp-block-image\"><img loading=\"lazy\" decoding=\"async\" width=\"1000\" height=\"563\" src=\"http:\/\/karin.stampis.com\/blog\/wp-content\/uploads\/2019\/03\/DSC_0005_80.jpg\" alt=\"\" class=\"wp-image-24763\" srcset=\"http:\/\/karin.stampis.com\/blog\/wp-content\/uploads\/2019\/03\/DSC_0005_80.jpg 1000w, http:\/\/karin.stampis.com\/blog\/wp-content\/uploads\/2019\/03\/DSC_0005_80-360x203.jpg 360w, http:\/\/karin.stampis.com\/blog\/wp-content\/uploads\/2019\/03\/DSC_0005_80-768x432.jpg 768w\" sizes=\"auto, (max-width: 1000px) 100vw, 1000px\" \/><figcaption>Killarna fick \u00e4ven nya s\u00e4ngkl\u00e4der.<\/figcaption><\/figure>\n\n\n\n<figure class=\"wp-block-image\"><img loading=\"lazy\" decoding=\"async\" width=\"563\" height=\"1000\" src=\"http:\/\/karin.stampis.com\/blog\/wp-content\/uploads\/2019\/03\/DSC_0006_81.jpg\" alt=\"\" class=\"wp-image-24764\" srcset=\"http:\/\/karin.stampis.com\/blog\/wp-content\/uploads\/2019\/03\/DSC_0006_81.jpg 563w, http:\/\/karin.stampis.com\/blog\/wp-content\/uploads\/2019\/03\/DSC_0006_81-203x360.jpg 203w\" sizes=\"auto, (max-width: 563px) 100vw, 563px\" \/><figcaption>&#8220;Jag \u00e4lskar den&#8221; ber\u00e4ttar Viktor om sitt nya p\u00e5slakan. &#8220;Paw patrol&#8221; uttalas av Viktor ungef\u00e4r &#8220;Pappatroll&#8221; \ud83d\ude09 .<\/figcaption><\/figure>\n\n\n\n<p>Och jag tycker detta \u00e4r j\u00e4ttebra, f\u00f6r om Viktor kommer till v\u00e5r s\u00e4ng p\u00e5 natten, s\u00e5 \u00e4r det bara f\u00f6r mig att l\u00e4gga mig i Viktors s\u00e4ng ist\u00e4llet (Viktor tar mycket plats&#8230;). Det var lite sv\u00e5rt att g\u00f6ra d\u00e5 han hade spj\u00e4ls\u00e4ngen&#8230;<\/p>\n","protected":false},"excerpt":{"rendered":"<p>Slutligen s\u00e5 har vi monterat ner Viktors spj\u00e4ls\u00e4ng, som han vuxit ur f\u00f6r l\u00e4ngesen. Detta eftersom vi slutligen blivit klara att k\u00f6pa en s\u00e4ng till Alfred. Det blev en ganska h\u00f6g s\u00e4ng, s\u00e5 Alfred ville ha Viktors s\u00e4ng bredvid s\u00e5 &hellip; <a href=\"http:\/\/karin.stampis.com\/blog\/?p=24760\">Continue reading <span class=\"meta-nav\">&rarr;<\/span><\/a><\/p>\n","protected":false},"author":1,"featured_media":0,"comment_status":"open","ping_status":"open","sticky":false,"template":"","format":"standard","meta":{"footnotes":""},"categories":[454,457,410],"tags":[],"class_list":["post-24760","post","type-post","status-publish","format-standard","hentry","category-454","category-mars-2019","category-viktor"],"_links":{"self":[{"href":"http:\/\/karin.stampis.com\/blog\/index.php?rest_route=\/wp\/v2\/posts\/24760","targetHints":{"allow":["GET"]}}],"collection":[{"href":"http:\/\/karin.stampis.com\/blog\/index.php?rest_route=\/wp\/v2\/posts"}],"about":[{"href":"http:\/\/karin.stampis.com\/blog\/index.php?rest_route=\/wp\/v2\/types\/post"}],"author":[{"embeddable":true,"href":"http:\/\/karin.stampis.com\/blog\/index.php?rest_route=\/wp\/v2\/users\/1"}],"replies":[{"embeddable":true,"href":"http:\/\/karin.stampis.com\/blog\/index.php?rest_route=%2Fwp%2Fv2%2Fcomments&post=24760"}],"version-history":[{"count":1,"href":"http:\/\/karin.stampis.com\/blog\/index.php?rest_route=\/wp\/v2\/posts\/24760\/revisions"}],"predecessor-version":[{"id":24765,"href":"http:\/\/karin.stampis.com\/blog\/index.php?rest_route=\/wp\/v2\/posts\/24760\/revisions\/24765"}],"wp:attachment":[{"href":"http:\/\/karin.stampis.com\/blog\/index.php?rest_route=%2Fwp%2Fv2%2Fmedia&parent=24760"}],"wp:term":[{"taxonomy":"category","embeddable":true,"href":"http:\/\/karin.stampis.com\/blog\/index.php?rest_route=%2Fwp%2Fv2%2Fcategories&post=24760"},{"taxonomy":"post_tag","embeddable":true,"href":"http:\/\/karin.stampis.com\/blog\/index.php?rest_route=%2Fwp%2Fv2%2Ftags&post=24760"}],"curies":[{"name":"wp","href":"https:\/\/api.w.org\/{rel}","templated":true}]}}