{"id":24777,"date":"2019-04-07T14:45:23","date_gmt":"2019-04-07T13:45:23","guid":{"rendered":"http:\/\/karin.stampis.com\/blog\/?p=24777"},"modified":"2019-04-07T14:45:23","modified_gmt":"2019-04-07T13:45:23","slug":"stockholm-9","status":"publish","type":"post","link":"http:\/\/karin.stampis.com\/blog\/?p=24777","title":{"rendered":"Stockholm"},"content":{"rendered":"\n<p>Jag var p\u00e5 jobbresa i Stockholm under f\u00f6rra veckan.<\/p>\n\n\n\n<p>Det var g\u00f6tt att bo p\u00e5 hotell. Var p\u00e5 ett bra hotell med supergod (och inte fullpackad) frukost. <\/p>\n\n\n\n<figure class=\"wp-block-image\"><img loading=\"lazy\" decoding=\"async\" width=\"1000\" height=\"563\" src=\"http:\/\/karin.stampis.com\/blog\/wp-content\/uploads\/2019\/04\/DSC_0004_82.jpg\" alt=\"\" class=\"wp-image-24779\" srcset=\"http:\/\/karin.stampis.com\/blog\/wp-content\/uploads\/2019\/04\/DSC_0004_82.jpg 1000w, http:\/\/karin.stampis.com\/blog\/wp-content\/uploads\/2019\/04\/DSC_0004_82-360x203.jpg 360w, http:\/\/karin.stampis.com\/blog\/wp-content\/uploads\/2019\/04\/DSC_0004_82-768x432.jpg 768w\" sizes=\"auto, (max-width: 1000px) 100vw, 1000px\" \/><figcaption>Bra hotellrum med sk\u00f6na s\u00e4ngar (men inte sov jag gott f\u00f6r det &#8211; typiskt d\u00e5 man nu hade m\u00f6jlighet att sova ost\u00f6rt!)<\/figcaption><\/figure>\n\n\n\n<figure class=\"wp-block-image\"><img loading=\"lazy\" decoding=\"async\" width=\"1000\" height=\"563\" src=\"http:\/\/karin.stampis.com\/blog\/wp-content\/uploads\/2019\/04\/DSC_0010_66.jpg\" alt=\"\" class=\"wp-image-24787\" srcset=\"http:\/\/karin.stampis.com\/blog\/wp-content\/uploads\/2019\/04\/DSC_0010_66.jpg 1000w, http:\/\/karin.stampis.com\/blog\/wp-content\/uploads\/2019\/04\/DSC_0010_66-360x203.jpg 360w, http:\/\/karin.stampis.com\/blog\/wp-content\/uploads\/2019\/04\/DSC_0010_66-768x432.jpg 768w\" sizes=\"auto, (max-width: 1000px) 100vw, 1000px\" \/><figcaption>God frukost!<\/figcaption><\/figure>\n\n\n\n<p>F\u00f6rsta kv\u00e4llen tr\u00e4ffade jag Lena och vi \u00e5t sushi p\u00e5 ett &#8220;fint&#8221; sushist\u00e4lle. Det var gott, men jag hade lite sv\u00e5rt att sm\u00e4lta att man inte fick soja till.<\/p>\n\n\n\n<ul class=\"wp-block-gallery columns-3 is-cropped wp-block-gallery-1 is-layout-flex wp-block-gallery-is-layout-flex\"><li class=\"blocks-gallery-item\"><figure><img loading=\"lazy\" decoding=\"async\" width=\"1000\" height=\"563\" src=\"http:\/\/karin.stampis.com\/blog\/wp-content\/uploads\/2019\/04\/DSC_0005_81.jpg\" alt=\"\" data-id=\"24792\" data-link=\"http:\/\/karin.stampis.com\/blog\/?attachment_id=24792\" class=\"wp-image-24792\" srcset=\"http:\/\/karin.stampis.com\/blog\/wp-content\/uploads\/2019\/04\/DSC_0005_81.jpg 1000w, http:\/\/karin.stampis.com\/blog\/wp-content\/uploads\/2019\/04\/DSC_0005_81-360x203.jpg 360w, http:\/\/karin.stampis.com\/blog\/wp-content\/uploads\/2019\/04\/DSC_0005_81-768x432.jpg 768w\" sizes=\"auto, (max-width: 1000px) 100vw, 1000px\" \/><\/figure><\/li><li class=\"blocks-gallery-item\"><figure><img loading=\"lazy\" decoding=\"async\" width=\"1000\" height=\"563\" src=\"http:\/\/karin.stampis.com\/blog\/wp-content\/uploads\/2019\/04\/DSC_0006_82.jpg\" alt=\"\" data-id=\"24791\" data-link=\"http:\/\/karin.stampis.com\/blog\/?attachment_id=24791\" class=\"wp-image-24791\" srcset=\"http:\/\/karin.stampis.com\/blog\/wp-content\/uploads\/2019\/04\/DSC_0006_82.jpg 1000w, http:\/\/karin.stampis.com\/blog\/wp-content\/uploads\/2019\/04\/DSC_0006_82-360x203.jpg 360w, http:\/\/karin.stampis.com\/blog\/wp-content\/uploads\/2019\/04\/DSC_0006_82-768x432.jpg 768w\" sizes=\"auto, (max-width: 1000px) 100vw, 1000px\" \/><\/figure><\/li><li class=\"blocks-gallery-item\"><figure><img loading=\"lazy\" decoding=\"async\" width=\"1000\" height=\"563\" src=\"http:\/\/karin.stampis.com\/blog\/wp-content\/uploads\/2019\/04\/DSC_0009_73.jpg\" alt=\"\" data-id=\"24788\" data-link=\"http:\/\/karin.stampis.com\/blog\/?attachment_id=24788\" class=\"wp-image-24788\" srcset=\"http:\/\/karin.stampis.com\/blog\/wp-content\/uploads\/2019\/04\/DSC_0009_73.jpg 1000w, http:\/\/karin.stampis.com\/blog\/wp-content\/uploads\/2019\/04\/DSC_0009_73-360x203.jpg 360w, http:\/\/karin.stampis.com\/blog\/wp-content\/uploads\/2019\/04\/DSC_0009_73-768x432.jpg 768w\" sizes=\"auto, (max-width: 1000px) 100vw, 1000px\" \/><\/figure><\/li><li class=\"blocks-gallery-item\"><figure><img loading=\"lazy\" decoding=\"async\" width=\"1000\" height=\"563\" src=\"http:\/\/karin.stampis.com\/blog\/wp-content\/uploads\/2019\/04\/DSC_0007_79.jpg\" alt=\"\" data-id=\"24790\" data-link=\"http:\/\/karin.stampis.com\/blog\/?attachment_id=24790\" class=\"wp-image-24790\" srcset=\"http:\/\/karin.stampis.com\/blog\/wp-content\/uploads\/2019\/04\/DSC_0007_79.jpg 1000w, http:\/\/karin.stampis.com\/blog\/wp-content\/uploads\/2019\/04\/DSC_0007_79-360x203.jpg 360w, http:\/\/karin.stampis.com\/blog\/wp-content\/uploads\/2019\/04\/DSC_0007_79-768x432.jpg 768w\" sizes=\"auto, (max-width: 1000px) 100vw, 1000px\" \/><\/figure><\/li><li class=\"blocks-gallery-item\"><figure><img loading=\"lazy\" decoding=\"async\" width=\"1000\" height=\"563\" src=\"http:\/\/karin.stampis.com\/blog\/wp-content\/uploads\/2019\/04\/DSC_0008_75.jpg\" alt=\"\" data-id=\"24789\" data-link=\"http:\/\/karin.stampis.com\/blog\/?attachment_id=24789\" class=\"wp-image-24789\" srcset=\"http:\/\/karin.stampis.com\/blog\/wp-content\/uploads\/2019\/04\/DSC_0008_75.jpg 1000w, http:\/\/karin.stampis.com\/blog\/wp-content\/uploads\/2019\/04\/DSC_0008_75-360x203.jpg 360w, http:\/\/karin.stampis.com\/blog\/wp-content\/uploads\/2019\/04\/DSC_0008_75-768x432.jpg 768w\" sizes=\"auto, (max-width: 1000px) 100vw, 1000px\" \/><\/figure><\/li><\/ul>\n\n\n\n<p>Andra kv\u00e4llen h\u00e4lsade jag p\u00e5 kusin och kusinbarn. J\u00e4ttekul att se dom \ud83d\ude42 !<\/p>\n\n\n\n<p>Jag kom hem sent p\u00e5 torsdagen. D\u00e5 fanns det blommor och ett kort till mig. Viktor hade valt gula blommor och Alfred bl\u00e5a (f\u00f6r han vet att bl\u00e5 \u00e4r min favoritf\u00e4rg).<\/p>\n\n\n\n<figure class=\"wp-block-image\"><img loading=\"lazy\" decoding=\"async\" width=\"563\" height=\"1000\" src=\"http:\/\/karin.stampis.com\/blog\/wp-content\/uploads\/2019\/04\/DSC_0034_36.jpg\" alt=\"\" class=\"wp-image-24782\" srcset=\"http:\/\/karin.stampis.com\/blog\/wp-content\/uploads\/2019\/04\/DSC_0034_36.jpg 563w, http:\/\/karin.stampis.com\/blog\/wp-content\/uploads\/2019\/04\/DSC_0034_36-203x360.jpg 203w\" sizes=\"auto, (max-width: 563px) 100vw, 563px\" \/><\/figure>\n\n\n\n<figure class=\"wp-block-image\"><img loading=\"lazy\" decoding=\"async\" width=\"772\" height=\"1000\" src=\"http:\/\/karin.stampis.com\/blog\/wp-content\/uploads\/2019\/04\/DSC_0037_36.jpg\" alt=\"\" class=\"wp-image-24781\" srcset=\"http:\/\/karin.stampis.com\/blog\/wp-content\/uploads\/2019\/04\/DSC_0037_36.jpg 772w, http:\/\/karin.stampis.com\/blog\/wp-content\/uploads\/2019\/04\/DSC_0037_36-278x360.jpg 278w, http:\/\/karin.stampis.com\/blog\/wp-content\/uploads\/2019\/04\/DSC_0037_36-768x995.jpg 768w\" sizes=\"auto, (max-width: 772px) 100vw, 772px\" \/><\/figure>\n","protected":false},"excerpt":{"rendered":"<p>Jag var p\u00e5 jobbresa i Stockholm under f\u00f6rra veckan. Det var g\u00f6tt att bo p\u00e5 hotell. Var p\u00e5 ett bra hotell med supergod (och inte fullpackad) frukost. F\u00f6rsta kv\u00e4llen tr\u00e4ffade jag Lena och vi \u00e5t sushi p\u00e5 ett &#8220;fint&#8221; sushist\u00e4lle. &hellip; <a href=\"http:\/\/karin.stampis.com\/blog\/?p=24777\">Continue reading <span class=\"meta-nav\">&rarr;<\/span><\/a><\/p>\n","protected":false},"author":1,"featured_media":0,"comment_status":"open","ping_status":"open","sticky":false,"template":"","format":"standard","meta":{"footnotes":""},"categories":[454,458,145,183],"tags":[],"class_list":["post-24777","post","type-post","status-publish","format-standard","hentry","category-454","category-april-2019","category-resebloggar","category-stockholmsresor"],"_links":{"self":[{"href":"http:\/\/karin.stampis.com\/blog\/index.php?rest_route=\/wp\/v2\/posts\/24777","targetHints":{"allow":["GET"]}}],"collection":[{"href":"http:\/\/karin.stampis.com\/blog\/index.php?rest_route=\/wp\/v2\/posts"}],"about":[{"href":"http:\/\/karin.stampis.com\/blog\/index.php?rest_route=\/wp\/v2\/types\/post"}],"author":[{"embeddable":true,"href":"http:\/\/karin.stampis.com\/blog\/index.php?rest_route=\/wp\/v2\/users\/1"}],"replies":[{"embeddable":true,"href":"http:\/\/karin.stampis.com\/blog\/index.php?rest_route=%2Fwp%2Fv2%2Fcomments&post=24777"}],"version-history":[{"count":2,"href":"http:\/\/karin.stampis.com\/blog\/index.php?rest_route=\/wp\/v2\/posts\/24777\/revisions"}],"predecessor-version":[{"id":24793,"href":"http:\/\/karin.stampis.com\/blog\/index.php?rest_route=\/wp\/v2\/posts\/24777\/revisions\/24793"}],"wp:attachment":[{"href":"http:\/\/karin.stampis.com\/blog\/index.php?rest_route=%2Fwp%2Fv2%2Fmedia&parent=24777"}],"wp:term":[{"taxonomy":"category","embeddable":true,"href":"http:\/\/karin.stampis.com\/blog\/index.php?rest_route=%2Fwp%2Fv2%2Fcategories&post=24777"},{"taxonomy":"post_tag","embeddable":true,"href":"http:\/\/karin.stampis.com\/blog\/index.php?rest_route=%2Fwp%2Fv2%2Ftags&post=24777"}],"curies":[{"name":"wp","href":"https:\/\/api.w.org\/{rel}","templated":true}]}}