{"id":24794,"date":"2019-04-09T07:52:31","date_gmt":"2019-04-09T06:52:31","guid":{"rendered":"http:\/\/karin.stampis.com\/blog\/?p=24794"},"modified":"2019-04-07T14:53:37","modified_gmt":"2019-04-07T13:53:37","slug":"biokvall-2","status":"publish","type":"post","link":"http:\/\/karin.stampis.com\/blog\/?p=24794","title":{"rendered":"Biokv\u00e4ll"},"content":{"rendered":"\n<p>Eftersom jag jobbade hela t\u00e5gresan hem fr\u00e5n Stockholm (det var l\u00e4ngesen jag var s\u00e5 flitig!), s\u00e5 tog jag mig frideten att ha en ledig eftermiddag p\u00e5 fredagen. D\u00e5 h\u00e4mtade jag upp Alfred 13.30 d\u00e5 skolan slutade. Jag ber\u00e4ttade f\u00f6r honom att vi skulle \u00e5ka iv\u00e4g sj\u00e4lva och se p\u00e5 bio. D\u00e5 blev han j\u00e4tteglad \ud83d\ude42 . Sen gick vi till bussh\u00e5llsplatsen och \u00e5kte vidare till Lund.<\/p>\n\n\n\n<figure class=\"wp-block-image\"><img loading=\"lazy\" decoding=\"async\" width=\"1000\" height=\"750\" src=\"http:\/\/karin.stampis.com\/blog\/wp-content\/uploads\/2019\/04\/DSC_0023_52.jpg\" alt=\"\" class=\"wp-image-24786\" srcset=\"http:\/\/karin.stampis.com\/blog\/wp-content\/uploads\/2019\/04\/DSC_0023_52.jpg 1000w, http:\/\/karin.stampis.com\/blog\/wp-content\/uploads\/2019\/04\/DSC_0023_52-360x270.jpg 360w, http:\/\/karin.stampis.com\/blog\/wp-content\/uploads\/2019\/04\/DSC_0023_52-768x576.jpg 768w\" sizes=\"auto, (max-width: 1000px) 100vw, 1000px\" \/><figcaption>V\u00e4ntar p\u00e5 bussen.<\/figcaption><\/figure>\n\n\n\n<p>Vi gick en liten runda i stan, och Alfred fick k\u00f6pa godis i en j\u00e4ttestor godisaff\u00e4r. Han fick \u00e4ven k\u00f6pa popcorn och cola p\u00e5 bion, all-in idag \ud83d\ude09 . <\/p>\n\n\n\n<p>Det var inte s\u00e5 m\u00e5nga s\u00e4llskap som gick p\u00e5 bio tidigt p\u00e5 fredagseftermiddagen &#8211; bara vi och tv\u00e5 s\u00e4llskap till.<\/p>\n\n\n\n<figure class=\"wp-block-image\"><img loading=\"lazy\" decoding=\"async\" width=\"1000\" height=\"563\" src=\"http:\/\/karin.stampis.com\/blog\/wp-content\/uploads\/2019\/04\/DSC_0026_47.jpg\" alt=\"\" class=\"wp-image-24784\" srcset=\"http:\/\/karin.stampis.com\/blog\/wp-content\/uploads\/2019\/04\/DSC_0026_47.jpg 1000w, http:\/\/karin.stampis.com\/blog\/wp-content\/uploads\/2019\/04\/DSC_0026_47-360x203.jpg 360w, http:\/\/karin.stampis.com\/blog\/wp-content\/uploads\/2019\/04\/DSC_0026_47-768x432.jpg 768w\" sizes=\"auto, (max-width: 1000px) 100vw, 1000px\" \/><\/figure>\n\n\n\n<figure class=\"wp-block-image\"><img loading=\"lazy\" decoding=\"async\" width=\"1000\" height=\"563\" src=\"http:\/\/karin.stampis.com\/blog\/wp-content\/uploads\/2019\/04\/DSC_0025_49.jpg\" alt=\"\" class=\"wp-image-24785\" srcset=\"http:\/\/karin.stampis.com\/blog\/wp-content\/uploads\/2019\/04\/DSC_0025_49.jpg 1000w, http:\/\/karin.stampis.com\/blog\/wp-content\/uploads\/2019\/04\/DSC_0025_49-360x203.jpg 360w, http:\/\/karin.stampis.com\/blog\/wp-content\/uploads\/2019\/04\/DSC_0025_49-768x432.jpg 768w\" sizes=\"auto, (max-width: 1000px) 100vw, 1000px\" \/><\/figure>\n\n\n\n<p>Vi s\u00e5g p\u00e5 Dumbo. V\u00e4ldigt fint animerad film.<\/p>\n\n\n\n<p>Efter\u00e5t plockade Jimmy upp oss, och fredagsmiddagen intogs p\u00e5 Max f\u00f6r barnen.<\/p>\n\n\n\n<figure class=\"wp-block-image\"><img loading=\"lazy\" decoding=\"async\" width=\"1000\" height=\"546\" src=\"http:\/\/karin.stampis.com\/blog\/wp-content\/uploads\/2019\/04\/DSC_0029_43.jpg\" alt=\"\" class=\"wp-image-24783\" srcset=\"http:\/\/karin.stampis.com\/blog\/wp-content\/uploads\/2019\/04\/DSC_0029_43.jpg 1000w, http:\/\/karin.stampis.com\/blog\/wp-content\/uploads\/2019\/04\/DSC_0029_43-360x197.jpg 360w, http:\/\/karin.stampis.com\/blog\/wp-content\/uploads\/2019\/04\/DSC_0029_43-768x419.jpg 768w\" sizes=\"auto, (max-width: 1000px) 100vw, 1000px\" \/><\/figure>\n\n\n\n<p><br><\/p>\n","protected":false},"excerpt":{"rendered":"<p>Eftersom jag jobbade hela t\u00e5gresan hem fr\u00e5n Stockholm (det var l\u00e4ngesen jag var s\u00e5 flitig!), s\u00e5 tog jag mig frideten att ha en ledig eftermiddag p\u00e5 fredagen. D\u00e5 h\u00e4mtade jag upp Alfred 13.30 d\u00e5 skolan slutade. Jag ber\u00e4ttade f\u00f6r honom &hellip; <a href=\"http:\/\/karin.stampis.com\/blog\/?p=24794\">Continue reading <span class=\"meta-nav\">&rarr;<\/span><\/a><\/p>\n","protected":false},"author":1,"featured_media":0,"comment_status":"open","ping_status":"open","sticky":false,"template":"","format":"standard","meta":{"footnotes":""},"categories":[454,322,458],"tags":[],"class_list":["post-24794","post","type-post","status-publish","format-standard","hentry","category-454","category-alfred","category-april-2019"],"_links":{"self":[{"href":"http:\/\/karin.stampis.com\/blog\/index.php?rest_route=\/wp\/v2\/posts\/24794","targetHints":{"allow":["GET"]}}],"collection":[{"href":"http:\/\/karin.stampis.com\/blog\/index.php?rest_route=\/wp\/v2\/posts"}],"about":[{"href":"http:\/\/karin.stampis.com\/blog\/index.php?rest_route=\/wp\/v2\/types\/post"}],"author":[{"embeddable":true,"href":"http:\/\/karin.stampis.com\/blog\/index.php?rest_route=\/wp\/v2\/users\/1"}],"replies":[{"embeddable":true,"href":"http:\/\/karin.stampis.com\/blog\/index.php?rest_route=%2Fwp%2Fv2%2Fcomments&post=24794"}],"version-history":[{"count":2,"href":"http:\/\/karin.stampis.com\/blog\/index.php?rest_route=\/wp\/v2\/posts\/24794\/revisions"}],"predecessor-version":[{"id":24796,"href":"http:\/\/karin.stampis.com\/blog\/index.php?rest_route=\/wp\/v2\/posts\/24794\/revisions\/24796"}],"wp:attachment":[{"href":"http:\/\/karin.stampis.com\/blog\/index.php?rest_route=%2Fwp%2Fv2%2Fmedia&parent=24794"}],"wp:term":[{"taxonomy":"category","embeddable":true,"href":"http:\/\/karin.stampis.com\/blog\/index.php?rest_route=%2Fwp%2Fv2%2Fcategories&post=24794"},{"taxonomy":"post_tag","embeddable":true,"href":"http:\/\/karin.stampis.com\/blog\/index.php?rest_route=%2Fwp%2Fv2%2Ftags&post=24794"}],"curies":[{"name":"wp","href":"https:\/\/api.w.org\/{rel}","templated":true}]}}