{"id":24922,"date":"2019-05-10T15:58:37","date_gmt":"2019-05-10T14:58:37","guid":{"rendered":"http:\/\/karin.stampis.com\/blog\/?p=24922"},"modified":"2019-05-10T15:58:37","modified_gmt":"2019-05-10T14:58:37","slug":"jimmys-fodelsedag-2","status":"publish","type":"post","link":"http:\/\/karin.stampis.com\/blog\/?p=24922","title":{"rendered":"Jimmys f\u00f6delsedag!"},"content":{"rendered":"\n<p>Ig\u00e5r fyllde maken \u00e5r. Tv\u00e5 blombuketter och en fin skjorta fick han!<\/p>\n\n\n\n<figure class=\"wp-block-image\"><img loading=\"lazy\" decoding=\"async\" width=\"1000\" height=\"667\" src=\"http:\/\/karin.stampis.com\/blog\/wp-content\/uploads\/2019\/05\/DSC08550.jpg\" alt=\"\" class=\"wp-image-24929\" srcset=\"http:\/\/karin.stampis.com\/blog\/wp-content\/uploads\/2019\/05\/DSC08550.jpg 1000w, http:\/\/karin.stampis.com\/blog\/wp-content\/uploads\/2019\/05\/DSC08550-360x240.jpg 360w, http:\/\/karin.stampis.com\/blog\/wp-content\/uploads\/2019\/05\/DSC08550-768x512.jpg 768w\" sizes=\"auto, (max-width: 1000px) 100vw, 1000px\" \/><figcaption> Det blev en bl\u00e5b\u00e4rsmousset\u00e5rta denna g\u00e5ng.  <\/figcaption><\/figure>\n\n\n\n<figure class=\"wp-block-image\"><img loading=\"lazy\" decoding=\"async\" width=\"1000\" height=\"667\" src=\"http:\/\/karin.stampis.com\/blog\/wp-content\/uploads\/2019\/05\/DSC08553.jpg\" alt=\"\" class=\"wp-image-24928\" srcset=\"http:\/\/karin.stampis.com\/blog\/wp-content\/uploads\/2019\/05\/DSC08553.jpg 1000w, http:\/\/karin.stampis.com\/blog\/wp-content\/uploads\/2019\/05\/DSC08553-360x240.jpg 360w, http:\/\/karin.stampis.com\/blog\/wp-content\/uploads\/2019\/05\/DSC08553-768x512.jpg 768w\" sizes=\"auto, (max-width: 1000px) 100vw, 1000px\" \/><figcaption> Viktor hade sagt till p\u00e5 f\u00f6rskolan att pappa fyllde tv\u00e5 \u00e5r, s\u00e5 tv\u00e5 ljus fick det bli! <\/figcaption><\/figure>\n\n\n\n<figure class=\"wp-block-image\"><img loading=\"lazy\" decoding=\"async\" width=\"667\" height=\"1000\" src=\"http:\/\/karin.stampis.com\/blog\/wp-content\/uploads\/2019\/05\/DSC08559.jpg\" alt=\"\" class=\"wp-image-24925\" srcset=\"http:\/\/karin.stampis.com\/blog\/wp-content\/uploads\/2019\/05\/DSC08559.jpg 667w, http:\/\/karin.stampis.com\/blog\/wp-content\/uploads\/2019\/05\/DSC08559-240x360.jpg 240w\" sizes=\"auto, (max-width: 667px) 100vw, 667px\" \/><figcaption>De tv\u00e5 f\u00e4rgerna p\u00e5 t\u00e5rtan matchar de tv\u00e5 f\u00e4rgerna p\u00e5 slipsen \ud83d\ude09 &#8211;<\/figcaption><\/figure>\n\n\n\n<figure class=\"wp-block-image\"><img loading=\"lazy\" decoding=\"async\" width=\"667\" height=\"1000\" src=\"http:\/\/karin.stampis.com\/blog\/wp-content\/uploads\/2019\/05\/DSC08556.jpg\" alt=\"\" class=\"wp-image-24927\" srcset=\"http:\/\/karin.stampis.com\/blog\/wp-content\/uploads\/2019\/05\/DSC08556.jpg 667w, http:\/\/karin.stampis.com\/blog\/wp-content\/uploads\/2019\/05\/DSC08556-240x360.jpg 240w\" sizes=\"auto, (max-width: 667px) 100vw, 667px\" \/><figcaption>Entusiastisk kille d\u00e5 t\u00e5rtan kommer fram.<\/figcaption><\/figure>\n\n\n\n<figure class=\"wp-block-image\"><img loading=\"lazy\" decoding=\"async\" width=\"667\" height=\"1000\" src=\"http:\/\/karin.stampis.com\/blog\/wp-content\/uploads\/2019\/05\/DSC08557.jpg\" alt=\"\" class=\"wp-image-24926\" srcset=\"http:\/\/karin.stampis.com\/blog\/wp-content\/uploads\/2019\/05\/DSC08557.jpg 667w, http:\/\/karin.stampis.com\/blog\/wp-content\/uploads\/2019\/05\/DSC08557-240x360.jpg 240w\" sizes=\"auto, (max-width: 667px) 100vw, 667px\" \/><figcaption>En till entusiastisk kille (Jimmy har en tendens att s\u00e4tta fel kl\u00e4der p\u00e5 fel barn&#8230;)<\/figcaption><\/figure>\n\n\n\n<figure class=\"wp-block-image\"><img loading=\"lazy\" decoding=\"async\" width=\"1000\" height=\"667\" src=\"http:\/\/karin.stampis.com\/blog\/wp-content\/uploads\/2019\/05\/DSC08574.jpg\" alt=\"\" class=\"wp-image-24924\" srcset=\"http:\/\/karin.stampis.com\/blog\/wp-content\/uploads\/2019\/05\/DSC08574.jpg 1000w, http:\/\/karin.stampis.com\/blog\/wp-content\/uploads\/2019\/05\/DSC08574-360x240.jpg 360w, http:\/\/karin.stampis.com\/blog\/wp-content\/uploads\/2019\/05\/DSC08574-768x512.jpg 768w\" sizes=\"auto, (max-width: 1000px) 100vw, 1000px\" \/><figcaption>Sen tog Alfred kameran, s\u00e5 det finns m\u00e5nga varianter p\u00e5 detta foto.<\/figcaption><\/figure>\n","protected":false},"excerpt":{"rendered":"<p>Ig\u00e5r fyllde maken \u00e5r. Tv\u00e5 blombuketter och en fin skjorta fick han!<\/p>\n","protected":false},"author":1,"featured_media":0,"comment_status":"open","ping_status":"open","sticky":false,"template":"","format":"standard","meta":{"footnotes":""},"categories":[454,459],"tags":[],"class_list":["post-24922","post","type-post","status-publish","format-standard","hentry","category-454","category-maj-2019"],"_links":{"self":[{"href":"http:\/\/karin.stampis.com\/blog\/index.php?rest_route=\/wp\/v2\/posts\/24922","targetHints":{"allow":["GET"]}}],"collection":[{"href":"http:\/\/karin.stampis.com\/blog\/index.php?rest_route=\/wp\/v2\/posts"}],"about":[{"href":"http:\/\/karin.stampis.com\/blog\/index.php?rest_route=\/wp\/v2\/types\/post"}],"author":[{"embeddable":true,"href":"http:\/\/karin.stampis.com\/blog\/index.php?rest_route=\/wp\/v2\/users\/1"}],"replies":[{"embeddable":true,"href":"http:\/\/karin.stampis.com\/blog\/index.php?rest_route=%2Fwp%2Fv2%2Fcomments&post=24922"}],"version-history":[{"count":2,"href":"http:\/\/karin.stampis.com\/blog\/index.php?rest_route=\/wp\/v2\/posts\/24922\/revisions"}],"predecessor-version":[{"id":24930,"href":"http:\/\/karin.stampis.com\/blog\/index.php?rest_route=\/wp\/v2\/posts\/24922\/revisions\/24930"}],"wp:attachment":[{"href":"http:\/\/karin.stampis.com\/blog\/index.php?rest_route=%2Fwp%2Fv2%2Fmedia&parent=24922"}],"wp:term":[{"taxonomy":"category","embeddable":true,"href":"http:\/\/karin.stampis.com\/blog\/index.php?rest_route=%2Fwp%2Fv2%2Fcategories&post=24922"},{"taxonomy":"post_tag","embeddable":true,"href":"http:\/\/karin.stampis.com\/blog\/index.php?rest_route=%2Fwp%2Fv2%2Ftags&post=24922"}],"curies":[{"name":"wp","href":"https:\/\/api.w.org\/{rel}","templated":true}]}}