{"id":24931,"date":"2019-05-14T19:51:03","date_gmt":"2019-05-14T18:51:03","guid":{"rendered":"http:\/\/karin.stampis.com\/blog\/?p=24931"},"modified":"2019-05-14T19:51:03","modified_gmt":"2019-05-14T18:51:03","slug":"norrvikens-tradgardar-4","status":"publish","type":"post","link":"http:\/\/karin.stampis.com\/blog\/?p=24931","title":{"rendered":"Norrvikens tr\u00e4dg\u00e5rdar"},"content":{"rendered":"\n<p>F\u00f6rrf\u00f6rra helgen s\u00e5 var Viktor och jag sj\u00e4lva hos p\u00e4ronen. Det var f\u00f6rsta g\u00e5ngen som Viktor \u00e5kte t\u00e5g. Det gick finfint!<\/p>\n\n\n\n<figure class=\"wp-block-image\"><img loading=\"lazy\" decoding=\"async\" width=\"1000\" height=\"563\" src=\"http:\/\/karin.stampis.com\/blog\/wp-content\/uploads\/2019\/05\/DSC_0114-1.jpg\" alt=\"\" class=\"wp-image-24944\" srcset=\"http:\/\/karin.stampis.com\/blog\/wp-content\/uploads\/2019\/05\/DSC_0114-1.jpg 1000w, http:\/\/karin.stampis.com\/blog\/wp-content\/uploads\/2019\/05\/DSC_0114-1-360x203.jpg 360w, http:\/\/karin.stampis.com\/blog\/wp-content\/uploads\/2019\/05\/DSC_0114-1-768x432.jpg 768w\" sizes=\"auto, (max-width: 1000px) 100vw, 1000px\" \/><figcaption>Viktor p\u00e5 t\u00e5get. Det var sk\u00f6nt att vi hade bokat platsbiljett d\u00e5 vi \u00e5kte fredag e.m&#8230;<\/figcaption><\/figure>\n\n\n\n<p>P\u00e5 l\u00f6rdagen skulle vi till Norrvikens tr\u00e4dg\u00e5rdar, men det var ett event d\u00e4r och mycket med folk. Efter att \u00e5kt lite bil s\u00e5 landade vi p\u00e5 g\u00e5rden. Gungade och h\u00e4lsade p\u00e5 Eva och Kjell. Viktor uppt\u00e4ckte att de hade en sandl\u00e5da inomhus s\u00e5 det fick bli handtv\u00e4tt (kattl\u00e5da).<\/p>\n\n\n\n<figure class=\"wp-block-image\"><img loading=\"lazy\" decoding=\"async\" width=\"1000\" height=\"667\" src=\"http:\/\/karin.stampis.com\/blog\/wp-content\/uploads\/2019\/05\/DSC08533.jpg\" alt=\"\" class=\"wp-image-24941\" srcset=\"http:\/\/karin.stampis.com\/blog\/wp-content\/uploads\/2019\/05\/DSC08533.jpg 1000w, http:\/\/karin.stampis.com\/blog\/wp-content\/uploads\/2019\/05\/DSC08533-360x240.jpg 360w, http:\/\/karin.stampis.com\/blog\/wp-content\/uploads\/2019\/05\/DSC08533-768x512.jpg 768w\" sizes=\"auto, (max-width: 1000px) 100vw, 1000px\" \/><figcaption>Gungan f\u00f6r sig sj\u00e4lv!<\/figcaption><\/figure>\n\n\n\n<figure class=\"wp-block-image\"><img loading=\"lazy\" decoding=\"async\" width=\"1000\" height=\"667\" src=\"http:\/\/karin.stampis.com\/blog\/wp-content\/uploads\/2019\/05\/DSC08531.jpg\" alt=\"\" class=\"wp-image-24942\" srcset=\"http:\/\/karin.stampis.com\/blog\/wp-content\/uploads\/2019\/05\/DSC08531.jpg 1000w, http:\/\/karin.stampis.com\/blog\/wp-content\/uploads\/2019\/05\/DSC08531-360x240.jpg 360w, http:\/\/karin.stampis.com\/blog\/wp-content\/uploads\/2019\/05\/DSC08531-768x512.jpg 768w\" sizes=\"auto, (max-width: 1000px) 100vw, 1000px\" \/><\/figure>\n\n\n\n<p>P\u00e5 s\u00f6ndagen s\u00e5 funkade det b\u00e4ttre med Norrvikens tr\u00e4dg\u00e5rdar.<\/p>\n\n\n\n<figure class=\"wp-block-image\"><img loading=\"lazy\" decoding=\"async\" width=\"563\" height=\"1000\" src=\"http:\/\/karin.stampis.com\/blog\/wp-content\/uploads\/2019\/05\/DSC_0129.jpg\" alt=\"\" class=\"wp-image-24940\" srcset=\"http:\/\/karin.stampis.com\/blog\/wp-content\/uploads\/2019\/05\/DSC_0129.jpg 563w, http:\/\/karin.stampis.com\/blog\/wp-content\/uploads\/2019\/05\/DSC_0129-203x360.jpg 203w\" sizes=\"auto, (max-width: 563px) 100vw, 563px\" \/><figcaption>Viktor gillade denna platsen.<br><br><\/figcaption><\/figure>\n\n\n\n<figure class=\"wp-block-image\"><img loading=\"lazy\" decoding=\"async\" width=\"1000\" height=\"667\" src=\"http:\/\/karin.stampis.com\/blog\/wp-content\/uploads\/2019\/05\/DSC08541.jpg\" alt=\"\" class=\"wp-image-24937\" srcset=\"http:\/\/karin.stampis.com\/blog\/wp-content\/uploads\/2019\/05\/DSC08541.jpg 1000w, http:\/\/karin.stampis.com\/blog\/wp-content\/uploads\/2019\/05\/DSC08541-360x240.jpg 360w, http:\/\/karin.stampis.com\/blog\/wp-content\/uploads\/2019\/05\/DSC08541-768x512.jpg 768w\" sizes=\"auto, (max-width: 1000px) 100vw, 1000px\" \/><figcaption>Intressant med fiskar.<\/figcaption><\/figure>\n\n\n\n<figure class=\"wp-block-image\"><img loading=\"lazy\" decoding=\"async\" width=\"667\" height=\"1000\" src=\"http:\/\/karin.stampis.com\/blog\/wp-content\/uploads\/2019\/05\/DSC08538.jpg\" alt=\"\" class=\"wp-image-24939\" srcset=\"http:\/\/karin.stampis.com\/blog\/wp-content\/uploads\/2019\/05\/DSC08538.jpg 667w, http:\/\/karin.stampis.com\/blog\/wp-content\/uploads\/2019\/05\/DSC08538-240x360.jpg 240w\" sizes=\"auto, (max-width: 667px) 100vw, 667px\" \/><figcaption>K\u00f6rsb\u00e4rstr\u00e4den blommade fortfarande \u00e4ven om blomningen passerat zenit. <br>Magnolian var dock utblommad.<\/figcaption><\/figure>\n\n\n\n<figure class=\"wp-block-image\"><img loading=\"lazy\" decoding=\"async\" width=\"1000\" height=\"667\" src=\"http:\/\/karin.stampis.com\/blog\/wp-content\/uploads\/2019\/05\/DSC08542.jpg\" alt=\"\" class=\"wp-image-24945\" srcset=\"http:\/\/karin.stampis.com\/blog\/wp-content\/uploads\/2019\/05\/DSC08542.jpg 1000w, http:\/\/karin.stampis.com\/blog\/wp-content\/uploads\/2019\/05\/DSC08542-360x240.jpg 360w, http:\/\/karin.stampis.com\/blog\/wp-content\/uploads\/2019\/05\/DSC08542-768x512.jpg 768w\" sizes=\"auto, (max-width: 1000px) 100vw, 1000px\" \/><\/figure>\n\n\n\n<figure class=\"wp-block-image\"><img loading=\"lazy\" decoding=\"async\" width=\"667\" height=\"1000\" src=\"http:\/\/karin.stampis.com\/blog\/wp-content\/uploads\/2019\/05\/DSC08540.jpg\" alt=\"\" class=\"wp-image-24938\" srcset=\"http:\/\/karin.stampis.com\/blog\/wp-content\/uploads\/2019\/05\/DSC08540.jpg 667w, http:\/\/karin.stampis.com\/blog\/wp-content\/uploads\/2019\/05\/DSC08540-240x360.jpg 240w\" sizes=\"auto, (max-width: 667px) 100vw, 667px\" \/><figcaption>M\u00e5nga tulpaner var fortfarande fina.<\/figcaption><\/figure>\n\n\n\n<figure class=\"wp-block-image\"><img loading=\"lazy\" decoding=\"async\" width=\"1000\" height=\"667\" src=\"http:\/\/karin.stampis.com\/blog\/wp-content\/uploads\/2019\/05\/DSC08543.jpg\" alt=\"\" class=\"wp-image-24935\" srcset=\"http:\/\/karin.stampis.com\/blog\/wp-content\/uploads\/2019\/05\/DSC08543.jpg 1000w, http:\/\/karin.stampis.com\/blog\/wp-content\/uploads\/2019\/05\/DSC08543-360x240.jpg 360w, http:\/\/karin.stampis.com\/blog\/wp-content\/uploads\/2019\/05\/DSC08543-768x512.jpg 768w\" sizes=\"auto, (max-width: 1000px) 100vw, 1000px\" \/><figcaption>Viktor upplevde dock en besvikelse. <br>Lekplatsen var st\u00e4ngd d\u00e5 de hade planterat runt den.<\/figcaption><\/figure>\n\n\n\n<figure class=\"wp-block-image\"><img loading=\"lazy\" decoding=\"async\" width=\"563\" height=\"1000\" src=\"http:\/\/karin.stampis.com\/blog\/wp-content\/uploads\/2019\/05\/DSC_0131.jpg\" alt=\"\" class=\"wp-image-24936\" srcset=\"http:\/\/karin.stampis.com\/blog\/wp-content\/uploads\/2019\/05\/DSC_0131.jpg 563w, http:\/\/karin.stampis.com\/blog\/wp-content\/uploads\/2019\/05\/DSC_0131-203x360.jpg 203w\" sizes=\"auto, (max-width: 563px) 100vw, 563px\" \/><figcaption>Vi fick skapa v\u00e5r egen lekplats ist\u00e4llet. <br>Han gick uppf\u00f6r dessa trappsteg, sprang inne i grenverk p\u00e5 tr\u00e4d och sprang p\u00e5 stigar.<\/figcaption><\/figure>\n\n\n\n<figure class=\"wp-block-image\"><img loading=\"lazy\" decoding=\"async\" width=\"1000\" height=\"667\" src=\"http:\/\/karin.stampis.com\/blog\/wp-content\/uploads\/2019\/05\/DSC08544.jpg\" alt=\"\" class=\"wp-image-24934\" srcset=\"http:\/\/karin.stampis.com\/blog\/wp-content\/uploads\/2019\/05\/DSC08544.jpg 1000w, http:\/\/karin.stampis.com\/blog\/wp-content\/uploads\/2019\/05\/DSC08544-360x240.jpg 360w, http:\/\/karin.stampis.com\/blog\/wp-content\/uploads\/2019\/05\/DSC08544-768x512.jpg 768w\" sizes=\"auto, (max-width: 1000px) 100vw, 1000px\" \/><figcaption>P\u00e4ronen tar igen sig i v\u00e5rsolen.<\/figcaption><\/figure>\n","protected":false},"excerpt":{"rendered":"<p>F\u00f6rrf\u00f6rra helgen s\u00e5 var Viktor och jag sj\u00e4lva hos p\u00e4ronen. Det var f\u00f6rsta g\u00e5ngen som Viktor \u00e5kte t\u00e5g. Det gick finfint! P\u00e5 l\u00f6rdagen skulle vi till Norrvikens tr\u00e4dg\u00e5rdar, men det var ett event d\u00e4r och mycket med folk. Efter att &hellip; <a href=\"http:\/\/karin.stampis.com\/blog\/?p=24931\">Continue reading <span class=\"meta-nav\">&rarr;<\/span><\/a><\/p>\n","protected":false},"author":1,"featured_media":0,"comment_status":"open","ping_status":"open","sticky":false,"template":"","format":"standard","meta":{"footnotes":""},"categories":[454,459,410],"tags":[],"class_list":["post-24931","post","type-post","status-publish","format-standard","hentry","category-454","category-maj-2019","category-viktor"],"_links":{"self":[{"href":"http:\/\/karin.stampis.com\/blog\/index.php?rest_route=\/wp\/v2\/posts\/24931","targetHints":{"allow":["GET"]}}],"collection":[{"href":"http:\/\/karin.stampis.com\/blog\/index.php?rest_route=\/wp\/v2\/posts"}],"about":[{"href":"http:\/\/karin.stampis.com\/blog\/index.php?rest_route=\/wp\/v2\/types\/post"}],"author":[{"embeddable":true,"href":"http:\/\/karin.stampis.com\/blog\/index.php?rest_route=\/wp\/v2\/users\/1"}],"replies":[{"embeddable":true,"href":"http:\/\/karin.stampis.com\/blog\/index.php?rest_route=%2Fwp%2Fv2%2Fcomments&post=24931"}],"version-history":[{"count":3,"href":"http:\/\/karin.stampis.com\/blog\/index.php?rest_route=\/wp\/v2\/posts\/24931\/revisions"}],"predecessor-version":[{"id":24948,"href":"http:\/\/karin.stampis.com\/blog\/index.php?rest_route=\/wp\/v2\/posts\/24931\/revisions\/24948"}],"wp:attachment":[{"href":"http:\/\/karin.stampis.com\/blog\/index.php?rest_route=%2Fwp%2Fv2%2Fmedia&parent=24931"}],"wp:term":[{"taxonomy":"category","embeddable":true,"href":"http:\/\/karin.stampis.com\/blog\/index.php?rest_route=%2Fwp%2Fv2%2Fcategories&post=24931"},{"taxonomy":"post_tag","embeddable":true,"href":"http:\/\/karin.stampis.com\/blog\/index.php?rest_route=%2Fwp%2Fv2%2Ftags&post=24931"}],"curies":[{"name":"wp","href":"https:\/\/api.w.org\/{rel}","templated":true}]}}