{"id":24954,"date":"2019-05-24T14:37:22","date_gmt":"2019-05-24T13:37:22","guid":{"rendered":"http:\/\/karin.stampis.com\/blog\/?p=24954"},"modified":"2019-05-24T14:37:22","modified_gmt":"2019-05-24T13:37:22","slug":"nu-ar-det-klippt","status":"publish","type":"post","link":"http:\/\/karin.stampis.com\/blog\/?p=24954","title":{"rendered":"Nu \u00e4r det klippt&#8230;"},"content":{"rendered":"\n<p>F\u00f6r ett tag sen s\u00e5 klippte killarna sig, vilket verkligen var p\u00e5 tiden (speciellt f\u00f6r Viktor). De var j\u00e4tteduktiga, och ville g\u00e4rna klippa sig snart igen (de fick godis av fris\u00f6ren \ud83d\ude09 ). De ser ut som sm\u00e5-ligister med s\u00e5 kort h\u00e5r \ud83d\ude09 .<\/p>\n\n\n\n<figure class=\"wp-block-image\"><img loading=\"lazy\" decoding=\"async\" width=\"563\" height=\"1000\" src=\"http:\/\/karin.stampis.com\/blog\/wp-content\/uploads\/2019\/05\/COLOR_POP.jpg\" alt=\"\" class=\"wp-image-24955\" srcset=\"http:\/\/karin.stampis.com\/blog\/wp-content\/uploads\/2019\/05\/COLOR_POP.jpg 563w, http:\/\/karin.stampis.com\/blog\/wp-content\/uploads\/2019\/05\/COLOR_POP-203x360.jpg 203w\" sizes=\"auto, (max-width: 563px) 100vw, 563px\" \/><figcaption>Viktor hoppar upp och ner i f\u00f6rv\u00e4ntan att f\u00e5 mer av godiset efter att vi kommit hem.<\/figcaption><\/figure>\n\n\n\n<figure class=\"wp-block-image\"><img loading=\"lazy\" decoding=\"async\" width=\"1000\" height=\"563\" src=\"http:\/\/karin.stampis.com\/blog\/wp-content\/uploads\/2019\/05\/DSC_0176.jpg\" alt=\"\" class=\"wp-image-24956\" srcset=\"http:\/\/karin.stampis.com\/blog\/wp-content\/uploads\/2019\/05\/DSC_0176.jpg 1000w, http:\/\/karin.stampis.com\/blog\/wp-content\/uploads\/2019\/05\/DSC_0176-360x203.jpg 360w, http:\/\/karin.stampis.com\/blog\/wp-content\/uploads\/2019\/05\/DSC_0176-768x432.jpg 768w\" sizes=\"auto, (max-width: 1000px) 100vw, 1000px\" \/><figcaption>Nyklippt Alfred p\u00e5v\u00e4g att sl\u00e5 p\u00e5 en Pinata p\u00e5 Isaks f\u00f6delsedagsfest.<\/figcaption><\/figure>\n","protected":false},"excerpt":{"rendered":"<p>F\u00f6r ett tag sen s\u00e5 klippte killarna sig, vilket verkligen var p\u00e5 tiden (speciellt f\u00f6r Viktor). De var j\u00e4tteduktiga, och ville g\u00e4rna klippa sig snart igen (de fick godis av fris\u00f6ren \ud83d\ude09 ). De ser ut som sm\u00e5-ligister med s\u00e5 &hellip; <a href=\"http:\/\/karin.stampis.com\/blog\/?p=24954\">Continue reading <span class=\"meta-nav\">&rarr;<\/span><\/a><\/p>\n","protected":false},"author":1,"featured_media":0,"comment_status":"open","ping_status":"open","sticky":false,"template":"","format":"standard","meta":{"footnotes":""},"categories":[454,322,459,410],"tags":[],"class_list":["post-24954","post","type-post","status-publish","format-standard","hentry","category-454","category-alfred","category-maj-2019","category-viktor"],"_links":{"self":[{"href":"http:\/\/karin.stampis.com\/blog\/index.php?rest_route=\/wp\/v2\/posts\/24954","targetHints":{"allow":["GET"]}}],"collection":[{"href":"http:\/\/karin.stampis.com\/blog\/index.php?rest_route=\/wp\/v2\/posts"}],"about":[{"href":"http:\/\/karin.stampis.com\/blog\/index.php?rest_route=\/wp\/v2\/types\/post"}],"author":[{"embeddable":true,"href":"http:\/\/karin.stampis.com\/blog\/index.php?rest_route=\/wp\/v2\/users\/1"}],"replies":[{"embeddable":true,"href":"http:\/\/karin.stampis.com\/blog\/index.php?rest_route=%2Fwp%2Fv2%2Fcomments&post=24954"}],"version-history":[{"count":3,"href":"http:\/\/karin.stampis.com\/blog\/index.php?rest_route=\/wp\/v2\/posts\/24954\/revisions"}],"predecessor-version":[{"id":24959,"href":"http:\/\/karin.stampis.com\/blog\/index.php?rest_route=\/wp\/v2\/posts\/24954\/revisions\/24959"}],"wp:attachment":[{"href":"http:\/\/karin.stampis.com\/blog\/index.php?rest_route=%2Fwp%2Fv2%2Fmedia&parent=24954"}],"wp:term":[{"taxonomy":"category","embeddable":true,"href":"http:\/\/karin.stampis.com\/blog\/index.php?rest_route=%2Fwp%2Fv2%2Fcategories&post=24954"},{"taxonomy":"post_tag","embeddable":true,"href":"http:\/\/karin.stampis.com\/blog\/index.php?rest_route=%2Fwp%2Fv2%2Ftags&post=24954"}],"curies":[{"name":"wp","href":"https:\/\/api.w.org\/{rel}","templated":true}]}}